{"id":70668,"date":"2023-02-23T10:55:34","date_gmt":"2023-02-23T09:55:34","guid":{"rendered":"https:\/\/www.fedaiisf.it\/?p=70668"},"modified":"2023-02-23T19:05:58","modified_gmt":"2023-02-23T18:05:58","slug":"assemblea-annuale-della-sezione-aiisf-di-bologna-e-avvio-della-campagna-di-iscrizioni","status":"publish","type":"post","link":"https:\/\/www.fedaiisf.it\/en\/assemblea-annuale-della-sezione-aiisf-di-bologna-e-avvio-della-campagna-di-iscrizioni\/","title":{"rendered":"Annual meeting of the AIISF Section of Bologna and start of the 2023 enrollment campaign"},"content":{"rendered":"<p>Martedi 21 febbraio si \u00e8 tenuta al Circolo \u201cIl Casalone\u201d l\u2019assemblea annuale della <strong>Sezione Provinciale AIISF di Bologna<\/strong> che segna anche l\u2019avvio della campagna di iscrizione per l\u2019anno 2023.<br \/>\nI sorrisi di soddisfazione si sono sprecati, la sala era piena, numerosi i colleghi in piedi. La campagna di iscrizioni ha avuto un avvio brillante e proseguir\u00e0 probabilmente online.<br \/>\nComplimenti a tutti coloro che si sono prodigati.<\/p>\n<p>Da una sezione grande si punta a diventare una grande<a href=\"https:\/\/www.fedaiisf.it\/wp-content\/uploads\/2023\/02\/BO-20230221-WA0001-2.jpg\"><img loading=\"lazy\" decoding=\"async\" class=\"wp-image-70673 alignright\" src=\"https:\/\/www.fedaiisf.it\/wp-content\/uploads\/2023\/02\/BO-20230221-WA0001-2-297x300.jpg\" alt=\"\" width=\"329\" height=\"332\" srcset=\"https:\/\/www.fedaiisf.it\/wp-content\/uploads\/2023\/02\/BO-20230221-WA0001-2-297x300.jpg 297w, https:\/\/www.fedaiisf.it\/wp-content\/uploads\/2023\/02\/BO-20230221-WA0001-2-1014x1024.jpg 1014w, https:\/\/www.fedaiisf.it\/wp-content\/uploads\/2023\/02\/BO-20230221-WA0001-2-150x150.jpg 150w, https:\/\/www.fedaiisf.it\/wp-content\/uploads\/2023\/02\/BO-20230221-WA0001-2-768x776.jpg 768w, https:\/\/www.fedaiisf.it\/wp-content\/uploads\/2023\/02\/BO-20230221-WA0001-2.jpg 1294w\" sizes=\"auto, (max-width: 329px) 100vw, 329px\" \/><\/a> sezione. Possiamo sintetizzare cosi le parole del <strong>Presidente Alberto Bonomo<\/strong> il quale ha aperto la serata con la sua relazione. L\u2019intenzione \u00e8 quella di dedicare i prossimi mesi ad attivit\u00e0 qualificanti che consentano sia all\u2019Associazione che al singolo iscritto di accreditarsi maggiormente.<br \/>\nE\u2019 partita l\u2019iscrizione ai <strong>corsi BLS<\/strong> di primo soccorso (Supporto di Base delle funzioni vitali) che saranno condotti da un ente prestigioso come AHA (american heart association) al momento con due date da 12-18 partecipanti ciascuna.<\/p>\n<p>The <strong>difficolt\u00e0 di accesso agli ambulatori<\/strong> non sono mai mancate nella provincia di Bologna ma dopo il Covid il problema si \u00e8 acuito ulteriormente, come accade ovunque in Italia, e urgono sia misure nazionali che locali: nei prossimi giorni si terr\u00e0 un incontro con l\u2019Assessore al Welfare e Salute del Comune di Bologna con il quale si vorrebbe rendere visibile il nostro ruolo di professionisti della salute.<\/p>\n<p>Si sta organizzando inoltre una <strong>campagna di sensibilizzazione<\/strong> molto capillare sulla Informazione Scientifica presso la classe medica e disponendo gli strumenti di comunicazione pi\u00f9 idonei. E\u2019 in programma un incontro con l\u2019Ordine dei Medici provinciale per chiedere di riconoscere alla nostra figura professionale l\u2019importanza che merita e di consentirci di assolvere gli obblighi di legge.<br \/>\nI casi recenti di<strong> perdita di posti di lavoro<\/strong> sono l\u2019ennesima prova del progressivo smantellamento della nostra professione che viene operato nella indifferenza sia di AIFA che del legislatore.<br \/>\nMa se vogliamo contrastare <strong>la cattiva fama<\/strong> che a volte ci precede, dovremmo riconoscere che qualche volta ne siamo noi stessi la causa, e quindi va affermata la correttezza dei comportamenti sia verso gli interlocutori che verso gli stessi colleghi divenendo capaci di censurare gli atteggiamenti sbagliati.<\/p>\n<p>E&#8217; aperta inoltre una sottoscrizione volontaria per le<strong> popolazioni terremotate della Turchia e Siria.<\/strong> Versamento alla sezione AIISF provinciale e da questa a Fedaiisf Nazionale che aggiunger\u00e0 una ulteriore quota destinata all&#8217;Associazione di volontariato Time4Life che opera da anni sul territorio siriano.<\/p>\n<p>In conclusione si \u00e8 ribadito che l\u2019impegno di tante persone paga e pu\u00f2 renderci pi\u00f9 forti, ogni piccolo aiuto pu\u00f2 contare tanto.<\/p>","protected":false},"excerpt":{"rendered":"<p>Martedi 21 febbraio si \u00e8 tenuta al Circolo \u201cIl Casalone\u201d l\u2019assemblea annuale della Sezione Provinciale AIISF di Bologna che segna anche l\u2019avvio della campagna di iscrizione per l\u2019anno 2023. I sorrisi di soddisfazione si sono sprecati, la sala era piena, numerosi i colleghi in piedi. La campagna di iscrizioni ha avuto un avvio brillante e &hellip;<\/p>","protected":false},"author":1,"featured_media":70671,"comment_status":"closed","ping_status":"closed","sticky":false,"template":"","format":"standard","meta":{"footnotes":""},"categories":[14],"tags":[45,21],"class_list":["post-70668","post","type-post","status-publish","format-standard","has-post-thumbnail","hentry","category-news-fedaiisf","tag-fedaiisf","tag-informatori-scientifici"],"amp_enabled":true,"_links":{"self":[{"href":"https:\/\/www.fedaiisf.it\/en\/wp-json\/wp\/v2\/posts\/70668","targetHints":{"allow":["GET"]}}],"collection":[{"href":"https:\/\/www.fedaiisf.it\/en\/wp-json\/wp\/v2\/posts"}],"about":[{"href":"https:\/\/www.fedaiisf.it\/en\/wp-json\/wp\/v2\/types\/post"}],"author":[{"embeddable":true,"href":"https:\/\/www.fedaiisf.it\/en\/wp-json\/wp\/v2\/users\/1"}],"replies":[{"embeddable":true,"href":"https:\/\/www.fedaiisf.it\/en\/wp-json\/wp\/v2\/comments?post=70668"}],"version-history":[{"count":10,"href":"https:\/\/www.fedaiisf.it\/en\/wp-json\/wp\/v2\/posts\/70668\/revisions"}],"predecessor-version":[{"id":70683,"href":"https:\/\/www.fedaiisf.it\/en\/wp-json\/wp\/v2\/posts\/70668\/revisions\/70683"}],"wp:featuredmedia":[{"embeddable":true,"href":"https:\/\/www.fedaiisf.it\/en\/wp-json\/wp\/v2\/media\/70671"}],"wp:attachment":[{"href":"https:\/\/www.fedaiisf.it\/en\/wp-json\/wp\/v2\/media?parent=70668"}],"wp:term":[{"taxonomy":"category","embeddable":true,"href":"https:\/\/www.fedaiisf.it\/en\/wp-json\/wp\/v2\/categories?post=70668"},{"taxonomy":"post_tag","embeddable":true,"href":"https:\/\/www.fedaiisf.it\/en\/wp-json\/wp\/v2\/tags?post=70668"}],"curies":[{"name":"wp","href":"https:\/\/api.w.org\/{rel}","templated":true}]}}