{"id":70710,"date":"2023-02-24T18:37:18","date_gmt":"2023-02-24T17:37:18","guid":{"rendered":"https:\/\/www.fedaiisf.it\/?p=70710"},"modified":"2023-02-26T12:09:00","modified_gmt":"2023-02-26T11:09:00","slug":"licenziamenti-alfasigma-proclamati-8-ore-di-sciopero","status":"publish","type":"post","link":"https:\/\/www.fedaiisf.it\/en\/licenziamenti-alfasigma-proclamati-8-ore-di-sciopero\/","title":{"rendered":"AlfaSigma layoffs. Proclaimed 8 hours of strike"},"content":{"rendered":"<p style=\"text-align: justify;\"><img loading=\"lazy\" decoding=\"async\" class=\"size-full wp-image-43858 aligncenter\" src=\"https:\/\/www.fedaiisf.it\/wp-content\/uploads\/2019\/06\/Sindacati-logo-triplice.jpeg\" alt=\"\" width=\"757\" height=\"192\" srcset=\"https:\/\/www.fedaiisf.it\/wp-content\/uploads\/2019\/06\/Sindacati-logo-triplice.jpeg 757w, https:\/\/www.fedaiisf.it\/wp-content\/uploads\/2019\/06\/Sindacati-logo-triplice-300x76.jpeg 300w\" sizes=\"auto, (max-width: 757px) 100vw, 757px\" \/><span style=\"font-size: 14pt; color: #000000;\">\u201cL\u2019azienda farmaceutica AlfaSigma ha comunicato, il 20 febbraio scorso, un piano di riduzione sostanziale dell\u2019organico, in particolare nell\u2019informazione scientifica del farmaco e nelle attivit\u00e0 di staff attraverso l\u2019apertura della procedura di riduzione del personale (L.223\/91). <strong>333 licenziamenti<\/strong>, praticamente in ogni divisione della societ\u00e0. Una riorganizzazione che mina la sostenibilit\u00e0 e la funzionalit\u00e0 delle attivit\u00e0 se non con una concentrazione delle attivit\u00e0 che risultano difficili da sostenere\u201d. Spiegano le segretarie nazionali di Filctem Cgil, Femca Cisl, Uiltec Uil, in un comunicato quest\u2019oggi.<\/span><\/p>\n<p style=\"text-align: justify;\"><span style=\"font-size: 14pt; color: #000000;\">\u201cIl nostro compito \u00e8 andare a fondo di questa decisione. Dobbiamo invertirne la rotta che consideriamo irricevibile. Per questa ragione, dopo una prima interlocuzione da noi richiesta con urgenza e avvenuta oggi in Confindustria Emilia Centro alla presenza anche di Assolombarda, la nostra valutazione non \u00e8 mutata e con il coordinamento nazionale si \u00e8 deciso lo stato di agitazione del gruppo con blocco degli straordinari e la proclamazione di 8 ore di sciopero con le modalit\u00e0 che verranno decise in seguito\u201d. Conclude la nota sindacale.<\/span><\/p>\n<p><a href=\"https:\/\/www.filctemcgil.it\/images\/documenti\/chimico_farmaceutico\/prot._fulc._64_comunicato_ALFASIGMA_-_una_scelta_incomprensibile.pdf\" target=\"_blank\" rel=\"noopener\">Nota sindacale<\/a><br \/>\n<a href=\"https:\/\/www.filctemcgil.it\/images\/documenti\/chimico_farmaceutico\/230224_CS_Licenziamenti_Alfasigma_b.pdf\" target=\"_blank\" rel=\"noopener\">Press release<\/a><\/p>\n<p>Related news:\u00a0<a href=\"https:\/\/www.fedaiisf.it\/en\/alfasigma-dopo-lacquisto-di-sofar-licenzia-333-lavoratori-dei-quali-221-informatori\/\" target=\"_blank\" rel=\"noopener\">After the purchase of Sofar, Alfasigma fires 333 workers, 221 of whom are informants<\/a><\/p>\n<p style=\"font-weight: 400;\"><a href=\"https:\/\/www.uglfederazionechimici.it\/2023\/02\/25\/alfasigma\/\" target=\"_blank\" rel=\"noopener\">UGL Chimici. Comunicazione esito primo incontro sindacale di esame congiunto procedura di licenziamenti collettivi Alfasigma<\/a><\/p>\n<p>Nota: Le\u00a0otto ore di sciopero, probabilmente per il 6 marzo, quando verr\u00e0 organizzata anche una manifestazione a Bologna<\/p>","protected":false},"excerpt":{"rendered":"<p>\u201cL\u2019azienda farmaceutica AlfaSigma ha comunicato, il 20 febbraio scorso, un piano di riduzione sostanziale dell\u2019organico, in particolare nell\u2019informazione scientifica del farmaco e nelle attivit\u00e0 di staff attraverso l\u2019apertura della procedura di riduzione del personale (L.223\/91). 333 licenziamenti, praticamente in ogni divisione della societ\u00e0. Una riorganizzazione che mina la sostenibilit\u00e0 e la funzionalit\u00e0 delle attivit\u00e0 se &hellip;<\/p>","protected":false},"author":4,"featured_media":70714,"comment_status":"closed","ping_status":"closed","sticky":false,"template":"","format":"standard","meta":{"footnotes":""},"categories":[1],"tags":[27,44],"class_list":["post-70710","post","type-post","status-publish","format-standard","has-post-thumbnail","hentry","category-notizie","tag-licenziati","tag-sindacati"],"amp_enabled":true,"_links":{"self":[{"href":"https:\/\/www.fedaiisf.it\/en\/wp-json\/wp\/v2\/posts\/70710","targetHints":{"allow":["GET"]}}],"collection":[{"href":"https:\/\/www.fedaiisf.it\/en\/wp-json\/wp\/v2\/posts"}],"about":[{"href":"https:\/\/www.fedaiisf.it\/en\/wp-json\/wp\/v2\/types\/post"}],"author":[{"embeddable":true,"href":"https:\/\/www.fedaiisf.it\/en\/wp-json\/wp\/v2\/users\/4"}],"replies":[{"embeddable":true,"href":"https:\/\/www.fedaiisf.it\/en\/wp-json\/wp\/v2\/comments?post=70710"}],"version-history":[{"count":7,"href":"https:\/\/www.fedaiisf.it\/en\/wp-json\/wp\/v2\/posts\/70710\/revisions"}],"predecessor-version":[{"id":70729,"href":"https:\/\/www.fedaiisf.it\/en\/wp-json\/wp\/v2\/posts\/70710\/revisions\/70729"}],"wp:featuredmedia":[{"embeddable":true,"href":"https:\/\/www.fedaiisf.it\/en\/wp-json\/wp\/v2\/media\/70714"}],"wp:attachment":[{"href":"https:\/\/www.fedaiisf.it\/en\/wp-json\/wp\/v2\/media?parent=70710"}],"wp:term":[{"taxonomy":"category","embeddable":true,"href":"https:\/\/www.fedaiisf.it\/en\/wp-json\/wp\/v2\/categories?post=70710"},{"taxonomy":"post_tag","embeddable":true,"href":"https:\/\/www.fedaiisf.it\/en\/wp-json\/wp\/v2\/tags?post=70710"}],"curies":[{"name":"wp","href":"https:\/\/api.w.org\/{rel}","templated":true}]}}