{"id":70802,"date":"2023-03-06T12:13:32","date_gmt":"2023-03-06T11:13:32","guid":{"rendered":"https:\/\/www.fedaiisf.it\/?p=70802"},"modified":"2023-03-06T12:13:32","modified_gmt":"2023-03-06T11:13:32","slug":"quattordicesimo-rapporto-aifa-sulla-sorveglianza-dei-vaccini-anti-covid-19","status":"publish","type":"post","link":"https:\/\/www.fedaiisf.it\/en\/quattordicesimo-rapporto-aifa-sulla-sorveglianza-dei-vaccini-anti-covid-19\/","title":{"rendered":"Fourteenth AIFA Report on the surveillance of anti-COVID-19 vaccines"},"content":{"rendered":"<p>L\u2019Agenzia Italiana del Farmaco ha pubblicato il quattordicesimo Rapporto sulla sorveglianza dei vaccini <img loading=\"lazy\" decoding=\"async\" class=\"wp-image-70803 alignright\" src=\"https:\/\/www.fedaiisf.it\/wp-content\/uploads\/2023\/03\/Decessi-peer-vaccino.png\" alt=\"\" width=\"452\" height=\"153\" srcset=\"https:\/\/www.fedaiisf.it\/wp-content\/uploads\/2023\/03\/Decessi-peer-vaccino.png 750w, https:\/\/www.fedaiisf.it\/wp-content\/uploads\/2023\/03\/Decessi-peer-vaccino-300x102.png 300w\" sizes=\"auto, (max-width: 452px) 100vw, 452px\" \/>anti-COVID-19. I dati raccolti e analizzati riguardano le segnalazioni di sospetta reazione avversa registrate nella Rete Nazionale di Farmacovigilanza (RNF) nei due anni di campagna vaccinale, dal 27 dicembre 2020 al 26 dicembre 2022, per i cinque vaccini in uso.<\/p>\n<p>They were received during the period in question <strong>140.595 segnalazioni<\/strong> out of a total of <strong>144.354.770 di dosi<\/strong> administered (reporting rate of <strong>97 ogni 100.000 dosi<\/strong>), of which the<strong>81,3%<\/strong> <strong>(n. 114.290) riferite a eventi non gravi<\/strong>such as injection site pain, fever, asthenia\/fatigue, muscle aches.<\/p>\n<p>The <strong>segnalazioni gravi<\/strong> corrispondono al <strong>18,7% del totale (n. 26.305)<\/strong>, with a rate of <strong>18 serious events every 100,000 doses<\/strong> administered.<\/p>\n<p>Nei due anni di campagna vaccinale Comirnaty \u00e8 stato il vaccino pi\u00f9 utilizzato in Italia (66,7%), seguito da Spikevax (23,8%), Vaxzevria (8,4%), Jcovden (1,1%) e Nuvaxovid (0,03%). Le segnalazioni per tipologia di vaccino sono invece cos\u00ec distribuite: Comirnaty 66,2%, Vaxzevria 17,3%, Spikevax 15,1%, Jcovden 1,3%, Nuvaxovid 0,1%.<\/p>\n<p><img loading=\"lazy\" decoding=\"async\" class=\"wp-image-70804 alignleft\" src=\"https:\/\/www.fedaiisf.it\/wp-content\/uploads\/2023\/03\/didtribuzione-gravita-vaccinio.png\" alt=\"\" width=\"352\" height=\"309\" srcset=\"https:\/\/www.fedaiisf.it\/wp-content\/uploads\/2023\/03\/didtribuzione-gravita-vaccinio.png 518w, https:\/\/www.fedaiisf.it\/wp-content\/uploads\/2023\/03\/didtribuzione-gravita-vaccinio-300x264.png 300w\" sizes=\"auto, (max-width: 352px) 100vw, 352px\" \/>Per tutti i vaccini gli eventi avversi pi\u00f9 segnalati, perlopi\u00f9 non gravi e gi\u00e0 risolti al momento della segnalazione, sono febbre, stanchezza, cefalea, dolori muscolari\/articolari, dolore in sede di iniezione, brividi e nausea, senza differenze significative fra i due sessi. Alla vaccinovigilanza di genere e all\u2019analisi per sesso delle segnalazioni di sospette reazioni avverse da vaccino anti-COVID-19 \u00e8 dedicato un approfondimento.<\/p>\n<p>Non si osservano variazioni significative nell\u2019andamento delle segnalazioni relative alla fascia pediatrica (5-16 anni).<\/p>\n<p>In considerazione dell\u2019andamento sostanzialmente stabile delle segnalazioni e in linea con l\u2019approccio delle varie Agenzie regolatorie a livello europeo, d\u2019ora in poi i dati sulle segnalazioni di sospette reazioni avverse ai vaccini anti-COVID-19 confluiranno nel Rapporto sulla sorveglianza post-marketing di tutti i vaccini, pubblicato annualmente dall\u2019AIFA.<\/p>\n<p><a href=\"https:\/\/www.aifa.gov.it\/-\/quattordicesimo-rapporto-aifa-sulla-sorveglianza-dei-vaccini-anti-covid-19\" target=\"_blank\" rel=\"noopener\"><small>AIFA &#8211; Pubblicato il: 02 marzo 2023<\/small><\/a><\/p>\n<p><a href=\"https:\/\/www.aifa.gov.it\/documents\/20142\/1315190\/Rapporto_sorveglianza_vaccini_COVID-19_14.pdf\" target=\"_blank\" rel=\"noopener\">AIFA &#8211; Rapporto sulla Sorveglianza dei vaccini anti-COVID-19<\/a><\/p>","protected":false},"excerpt":{"rendered":"<p>L\u2019Agenzia Italiana del Farmaco ha pubblicato il quattordicesimo Rapporto sulla sorveglianza dei vaccini anti-COVID-19. I dati raccolti e analizzati riguardano le segnalazioni di sospetta reazione avversa registrate nella Rete Nazionale di Farmacovigilanza (RNF) nei due anni di campagna vaccinale, dal 27 dicembre 2020 al 26 dicembre 2022, per i cinque vaccini in uso. Nel periodo &hellip;<\/p>","protected":false},"author":4,"featured_media":70805,"comment_status":"closed","ping_status":"closed","sticky":false,"template":"","format":"standard","meta":{"footnotes":""},"categories":[1],"tags":[49,39],"class_list":["post-70802","post","type-post","status-publish","format-standard","has-post-thumbnail","hentry","category-notizie","tag-aifa","tag-vaccini"],"amp_enabled":true,"_links":{"self":[{"href":"https:\/\/www.fedaiisf.it\/en\/wp-json\/wp\/v2\/posts\/70802","targetHints":{"allow":["GET"]}}],"collection":[{"href":"https:\/\/www.fedaiisf.it\/en\/wp-json\/wp\/v2\/posts"}],"about":[{"href":"https:\/\/www.fedaiisf.it\/en\/wp-json\/wp\/v2\/types\/post"}],"author":[{"embeddable":true,"href":"https:\/\/www.fedaiisf.it\/en\/wp-json\/wp\/v2\/users\/4"}],"replies":[{"embeddable":true,"href":"https:\/\/www.fedaiisf.it\/en\/wp-json\/wp\/v2\/comments?post=70802"}],"version-history":[{"count":1,"href":"https:\/\/www.fedaiisf.it\/en\/wp-json\/wp\/v2\/posts\/70802\/revisions"}],"predecessor-version":[{"id":70806,"href":"https:\/\/www.fedaiisf.it\/en\/wp-json\/wp\/v2\/posts\/70802\/revisions\/70806"}],"wp:featuredmedia":[{"embeddable":true,"href":"https:\/\/www.fedaiisf.it\/en\/wp-json\/wp\/v2\/media\/70805"}],"wp:attachment":[{"href":"https:\/\/www.fedaiisf.it\/en\/wp-json\/wp\/v2\/media?parent=70802"}],"wp:term":[{"taxonomy":"category","embeddable":true,"href":"https:\/\/www.fedaiisf.it\/en\/wp-json\/wp\/v2\/categories?post=70802"},{"taxonomy":"post_tag","embeddable":true,"href":"https:\/\/www.fedaiisf.it\/en\/wp-json\/wp\/v2\/tags?post=70802"}],"curies":[{"name":"wp","href":"https:\/\/api.w.org\/{rel}","templated":true}]}}