{"id":70814,"date":"2023-03-07T18:08:08","date_gmt":"2023-03-07T17:08:08","guid":{"rendered":"https:\/\/www.fedaiisf.it\/?p=70814"},"modified":"2023-03-09T19:25:18","modified_gmt":"2023-03-09T18:25:18","slug":"i-lavoratori-di-alfasigma-in-sciopero-contro-i-licenziamenti","status":"publish","type":"post","link":"https:\/\/www.fedaiisf.it\/en\/i-lavoratori-di-alfasigma-in-sciopero-contro-i-licenziamenti\/","title":{"rendered":"Alfasigma workers on strike against layoffs"},"content":{"rendered":"<p>Molto riuscito lo sciopero di 4 ore indetto per il 6 marzo dalle organizzazioni sindacali di categoria Filctem CGIL, Femca CISL, Uiltec UIL. Ha registrato altissime percentuali di adesione e presidi davanti a tutti i siti del gruppo per protestare contro la scelta della Direzione di Alfasigma notificata il 20 febbraio scorso con la quale si apre un piano di riduzione del personale L. 223\/91\u00a0 per 333 dipendenti sul territorio italiano.<a href=\"https:\/\/www.fedaiisf.it\/wp-content\/uploads\/2023\/03\/sciopero-alfasigma-3.png\"><img loading=\"lazy\" decoding=\"async\" class=\"wp-image-70821 alignleft\" src=\"https:\/\/www.fedaiisf.it\/wp-content\/uploads\/2023\/03\/sciopero-alfasigma-3-300x215.png\" alt=\"\" width=\"345\" height=\"247\" srcset=\"https:\/\/www.fedaiisf.it\/wp-content\/uploads\/2023\/03\/sciopero-alfasigma-3-300x215.png 300w, https:\/\/www.fedaiisf.it\/wp-content\/uploads\/2023\/03\/sciopero-alfasigma-3.png 518w\" sizes=\"auto, (max-width: 345px) 100vw, 345px\" \/><\/a><\/p>\n<p>Si giudica questa scelta sbagliata e incomprensibile &#8211; nel comunicato delle OOSS &#8211; e si chiede di rivederla in toto.<\/p>\n<p>A Bologna davanti alla storica sede di via Ragazzi del &#8217;99 erano tantissimi gli Informatori Scientifici fortemente colpiti dalla scelta aziendale. Su 333 esuberi annunciati dall&#8217;azienda ben 221 sono gli informatori e molti gli addetti di sede a supporto della rete esterna.<\/p>\n<p>Questo dato colpisce particolarmente perch\u00e8 221 Informatori costituiscono quasi la met\u00e0 della intera rete esterna e le motivazioni addotte dall&#8217;azienda circa la scadenza di alcuni brevetti (cosa ampiamente prevista) e la necessit\u00e0 di un adeguamento degli skills e professionalit\u00e0 della rete (non mancano soluzioni alternative al licenziamento) non bastano certo a rendere pi\u00f9 accettabile la strada scelta dal management.<\/p>\n<p><a href=\"https:\/\/www.fedaiisf.it\/wp-content\/uploads\/2023\/03\/Sciopero-alfasigma-2.png\"><img loading=\"lazy\" decoding=\"async\" class=\"size-medium wp-image-70819 alignright\" src=\"https:\/\/www.fedaiisf.it\/wp-content\/uploads\/2023\/03\/Sciopero-alfasigma-2-191x300.png\" alt=\"\" width=\"191\" height=\"300\" srcset=\"https:\/\/www.fedaiisf.it\/wp-content\/uploads\/2023\/03\/Sciopero-alfasigma-2-191x300.png 191w, https:\/\/www.fedaiisf.it\/wp-content\/uploads\/2023\/03\/Sciopero-alfasigma-2.png 518w\" sizes=\"auto, (max-width: 191px) 100vw, 191px\" \/><\/a>Alfasigma \u00e8 una delle pi\u00f9 importanti aziende farmaceutiche a capitale italiano con un fatturato consolidato nel 2021 di oltre un miliardo di euro, tre stabilimenti di produzione in Italia e due all&#8217;estero, centri di ricerca a Bologna e Pomezia per un totale di circa 3.000 lavoratori.<\/p>\n<p>L&#8217;acquisizione di Sofar della estate scorsa ha portato pi\u00f9 di 300 dipendenti e 113 milioni di fatturato ma la sbandierata complementarit\u00e0 delle parti sembra dimenticata nelle note aziendali che parlano di sovrapposizioni.<\/p>\n<p>Sembra quindi legittimo il dubbio sulla reale intenzione che si nascondeva dietro questa operazione industriale ben poco filantropica&#8230;<\/p>\n<p><a href=\"https:\/\/www.filctemcgil.it\/index.php\/notiziario\/news\/i-lavoratori-dell-alfasigma-in-sciopero-contro-i-licenziamenti\" target=\"_blank\" rel=\"noopener\">Nota Filctem<\/a>:<\/p>\n<p><em>&#8220;Riuscitissimo, in Alfasigma, lo sciopero nazionale indetto dai sindacati di categoria Filctem Cgil, Femca Cisl, Uiltec Uil contro i 333 licenziamenti dichiarati dall\u2019azienda\u201d: ha detto dal presidio A<strong>ldo Zago<\/strong> della Filctem Cgil nazionale.<\/em><\/p>\n<p><em>\u201cIn tutti i siti del gruppo si sono registrate altissime adesioni per sostenere le richieste delle organizzazioni sindacali affinch\u00e9 l\u2019azienda riveda, in tempi brevi, questa scelta giudicata sbagliata e incomprensibile\u201d: ha concluso.<\/em><\/p>\n<p>&#8212;&#8212;&#8212;&#8212;&#8212;&#8212;&#8212;&#8212;&#8212;&#8212;&#8212;&#8212;&#8212;&#8212;&#8212;&#8212;&#8212;&#8212;&#8212;&#8212;&#8212;<\/p>\n<p>Related articles:<\/p>\n<p><a href=\"https:\/\/www.filctemcgil.it\/index.php\/notiziario\/news\/i-lavoratori-dell-alfasigma-in-sciopero-contro-i-licenziamenti\" target=\"_blank\" rel=\"noopener\">Comunicato Filctem CGIL 6 marzo\u00a0<\/a><\/p>\n<p><a href=\"http:\/\/www.quotidianosanita.it\/scienza-e-farmaci\/articolo.php?approfondimento_id=17870\" target=\"_blank\" rel=\"noopener\">Quotidiano Sanit\u00e0 &#8211; Toraldo (Alfasigma): Investire in Digital Litteracy 7 marzo<\/a><\/p>\n<p>&nbsp;<\/p>\n<p>&nbsp;<\/p>\n<p>&nbsp;<\/p>","protected":false},"excerpt":{"rendered":"<p>Molto riuscito lo sciopero di 4 ore indetto per il 6 marzo dalle organizzazioni sindacali di categoria Filctem CGIL, Femca CISL, Uiltec UIL. Ha registrato altissime percentuali di adesione e presidi davanti a tutti i siti del gruppo per protestare contro la scelta della Direzione di Alfasigma notificata il 20 febbraio scorso con la quale &hellip;<\/p>","protected":false},"author":1,"featured_media":70820,"comment_status":"closed","ping_status":"closed","sticky":false,"template":"","format":"standard","meta":{"footnotes":""},"categories":[1],"tags":[53,21,27,44],"class_list":["post-70814","post","type-post","status-publish","format-standard","has-post-thumbnail","hentry","category-notizie","tag-fusioniacquisizioni","tag-informatori-scientifici","tag-licenziati","tag-sindacati"],"amp_enabled":true,"_links":{"self":[{"href":"https:\/\/www.fedaiisf.it\/en\/wp-json\/wp\/v2\/posts\/70814","targetHints":{"allow":["GET"]}}],"collection":[{"href":"https:\/\/www.fedaiisf.it\/en\/wp-json\/wp\/v2\/posts"}],"about":[{"href":"https:\/\/www.fedaiisf.it\/en\/wp-json\/wp\/v2\/types\/post"}],"author":[{"embeddable":true,"href":"https:\/\/www.fedaiisf.it\/en\/wp-json\/wp\/v2\/users\/1"}],"replies":[{"embeddable":true,"href":"https:\/\/www.fedaiisf.it\/en\/wp-json\/wp\/v2\/comments?post=70814"}],"version-history":[{"count":11,"href":"https:\/\/www.fedaiisf.it\/en\/wp-json\/wp\/v2\/posts\/70814\/revisions"}],"predecessor-version":[{"id":70872,"href":"https:\/\/www.fedaiisf.it\/en\/wp-json\/wp\/v2\/posts\/70814\/revisions\/70872"}],"wp:featuredmedia":[{"embeddable":true,"href":"https:\/\/www.fedaiisf.it\/en\/wp-json\/wp\/v2\/media\/70820"}],"wp:attachment":[{"href":"https:\/\/www.fedaiisf.it\/en\/wp-json\/wp\/v2\/media?parent=70814"}],"wp:term":[{"taxonomy":"category","embeddable":true,"href":"https:\/\/www.fedaiisf.it\/en\/wp-json\/wp\/v2\/categories?post=70814"},{"taxonomy":"post_tag","embeddable":true,"href":"https:\/\/www.fedaiisf.it\/en\/wp-json\/wp\/v2\/tags?post=70814"}],"curies":[{"name":"wp","href":"https:\/\/api.w.org\/{rel}","templated":true}]}}