{"id":70999,"date":"2023-03-23T11:14:03","date_gmt":"2023-03-23T10:14:03","guid":{"rendered":"https:\/\/www.fedaiisf.it\/?p=70999"},"modified":"2023-03-26T11:56:44","modified_gmt":"2023-03-26T09:56:44","slug":"le-proposte-legislative-della-commissione-ue-danneggiano-gravemente-la-competitivita-dellindustria-farmaceutica-europea","status":"publish","type":"post","link":"https:\/\/www.fedaiisf.it\/en\/le-proposte-legislative-della-commissione-ue-danneggiano-gravemente-la-competitivita-dellindustria-farmaceutica-europea\/","title":{"rendered":"The EU Commission&#039;s legislative proposals seriously damage the competitiveness of the European pharmaceutical industry"},"content":{"rendered":"<div class=\"content__section\">\n<section class=\"article__section\">\n<div class=\" content__container article__container content__container--no-padding-m\">\n<div class=\"content-body\">\n<section class=\"section-title-band\">\n<div class=\"section-title-wrapper\">\n<p><strong><span style=\"font-size: 18pt;\">La strategia di competitivit\u00e0 a lungo termine dell&#8217;UE deve essere applicata alla legislazione farmaceutica dell&#8217;UE<\/span><\/strong><\/p>\n<\/div>\n<\/section>\n<\/div>\n<\/div>\n<\/section>\n<\/div>\n<p><a href=\"https:\/\/www.efpia.eu\/news-events\/the-efpia-view\/statements-press-releases\/eu-long-term-competitiveness-strategy-has-to-apply-to-the-eu-pharma-legislation\/\" target=\"_blank\" rel=\"noopener\">EFPIA &#8211; 21.03.2023<\/a><\/p>\n<div class=\"content__section\">\n<section class=\"article__section\">\n<div class=\" content__container article__container content__container--no-padding-m\">\n<div class=\"content-body\">\n<section class=\"section-title-band\">\n<div class=\"section-title-wrapper\">\n<p><img loading=\"lazy\" decoding=\"async\" class=\"size-full wp-image-65597 alignright\" src=\"https:\/\/www.fedaiisf.it\/wp-content\/uploads\/2022\/06\/nathalie-moll-efpia.jpeg\" alt=\"\" width=\"271\" height=\"271\" srcset=\"https:\/\/www.fedaiisf.it\/wp-content\/uploads\/2022\/06\/nathalie-moll-efpia.jpeg 271w, https:\/\/www.fedaiisf.it\/wp-content\/uploads\/2022\/06\/nathalie-moll-efpia-150x150.jpeg 150w\" sizes=\"auto, (max-width: 271px) 100vw, 271px\" \/>L&#8217;EFPIA invita la Commissione europea ad accelerare l&#8217;impegno della scorsa settimana per un controllo della <em>competitivit\u00e0, [che] includer\u00e0 una metodologia per valutare l&#8217;impatto cumulativo delle politiche[1] e fornire una valutazione completa dell&#8217;impatto della legislazione farmaceutica proposta<\/em> sulla competitivit\u00e0 europea .<\/p>\n<p>Parlando dell&#8217;appello, ha detto il direttore generale dell&#8217;EFPIA, <strong>Nathalie Moll<\/strong>. &#8220;Accogliamo con grande favore la comunicazione della scorsa settimana sulla competitivit\u00e0 a lungo termine dell&#8217;UE[2]. Per quanto riguarda la legislazione che plasmer\u00e0 la nostra salute, la scienza, l&#8217;occupazione e la crescita per i prossimi 20-30 anni, \u00e8 profondamente preoccupante che non sia stato ancora effettuato un controllo completo della competitivit\u00e0 per valutare il reale impatto che le proposte di legislazione farmaceutica avranno sull&#8217;accesso alle ultime trattamenti, posti di lavoro, investimenti in ricerca e sviluppo, universit\u00e0, produzione e crescita in tutta Europa\u201d.<\/p>\n<p>Ha continuato a dire. \u201cEsiste un motivo estremamente valido per seguire i principi delineati nella comunicazione della Commissione mentre apriamo la strada alla futura legislazione farmaceutica. La valutazione d&#8217;impatto sulla legislazione stima un risparmio di 662 milioni di euro per i contribuenti pubblici, con un costo di 640 milioni di euro per l&#8217;industria innovativa, mentre l&#8217;industria generica guadagna 88 milioni di euro. Tuttavia, non vi \u00e8 alcuna valutazione sul costo per l&#8217;Europa. La nuova modellizzazione dei dati di Charles Rivers Associates, basata sulla relazione Fattori che influenzano l&#8217;ubicazione degli investimenti biofarmaceutici e implicazioni per le priorit\u00e0 politiche europee, mostra che <strong>entro il 2030 le proposte della Commissione potrebbero dimezzare il numero di persone in ruoli di R&amp;S nel settore farmaceutico in Europa e perdere l&#8217;Europa intorno 15 miliardi di euro di investimenti aziendali in R&amp;S ogni anno<\/strong>[3].<\/p>\n<p>La signora Moll ha continuato a dire. &#8220;Considerando che l&#8217;industria sostiene 2,5 milioni di posti di lavoro in tutto il blocco, investe 42 miliardi di euro all&#8217;anno in R&amp;S europea e contribuisce alla bilancia commerciale dell&#8217;UE pi\u00f9 di qualsiasi altro settore, crediamo fermamente che sia nell&#8217;interesse dei cittadini europei, degli Stati membri e l&#8217;economia europea per garantire che venga condotta un&#8217;analisi completa dell&#8217;impatto che le proposte avranno sulla competitivit\u00e0 europea prima della pubblicazione della legislazione.&#8221;<\/p>\n<p><img loading=\"lazy\" decoding=\"async\" class=\"wp-image-71057 alignleft\" src=\"https:\/\/www.fedaiisf.it\/wp-content\/uploads\/2023\/03\/consiglio-europeo-capi-.webp\" alt=\"\" width=\"481\" height=\"175\" srcset=\"https:\/\/www.fedaiisf.it\/wp-content\/uploads\/2023\/03\/consiglio-europeo-capi-.webp 886w, https:\/\/www.fedaiisf.it\/wp-content\/uploads\/2023\/03\/consiglio-europeo-capi--300x109.webp 300w, https:\/\/www.fedaiisf.it\/wp-content\/uploads\/2023\/03\/consiglio-europeo-capi--768x279.webp 768w\" sizes=\"auto, (max-width: 481px) 100vw, 481px\" \/>I leader degli Stati membri hanno chiesto all&#8217;UE di agire con decisione per garantirsi la competitivit\u00e0, la prosperit\u00e0 e il ruolo a lungo termine sulla scena mondiale[4]. Tuttavia, negli ultimi mesi, abbiamo assistito a una serie di dichiarazioni degli amministratori delegati di alcune delle principali aziende europee, che hanno sottolineato le difficolt\u00e0 di innovare in Europa e la loro intenzione di concentrare la ricerca e lo sviluppo negli Stati Uniti e in Asia. Queste non sono reazioni istintive. Riflettono la crescente preoccupazione che .<\/p>\n<p>Ora \u00e8 il momento di decidere in che tipo di Europa vogliamo vivere: un hub globale per la ricerca, lo sviluppo e la produzione dei pi\u00f9 recenti vaccini e trattamenti o un consumatore che fa affidamento sulle innovazioni mediche di altre regioni. Come minimo, dobbiamo comprendere appieno l&#8217;impatto che avr\u00e0 questa legislazione proposta. \u00c8 semplicemente troppo importante andare avanti alla cieca senza comprendere appieno le conseguenze per l&#8217;Europa. Vorremmo invitare la Commissione a mantenere il suo impegno per la competitivit\u00e0 a lungo termine dell&#8217;UE e fornire un controllo completo della competitivit\u00e0 sulla revisione farmaceutica prima che venga pubblicato un atto legislativo cos\u00ec importante.<\/p>\n<\/div>\n<\/section>\n<\/div>\n<\/div>\n<\/section>\n<\/div>\n<p><a href=\"https:\/\/www.efpia.eu\/news-events\/the-efpia-view\/statements-press-releases\/eu-long-term-competitiveness-strategy-has-to-apply-to-the-eu-pharma-legislation\/\" target=\"_blank\" rel=\"noopener\">The EFPIA View &#8211; 21.03.2023<\/a><\/p>\n<div class=\"content__section\">\n<section class=\"article__section\">\n<div class=\" content__container article__container content__container--no-padding-m\">\n<div class=\"content-body\">\n<section class=\"section-title-band\">\n<div class=\"section-title-wrapper\">\n<hr \/>\n<h2>EU long-term competitiveness strategy has to apply to the EU Pharma legislation<\/h2>\n<\/div>\n<\/section>\n<\/div>\n<\/div>\n<\/section>\n<\/div>\n<div class=\"content__section\">\n<section class=\"article__section\">\n<div class=\" content__container article__container content__container--no-padding-m\">\n<div class=\"content-body\">\n<section class=\"section-title-band\">\n<div class=\"section-link-wrapper\">\n<div class=\"event-date\">21.03.23<\/div>\n<\/div>\n<p><span class=\"rte-paragraph\">EFPIA is calling on the European Commission to fast track last week\u2019s commitment to\u00a0<em>a\u00a0<span class=\"il\">competitiveness<\/span>\u00a0check, [that] will include a methodology for assessing cumulative impact of policies<\/em>[1] and deliver a full assessment of the impact of the proposed pharma legislation on European\u00a0<span class=\"il\">competitiveness<\/span>.<\/span><\/p>\n<p><span class=\"rte-paragraph\">Speaking about the call, EFPIA Director General, Nathalie Moll said. \u201cWe very much welcome last week\u2019s Communication on Long-term\u00a0<span class=\"il\">Competitiveness<\/span>\u00a0of the EU[2]. For legislation that will shape our health, science, jobs and growth for the next 20 to 30 years, it is deeply concerning that no complete\u00a0<span class=\"il\">Competitiveness<\/span>\u00a0check has yet been made to assess the real impact the pharmaceutical legislation proposals will have on access to the latest treatments, jobs, R&amp;D investment, academia, manufacturing and growth across Europe.\u201d<\/span><\/p>\n<p><span class=\"rte-paragraph\">She went on to say. \u201cThere is an extremely strong case to follow the principles outlined in the Communication from the Commission as we pave the way for the future pharma legislation. The impact assessment on the legislation estimates \u20ac662 million in cost saving for public payers, at a cost of \u20ac640 million to the innovative industry with the generic industry gaining \u20ac88 million. However, there is no assessment on the cost to Europe. New data modelling from Charles Rivers Associates, based on the\u00a0<a href=\"https:\/\/efpia-current.cmail19.com\/t\/i-i-qkdddlk-l-b\/\" target=\"_blank\" rel=\"noopener\" data-saferedirecturl=\"https:\/\/www.google.com\/url?q=https:\/\/efpia-current.cmail19.com\/t\/i-i-qkdddlk-l-b\/&amp;source=gmail&amp;ust=1679414807143000&amp;usg=AOvVaw0bgvlEVELHiS2ocdlY2G-G\">Factors affecting the location of biopharmaceutical investments and implications for European policy priorities<\/a>\u00a0report, show that by 2030, the Commission proposals could halve the number of people in pharma R&amp;D roles in Europe and lose Europe around \u20ac15 billion in company R&amp;D investment each year[3].<\/span><\/p>\n<p><span class=\"rte-paragraph\">Ms Moll went on to say. \u201cConsidering the industry supports 2.5 million jobs across the bloc, invests \u20ac42 billion a year in European R&amp;D and contributes more to the EU trade balance than any other sector, we firmly believe that it is in the best interests of European citizens, Member States and the European economy to ensure that a comprehensive analysis of the impact the proposals will have on European\u00a0<span class=\"il\">competitiveness<\/span>\u00a0is conducted before the legislation is published.\u201d<\/span><\/p>\n<p><span class=\"rte-paragraph\">Member State leaders have been calling for the EU to act decisively to ensure its long-term\u00a0<span class=\"il\">competitiveness<\/span>, prosperity and role on the global stage[4]. Yet in recent months, we have seen a series of statements from the CEOs of some of Europe\u2019s leading companies, pointing to the difficulties of innovating in Europe and their intent to focus research and development in the US and Asia. These are not knee-jerk reactions. They reflect growing concern that the Commission\u2019s legislative proposals will severely harm to the\u00a0<span class=\"il\">competitiveness<\/span>\u00a0of Europe\u2019s industry.\u00a0\u00a0<\/span><\/p>\n<p><span class=\"rte-paragraph\">Now is the time to decide what kind of Europe we want to live in \u2013 a global hub for the research, development and manufacture of the latest vaccines and treatments or a consumer, reliant on medical innovations from other regions. At the very least we need to fully understand the impact this proposed legislation will have. It is just too important to move ahead blindly without fully understanding the consequences for Europe. We would like to call on the Commission to stand by its commitment to the\u00a0<a href=\"https:\/\/efpia-current.cmail19.com\/t\/i-i-qkdddlk-l-n\/\" target=\"_blank\" rel=\"noopener\" data-saferedirecturl=\"https:\/\/www.google.com\/url?q=https:\/\/efpia-current.cmail19.com\/t\/i-i-qkdddlk-l-n\/&amp;source=gmail&amp;ust=1679414807143000&amp;usg=AOvVaw0EkvEiNUuLmO8qkMhbTs9q\">Long-term\u00a0<span class=\"il\">competitiveness<\/span>\u00a0of the EU<\/a>\u00a0and deliver a comprehensive\u00a0<span class=\"il\">competitiveness<\/span>\u00a0check on the pharma revision before such an important piece of legislation is published.<\/span><\/p>\n<p><span class=\"rte-paragraph\">[1]\u00a0<a href=\"https:\/\/ec.europa.eu\/commission\/presscorner\/detail\/en\/ip_23_1668\" target=\"_blank\" rel=\"noopener\" data-saferedirecturl=\"https:\/\/www.google.com\/url?q=https:\/\/ec.europa.eu\/commission\/presscorner\/detail\/en\/ip_23_1668&amp;source=gmail&amp;ust=1679414807143000&amp;usg=AOvVaw2dAHJL3lvBiCSmP8S7J9vZ\">https:\/\/ec.europa.eu\/commission\/presscorner\/detail\/en\/ip_23_1668<\/a><\/span><br \/>\n<span class=\"rte-paragraph\">[2]\u00a0<a href=\"https:\/\/commission.europa.eu\/system\/files\/2023-03\/Communication_Long-term-competitiveness.pdf\" target=\"_blank\" rel=\"noopener\" data-saferedirecturl=\"https:\/\/www.google.com\/url?q=https:\/\/commission.europa.eu\/system\/files\/2023-03\/Communication_Long-term-competitiveness.pdf&amp;source=gmail&amp;ust=1679414807143000&amp;usg=AOvVaw2DCZwmbkmJ-YZEebHs8zTN\">https:\/\/commission.europa.eu\/system\/files\/2023-03\/Communication_Long-term-<span class=\"il\">competitiveness<\/span>.pdf<\/a><\/span><br \/>\n<span class=\"rte-paragraph\">[3] Modelling based on trend data using the CAGR from 2015-2020 vs. CRA estmate of CAGR under proposals<\/span><br \/>\n<span class=\"rte-paragraph\">[4] Special meeting of the European Council (9 February 2023) \u2013 Conclusions, II Economy, 13, p5<\/span><\/p>\n<\/section>\n<\/div>\n<\/div>\n<\/section>\n<\/div>\n<p>Notizie correlate: <a href=\"https:\/\/www.quotidianosanita.it\/scienza-e-farmaci\/articolo.php?articolo_id=112354\" target=\"_blank\" rel=\"noopener\">Nuovo rinvio per la revisione della legislazione farmaceutica europea<\/a><\/p>\n","protected":false},"excerpt":{"rendered":"<p>La strategia di competitivit\u00e0 a lungo termine dell&#8217;UE deve essere applicata alla legislazione farmaceutica dell&#8217;UE EFPIA &#8211; 21.03.2023 L&#8217;EFPIA invita la Commissione europea ad accelerare l&#8217;impegno della scorsa settimana per un controllo della competitivit\u00e0, [che] includer\u00e0 una metodologia per valutare l&#8217;impatto cumulativo delle politiche[1] e fornire una valutazione completa dell&#8217;impatto della legislazione farmaceutica proposta sulla &hellip;<\/p>\n","protected":false},"author":4,"featured_media":71058,"comment_status":"closed","ping_status":"closed","sticky":false,"template":"","format":"standard","meta":{"footnotes":""},"categories":[1],"tags":[47,41,26],"class_list":["post-70999","post","type-post","status-publish","format-standard","has-post-thumbnail","hentry","category-notizie","tag-big-pharma","tag-leggisentenze","tag-spesa-farmaceutica"],"amp_enabled":true,"_links":{"self":[{"href":"https:\/\/www.fedaiisf.it\/en\/wp-json\/wp\/v2\/posts\/70999","targetHints":{"allow":["GET"]}}],"collection":[{"href":"https:\/\/www.fedaiisf.it\/en\/wp-json\/wp\/v2\/posts"}],"about":[{"href":"https:\/\/www.fedaiisf.it\/en\/wp-json\/wp\/v2\/types\/post"}],"author":[{"embeddable":true,"href":"https:\/\/www.fedaiisf.it\/en\/wp-json\/wp\/v2\/users\/4"}],"replies":[{"embeddable":true,"href":"https:\/\/www.fedaiisf.it\/en\/wp-json\/wp\/v2\/comments?post=70999"}],"version-history":[{"count":7,"href":"https:\/\/www.fedaiisf.it\/en\/wp-json\/wp\/v2\/posts\/70999\/revisions"}],"predecessor-version":[{"id":71090,"href":"https:\/\/www.fedaiisf.it\/en\/wp-json\/wp\/v2\/posts\/70999\/revisions\/71090"}],"wp:featuredmedia":[{"embeddable":true,"href":"https:\/\/www.fedaiisf.it\/en\/wp-json\/wp\/v2\/media\/71058"}],"wp:attachment":[{"href":"https:\/\/www.fedaiisf.it\/en\/wp-json\/wp\/v2\/media?parent=70999"}],"wp:term":[{"taxonomy":"category","embeddable":true,"href":"https:\/\/www.fedaiisf.it\/en\/wp-json\/wp\/v2\/categories?post=70999"},{"taxonomy":"post_tag","embeddable":true,"href":"https:\/\/www.fedaiisf.it\/en\/wp-json\/wp\/v2\/tags?post=70999"}],"curies":[{"name":"wp","href":"https:\/\/api.w.org\/{rel}","templated":true}]}}