{"id":712,"date":"2014-05-25T17:46:39","date_gmt":"2014-05-25T15:46:39","guid":{"rendered":"http:\/\/www.fedaiisf.it\/?p=712"},"modified":"2014-06-04T17:48:08","modified_gmt":"2014-06-04T15:48:08","slug":"vecchio-farmaco-cura-malattia-ma-nessuno-lo-produce-piu","status":"publish","type":"post","link":"https:\/\/www.fedaiisf.it\/en\/vecchio-farmaco-cura-malattia-ma-nessuno-lo-produce-piu\/","title":{"rendered":"Old drug cures disease, but no one produces it anymore"},"content":{"rendered":"<p>(ANSA) &#8211; MILANO, 25 MAG &#8211; La malattia \u00e8 stata identificata.<\/p>\n<p>Il farmaco c&#8217;\u00e8, un vecchio antitumorale fuori brevetto. Ma nessuna casa farmaceutica \u00e8 disposta a rimetterlo in commercio, perch\u00e9 &#8216;poco remunerativo&#8217;. Questo il paradossale caso denunciato dai ricercatori dell&#8217;IFOM, l&#8217;Istituto Firc di Oncologia Molecolare.<\/p>\n<p>&#8221;Si tratta di una patologia dei vasi cerebrali &#8211; spiega Elisabetta Dejana, responsabile dell&#8217;Unit\u00e0 di Biologia vascolare dell&#8217;IFOM &#8211; chiamata CCM (malformazioni cerebrali cavernose). E&#8217; caratterizzata da malformazioni vascolari a forma di lampone che tendono a sanguinare causando crisi epilettiche, mal di testa, progressive paralisi e in molti casi emorragia cerebrale&#8221;.<\/p>\n<p>Colpisce una persona su 200. In Italia ci sarebbero quindi circa 300 mila casi di CCM. Nello studiarla gli scienziati si sono accorti che ha caratteristiche simili a quelle di un tumore delle pareti dei vasi. Proprio testando un gruppo di antitumorali su topi di laboratorio hanno scoperto che uno di questi, un derivato del &#8216;sulindac&#8217;, riusciva a ridurre le lesioni.<\/p>\n<p>Il farmaco per\u00f2, da tempo fuori brevetto, non \u00e8 pi\u00f9 prodotto e nessuna casa farmaceutica, nemmeno quella che lo produsse per prima, \u00e8 disposta a rimetterlo in commercio, perch\u00e9 lo giudica poco remunerativo. &#8221;E&#8217; un peccato &#8211; commenta sconsolata Dejana -. Una volta tanto, eravamo riusciti a trovare un farmaco in gran parte gi\u00e0 sperimentato, quasi pronto per l&#8217;utilizzo&#8221;.(ANSA).<\/p>","protected":false},"excerpt":{"rendered":"<p>(ANSA) &#8211; MILANO, 25 MAG &#8211; La malattia \u00e8 stata identificata. Il farmaco c&#8217;\u00e8, un vecchio antitumorale fuori brevetto. Ma nessuna casa farmaceutica \u00e8 disposta a rimetterlo in commercio, perch\u00e9 &#8216;poco remunerativo&#8217;. Questo il paradossale caso denunciato dai ricercatori dell&#8217;IFOM, l&#8217;Istituto Firc di Oncologia Molecolare. &#8221;Si tratta di una patologia dei vasi cerebrali &#8211; spiega &hellip;<\/p>","protected":false},"author":1,"featured_media":713,"comment_status":"closed","ping_status":"closed","sticky":false,"template":"","format":"standard","meta":{"footnotes":""},"categories":[16],"tags":[],"class_list":["post-712","post","type-post","status-publish","format-standard","has-post-thumbnail","hentry","category-primo-piano"],"amp_enabled":true,"_links":{"self":[{"href":"https:\/\/www.fedaiisf.it\/en\/wp-json\/wp\/v2\/posts\/712","targetHints":{"allow":["GET"]}}],"collection":[{"href":"https:\/\/www.fedaiisf.it\/en\/wp-json\/wp\/v2\/posts"}],"about":[{"href":"https:\/\/www.fedaiisf.it\/en\/wp-json\/wp\/v2\/types\/post"}],"author":[{"embeddable":true,"href":"https:\/\/www.fedaiisf.it\/en\/wp-json\/wp\/v2\/users\/1"}],"replies":[{"embeddable":true,"href":"https:\/\/www.fedaiisf.it\/en\/wp-json\/wp\/v2\/comments?post=712"}],"version-history":[{"count":0,"href":"https:\/\/www.fedaiisf.it\/en\/wp-json\/wp\/v2\/posts\/712\/revisions"}],"wp:featuredmedia":[{"embeddable":true,"href":"https:\/\/www.fedaiisf.it\/en\/wp-json\/wp\/v2\/media\/713"}],"wp:attachment":[{"href":"https:\/\/www.fedaiisf.it\/en\/wp-json\/wp\/v2\/media?parent=712"}],"wp:term":[{"taxonomy":"category","embeddable":true,"href":"https:\/\/www.fedaiisf.it\/en\/wp-json\/wp\/v2\/categories?post=712"},{"taxonomy":"post_tag","embeddable":true,"href":"https:\/\/www.fedaiisf.it\/en\/wp-json\/wp\/v2\/tags?post=712"}],"curies":[{"name":"wp","href":"https:\/\/api.w.org\/{rel}","templated":true}]}}