{"id":71245,"date":"2023-04-04T11:19:24","date_gmt":"2023-04-04T09:19:24","guid":{"rendered":"https:\/\/www.fedaiisf.it\/?p=71245"},"modified":"2023-04-04T11:33:56","modified_gmt":"2023-04-04T09:33:56","slug":"medici-in-piazza-a-milano-e-bari-in-difesa-del-servizio-sanitario-nazionale","status":"publish","type":"post","link":"https:\/\/www.fedaiisf.it\/en\/medici-in-piazza-a-milano-e-bari-in-difesa-del-servizio-sanitario-nazionale\/","title":{"rendered":"Doctors in the streets in Milan and Bari: &quot;In defense of the national health service&quot;"},"content":{"rendered":"<p style=\"font-weight: 400;\"><span style=\"font-size: 14pt;\"><strong>Doctors in the streets in Milan and Bari: &quot;In defense of the national health service&quot;<\/strong><\/span><\/p>\n<p style=\"font-weight: 400;\"><img loading=\"lazy\" decoding=\"async\" class=\"wp-image-71252 alignright\" src=\"https:\/\/www.fedaiisf.it\/wp-content\/uploads\/2023\/04\/medicina-democrtica.png\" alt=\"\" width=\"536\" height=\"302\" srcset=\"https:\/\/www.fedaiisf.it\/wp-content\/uploads\/2023\/04\/medicina-democrtica.png 1640w, https:\/\/www.fedaiisf.it\/wp-content\/uploads\/2023\/04\/medicina-democrtica-300x169.png 300w, https:\/\/www.fedaiisf.it\/wp-content\/uploads\/2023\/04\/medicina-democrtica-1024x577.png 1024w, https:\/\/www.fedaiisf.it\/wp-content\/uploads\/2023\/04\/medicina-democrtica-768x433.png 768w, https:\/\/www.fedaiisf.it\/wp-content\/uploads\/2023\/04\/medicina-democrtica-1536x865.png 1536w, https:\/\/www.fedaiisf.it\/wp-content\/uploads\/2023\/04\/medicina-democrtica-390x220.png 390w\" sizes=\"auto, (max-width: 536px) 100vw, 536px\" \/>\u201cIn difesa del servizio sanitario nazionale\u201d. Sono due le manifestazioni \u2013\u00a0<strong>Milan<\/strong>\u00a0And\u00a0<strong>Bari \u2013<\/strong>\u00a0nell\u2019ambito della mobilitazione \u2018Sani come un pesce?\u2019, promossa tra gli altri da Medicina Democratica, Campagna Dico 32, Forum per il Diritto alla Salute, Rete Europea Contro la Commercializzazione della salute. Nel capoluogo lombardo quasi 3 mila, secondo gli organizzatori, le persone arrivate in piazza Duomo. L\u2019evento rientra nella Giornata Europea contro la commercializzazione della salute del 7 aprile.<\/p>\n<p style=\"font-weight: 400;\">Mille le persone in piazza a Bari. Tanti medici, provenienti dalle diverse province pugliesi, \u201cma anche cittadini e una buona rappresentanza dei collaboratori di studio\u201d. \u201cC\u2019\u00e8 stata un\u2019ampia partecipazione alla manifestazione di oggi \u2013 dice all\u2019Adnkronos Salute dal segretario nazionale della Federazione dei medici di medicina generale (Fimmg), Silvestro Scotti \u2013 Ma al di l\u00e0 della connotazione pi\u00f9 regionale, con una medicina di famiglia in cui non si sta pi\u00f9 investendo, c\u2019\u00e8 anche un\u2019evidente attenzione e preoccupazione che ha una valenza nazionale perch\u00e9 tutto questo avviene in una Regione in cui il Governatore \u00e8 anche il vicepresidente della Conferenza delle Regioni\u201d.<\/p>\n<hr \/>\n<p><strong><span style=\"font-size: 14pt;\">Scotti (Fimmg):\u00a0In tre anni 10mila in pensione, nel sistema ne entreranno poco pi\u00f9 di 3mila<\/span><\/strong><\/p>\n<p><a href=\"https:\/\/www.fimmg.org\/index.php?action=pages&amp;m=view&amp;p=18&amp;art=5327\" target=\"_blank\" rel=\"noopener\">Fimmg News &#8211; 3 aprile 2023<\/a><\/p>\n<p><img loading=\"lazy\" decoding=\"async\" class=\"wp-image-63683 alignleft\" src=\"https:\/\/www.fedaiisf.it\/wp-content\/uploads\/2022\/04\/Silvestro-Scotti-Fimmg.jpeg\" alt=\"\" width=\"365\" height=\"274\" srcset=\"https:\/\/www.fedaiisf.it\/wp-content\/uploads\/2022\/04\/Silvestro-Scotti-Fimmg.jpeg 800w, https:\/\/www.fedaiisf.it\/wp-content\/uploads\/2022\/04\/Silvestro-Scotti-Fimmg-300x225.jpeg 300w, https:\/\/www.fedaiisf.it\/wp-content\/uploads\/2022\/04\/Silvestro-Scotti-Fimmg-768x576.jpeg 768w\" sizes=\"auto, (max-width: 365px) 100vw, 365px\" \/>Sabato circa mille medici, in rappresentanza di tutte le province pugliesi, hanno sfilato a Bari in un corteo organizzato dalla Fimmg Puglia che ha preso il via da piazza Giulio Cesare e si \u00e8 concluso con un\u2019assemblea nell&#8217;hotel Excelsior.<\/p>\n<p>Al serpentone dei camici bianchi hanno partecipato le sigle sindacali di tutto il mondo della medicina: dai medici di famiglia agli ospedalieri, dalla continuit\u00e0 assistenziale agli ambulatoriali, oltre che di associazioni di pazienti e cittadini. I medici lamentano soprattutto la carenza di personale. In Puglia sono 200mila i cittadini senza medico di base.<\/p>\n<p>Ma non solo: ci sono le incombenze burocratiche che sottraggono tempo alla cura e la conseguente conflittualit\u00e0 con i pazienti che spesso sfocia in aggressioni verbali e fisiche. Nella giornata della protesta \u00abgentile\u00bb, il corteo si \u00e8 poi riunito per discutere assieme dei punti di maggiore criticit\u00e0. Per Filippo Anelli, presidente della Federazione nazionale degli Ordini dei medici, \u00e8 necessario investire in risorse umane: \u00abAbbiamo da difendere la Sanit\u00e0 pubblica e il patrimonio di valori che rappresenta per il nostro paese. Per fare fronte al profondo disagio della professione, ma anche ai bisogni di salute dei cittadini servono nuovi investimenti. \u00c8 quindi essenziale che il Governo e le Regioni vincolino una parte delle risorse del fondo sanitario nazionale a favore dei professionisti. Finora si sono investiti in sanit\u00e0 30 miliardi in 4 anni, ma solo in infrastrutture e macchinari. Tutto questo non basta se non si affianca anche un potenziamento del personale medico\u00bb.<\/p>\n<p>Il segretario Fimmg Puglia, Donato Monopoli, ha posto l\u2019accento sull &#8216;accessibilit\u00e0 del sistema sanitario nazionale: \u201cAbbiamo chiesto risposte rispetto a proposte di modelli di semplificazione deburocratizzazione. Ad oggi permangono tutte le difficolt\u00e0 e le evidenze di un sistema che, invece di facilitare, crea ostacoli e sfiducia nei medici\u00bb. \u00abPer far fronte ai profondi problemi della medicina del territorio che inevitabilmente si riflettono anche sugli ospedali \u2013 occorre riorganizzare la rete assistenziale ha aggiunto Nicola Calabrese, Segretario Fimmg Bari \u2013 ma anche garantire ai medici di medicina generale quanto \u00e8 indispensabile per rispondere ai bisogni di salute dei cittadini: personale di studio per gestire il carico burocratico, personale sanitario e diagnostica di I livello per offrire una migliore assistenza ai pazienti anche a domicilio\u00bb.<\/p>\n<p>Va in questa direzione, come \u00e8 emerso nel corso dell&#8217;incontro, il modello di CPT pugliesi come quello di Massafra, in cui i medici di famiglia lavorano in microteam con personale amministrativo e infermieri, all &#8216; interno di una strut tura integrata con la continuit\u00e0 assistenziale e con la medicina specialistica ambulatoriale. Un modello &#8211; secondo i camici bianchi &#8211; per le future Case di Comunit\u00e0.<\/p>\n<p><span style=\"font-size: 10pt;\">(FONTE: GAZZETTA DEL MEZZOGIORNO)<\/span><\/p>\n<hr \/>\n<p style=\"font-weight: 400;\"><strong><span style=\"font-size: 14pt;\">Medici in piazza a Bari: meno burocrazia e pi\u00f9 risorse per il personale<\/span><\/strong><\/p>\n<p style=\"font-weight: 400;\"><a href=\"https:\/\/portale.fnomceo.it\/medici-in-piazza-a-bari-meno-burocrazia-e-piu-risorse-per-il-personale\/\" target=\"_blank\" rel=\"noopener\"><span style=\"font-size: 10pt;\">Autore: Redazione FNOMCeO &#8211; 03\/04\/2023<\/span><\/a><\/p>\n<p style=\"font-weight: 400;\"><strong><img loading=\"lazy\" decoding=\"async\" class=\"wp-image-71253 alignright\" src=\"https:\/\/www.fedaiisf.it\/wp-content\/uploads\/2023\/04\/medici-in-piazza-bari.jpeg\" alt=\"\" width=\"443\" height=\"333\" srcset=\"https:\/\/www.fedaiisf.it\/wp-content\/uploads\/2023\/04\/medici-in-piazza-bari.jpeg 2048w, https:\/\/www.fedaiisf.it\/wp-content\/uploads\/2023\/04\/medici-in-piazza-bari-300x225.jpeg 300w, https:\/\/www.fedaiisf.it\/wp-content\/uploads\/2023\/04\/medici-in-piazza-bari-1024x768.jpeg 1024w, https:\/\/www.fedaiisf.it\/wp-content\/uploads\/2023\/04\/medici-in-piazza-bari-768x576.jpeg 768w, https:\/\/www.fedaiisf.it\/wp-content\/uploads\/2023\/04\/medici-in-piazza-bari-1536x1152.jpeg 1536w\" sizes=\"auto, (max-width: 443px) 100vw, 443px\" \/>Bari, 1 aprile 2023.<\/strong>\u00a0Un fiume di un migliaio di camici bianchi ha sfilato oggi in corteo nelle strade di Bari, per esprimere la propria preoccupazione per la tenuta del servizio sanitario nazionale. La manifestazione, partita da Fimmg Puglia, ha visto una grandissima partecipazione e l\u2019adesione di sigle sindacali di tutto il mondo della medicina, dai medici di famiglia agli ospedalieri, dalla continuit\u00e0 assistenziale agli ambulatoriali, oltre che di associazioni di pazienti e cittadini come Cittadinanzattiva.<\/p>\n<p style=\"font-weight: 400;\">Il minimo comun denominatore \u00e8 stato la difesa della sanit\u00e0 pubblica. Il profondo disagio avvertito dai medici di medicina generale \u00e8 infatti condiviso da quasi tutti i settori sanitari e ha importanti ricadute sull\u2019assistenza ai cittadini. Carenze di personale, condizioni di lavoro all\u2019insegna dello stress, della crescita dei carichi di lavoro e dell\u2019insicurezza, aumento delle incombenze burocratiche che sottraggono tempo alla cura, conflittualit\u00e0 con i pazienti che spesso sfocia in vere e proprie aggressioni: sono queste le principali cause che hanno portato in piazza, insieme agli iscritti di Fimmg, anche i medici di Cisl Medici Puglia, ANAAO ASSOMED (Associazione medici dirigenti), Federazione CIMO-FESMED, USSMO (Universo Sanit\u00e0 Sindacato Medici Ospedalieri), FIMP (Federazione Italiana Medici Pediatri), SUMAI Assoprof. (Sindacato Unico Medicina Ambulatoriale Italiana e Professionalit\u00e0 dell\u2019Area Sanitaria), FISMU (Federazione Italiana sindacale dei medici uniti). Hanno inoltre aderito, oltre a Cittadinanzattiva, AGD Puglia APS (Associazione Pugliese per l\u2019Aiuto al Giovane con Diabete), Associazione Diabetici Baresi Onlus, ACoSM (Associazione Collaboratori Studi Medici).<\/p>\n<p style=\"font-weight: 400;\"><em>\u201cNell\u2019arco di tre anni in Italia andranno in pensione circa 10.000 medici di famiglia e ne entreranno nel sistema poco pi\u00f9 di 3000.<\/em>\u00a0\u2013 ha spiegato\u00a0<strong>Sylvester Scotti<\/strong>, Segretario nazionale Fimmg, intervenuto oggi a Bari \u2013\u00a0<em>Per compensare questa carenza di personale abbiamo bisogno di soluzioni immediate, che non possono essere solo l\u2019aumento del massimale, senza dare ai medici di medicina generale il personale di studio, senza dare infermieri o OSS. Per rispondere ai bisogni di salute dei pazienti serve un impegno per la deburocratizzazione, attraverso un percorso di semplificazione per esempio sulle procedure per le prescrizioni e per la compilazione dei piani terapeutici\u201d.<\/em><\/p>\n<p style=\"font-weight: 400;\">Sostegno ai medici \u00e8 arrivato dal Presidente della Federazione degli Ordini dei medici\u00a0<strong>Philip Rings<\/strong>, che ha sottolineato l\u2019importanza di investire in risorse umane:\u00a0<em>\u201cAbbiamo scelto come Ordini di essere accanto ai medici per difendere la Sanit\u00e0 pubblica e il patrimonio di valori che rappresenta per il nostro Paese. Per fare fronte al profondo disagio della professione ma anche ai bisogni di salute dei cittadini servono nuovi investimenti. \u00c8 quindi essenziale che il Governo e le Regioni vincolino una parte delle risorse del fondo sanitario nazionale al sostegno dei professionisti. Finora si sono investiti in Sanit\u00e0 30 miliardi in 4 anni, ma serve investire risorse sul personale se non si vuole mettere a rischio il servizio sanitario nazionale\u201d.<\/em><\/p>\n<p style=\"font-weight: 400;\">Hanno partecipato alla manifestazione anche il Vice Presidente Fnomceo\u00a0<strong>Giovanni Leoni,<\/strong>\u00a0il Segretario generale\u00a0<strong>Roberto Monaco<\/strong>, il Segretario nazionale Fimmg\u00a0<strong>Silvestro Scotti.\u00a0<\/strong><\/p>\n<p style=\"font-weight: 400;\"><em>\u201cOggi il tema della salvaguardia dei principi di universalismo, equit\u00e0 e accessibilit\u00e0 del SSN sono quanto mai attuali e per FIMMG Puglia assolutamente imprescindibili \u2013\u00a0<\/em>has explained\u00a0<strong>Donato Monopoli<\/strong>, Segretario Fimmg Puglia \u2013\u00a0<em>Abbiamo chiesto risposte rispetto a proposte di modelli di semplificazione e deburocratizzazione. Ad oggi permangono tutte le difficolt\u00e0 e le evidenze di un sistema che, invece di facilitare, crea ostacoli e sfiducia nei medici\u201d.\u00a0<\/em><\/p>\n<p style=\"font-weight: 400;\"><em>\u201cSono commosso dalla grande partecipazione e ringrazio le altre organizzazioni sindacali del supporto e dell\u2019adesione. L\u2019unit\u00e0 sindacale sui valori che ci accomunano e sul servizio sanitario pubblico come patrimonio della comunit\u00e0 \u00e8 fondamentale. Per far fronte ai profondi problemi della medicina del territorio \u2013 che inevitabilmente si riflettono anche sugli ospedali \u2013 occorre riorganizzare la rete assistenziale ma anche garantire ai medici di medicina generale quanto \u00e8 indispensabile per rispondere ai bisogni di salute dei cittadini: personale di studio per gestire il carico burocratico, personale sanitario e diagnostica di I livello per offrire una migliore assistenza ai pazienti anche a domicilio.\u201d<\/em>\u00a0\u2013 ha aggiunto Nicola Calabrese, Segretario Fimmg Bari. Va in questa direzione il modello di CPT pugliesi come quello di Massafra, in cui i medici di famiglia lavorano in microteam con personale amministrativo e infermieri, all\u2019interno di una struttura integrata con la continuit\u00e0 assistenziale e con la medicina specialistica ambulatoriale. Strutture di questo tipo possono essere modello per le future Case di Comunit\u00e0 e offrire una efficiente assistenza ai cittadini h 24 e 7 giorni su 7, anche ai malati cronici, anche a domicilio.<\/p>\n<p style=\"font-weight: 400;\">Autore: Redazione FNOMCeO<\/p>\n<hr \/>\n<p class=\"entry-title\"><strong><span style=\"font-size: 14pt;\">Filippo Anelli (Fnomceo): \u201cSalviamo il Servizio sanitario nazionale\u201d<\/span><\/strong><\/p>\n<p><a href=\"https:\/\/portale.fnomceo.it\/salviamo-il-servizio-sanitario-nazionale-il-videomessaggio-alle-piazze-di-filippo-anelli-fnomceo\/\" target=\"_blank\" rel=\"noopener\">FNOMCerO &#8211; 1 aprile 2023<\/a><\/p>\n<p>Un videomessaggio per dire \u201cgrazie\u201d a tutti i medici e i cittadini che sono scesi e scenderanno oggi, 1\u00b0 aprile, in piazza per difendere la Sanit\u00e0 pubblica, equa, universalistica, solidale. A diffonderlo, il Presidente della Fnomceo, la Federazione Nazionale degli Ordini dei Medici Chirurghi e Odontoiatri, Filippo Anelli, che tra poche ore parteciper\u00e0, insieme al vicepresidente Giovanni Leoni e al Segretario Roberto Monaco, alla Manifestazione organizzata a Bari da Fimmg ((Federazione italiana medici di medicina generale) Puglia e sostenuta anche da altre sigle sindacali e da associazioni di pazienti.<\/p>\n<p><img loading=\"lazy\" decoding=\"async\" class=\"wp-image-71255 alignleft\" src=\"https:\/\/www.fedaiisf.it\/wp-content\/uploads\/2023\/04\/medici-in-piazza-milano.jpeg\" alt=\"\" width=\"413\" height=\"234\" srcset=\"https:\/\/www.fedaiisf.it\/wp-content\/uploads\/2023\/04\/medici-in-piazza-milano.jpeg 1800w, https:\/\/www.fedaiisf.it\/wp-content\/uploads\/2023\/04\/medici-in-piazza-milano-300x170.jpeg 300w, https:\/\/www.fedaiisf.it\/wp-content\/uploads\/2023\/04\/medici-in-piazza-milano-1024x580.jpeg 1024w, https:\/\/www.fedaiisf.it\/wp-content\/uploads\/2023\/04\/medici-in-piazza-milano-768x435.jpeg 768w, https:\/\/www.fedaiisf.it\/wp-content\/uploads\/2023\/04\/medici-in-piazza-milano-1536x870.jpeg 1536w, https:\/\/www.fedaiisf.it\/wp-content\/uploads\/2023\/04\/medici-in-piazza-milano-390x220.jpeg 390w\" sizes=\"auto, (max-width: 413px) 100vw, 413px\" \/>Prevista sempre oggi anche una dimostrazione a Milano: questa volta a scendere in Piazza del Duomo per la manifestazione \u201cSani come pesci?\u201d saranno i cittadini del Movimento per la Tutela della Salute (Medicina democratica, Campagna Dico 32, Forum per il Diritto alla Salute, con media partner Radio Popolare).<\/p>\n<p>E che siano sempre pi\u00f9 i cittadini ad aderire alla campagna per salvare il Servizio sanitario nazionale lo dimostra anche il successo della\u00a0<a href=\"https:\/\/www.change.org\/p\/per-la-sanit%C3%A0-pubblica?signed=true\" target=\"_blank\" rel=\"noopener\" data-saferedirecturl=\"https:\/\/www.google.com\/url?q=https:\/\/www.change.org\/p\/per-la-sanit%25C3%25A0-pubblica?signed%3Dtrue&amp;source=gmail&amp;ust=1680360342266000&amp;usg=AOvVaw2T0mb_LpgrtbCtRFx--a2p\">petition<\/a>\u00a0\u201cPer la sanit\u00e0 pubblica\u201d che, lanciata sulla piattaforma Change.org, ha raccolto in pochi giorni oltre centomila firme.<\/p>\n<p>Ma torniamo al messaggio di Anelli, che radio e Tv possono liberamente utilizzare per gentile concessione di Fnomceo Tg Sanit\u00e0.<\/p>\n<p>\u201c<em>Salviamo il Servizio sanitario nazionale: \u00e8 questo l\u2019appello \u2013\u00a0<\/em>esordisce Anelli\u00a0<em>\u2013 che da pi\u00f9 parti d\u2019Italia viene lanciato da cittadini, medici, da organizzazioni sindacali. La nostra piena solidariet\u00e0 e sostegno a tutte queste manifestazioni, che sono a favore di un sistema che vuole curare tutti alla stessa maniera, attraverso un accesso equo e solidale al sistema sanitario nazionale\u201d.<\/em><\/p>\n<p>\u201c<em>Come sappiamo \u2013\u00a0<\/em>concludes\u00a0<em>\u2013 il Servizio Sanitario Nazionale \u00e8 oggi in grave sofferenza, perch\u00e9 sono sofferenti proprio i professionisti. E proprio ai professionisti dico grazie per il loro impegno. Dico grazie ai colleghi che oggi sfileranno a Bari, sia nelle piazze sia nelle varie assemblee; dico grazie ai colleghi che saranno presenti a Milano; dico grazie a tutti coloro che hanno sottoscritto la petizione che \u00e8 arrivata a oltre 100mila firme a sostegno del Servizio Sanitario Nazionale\u201d.<\/em><\/p>\n<p><em>Guarda il video su Youtube:\u00a0<a href=\"https:\/\/youtu.be\/AONoxjJKgGQ\" target=\"_blank\" rel=\"noopener\" data-saferedirecturl=\"https:\/\/www.google.com\/url?q=https:\/\/youtu.be\/AONoxjJKgGQ&amp;source=gmail&amp;ust=1680360342266000&amp;usg=AOvVaw2rEXXo4fISABS_TQwH6_zK\">https:\/\/youtu.be\/AONoxjJKgGQ<\/a><\/em><\/p>\n<p><em>Scarica il video:\u00a0<a href=\"https:\/\/we.tl\/t-IWHpqvqPwv\" target=\"_blank\" rel=\"noopener\" data-saferedirecturl=\"https:\/\/www.google.com\/url?q=https:\/\/we.tl\/t-IWHpqvqPwv&amp;source=gmail&amp;ust=1680360342266000&amp;usg=AOvVaw1eAj_PRgobcKmUw5QYmPCk\">https:\/\/we.tl\/t-IWHpqvqPwv<\/a><\/em><\/p>\n<p><em>Segui la manifestazione di Bari:\u00a0<a href=\"https:\/\/bit.ly\/3FYwKod\" target=\"_blank\" rel=\"noopener\" data-saferedirecturl=\"https:\/\/www.google.com\/url?q=https:\/\/bit.ly\/3FYwKod&amp;source=gmail&amp;ust=1680360342266000&amp;usg=AOvVaw1khF4sUthm6wFr3vOezu-R\">https:\/\/bit.ly\/3FYwKod<\/a><\/em><\/p>\n<p><em>Leggi la petizione:\u00a0<\/em><a href=\"https:\/\/www.change.org\/p\/per-la-sanit%C3%A0-pubblica?signed=true\" target=\"_blank\" rel=\"noopener\" data-saferedirecturl=\"https:\/\/www.google.com\/url?q=https:\/\/www.change.org\/p\/per-la-sanit%25C3%25A0-pubblica?signed%3Dtrue&amp;source=gmail&amp;ust=1680360342266000&amp;usg=AOvVaw2T0mb_LpgrtbCtRFx--a2p\">https:\/\/www.change.org\/p\/per-la-sanit%C3%A0-pubblica?signed=true<\/a><\/p>\n<div class=\"at-below-post addthis_tool\" data-url=\"https:\/\/portale.fnomceo.it\/salviamo-il-servizio-sanitario-nazionale-il-videomessaggio-alle-piazze-di-filippo-anelli-fnomceo\/\"><\/div>\n<p class=\"autore-articolo\">Author: <a class=\"url fn\">FNOMCeO Press Office<\/a><\/p>\n<hr \/>\n<p>Related news:<a href=\"https:\/\/www.fedaiisf.it\/en\/sani-come-un-pesce-milano-1-aprile-manifestazione-per-la-sanita-pubblica\/\" target=\"_blank\" rel=\"noopener\"> &quot;Healthy as a fish&quot;? Milan 1st April demonstration for public health<\/a><\/p>\n<p style=\"font-weight: 400;\"><a href=\"https:\/\/www.uemo.eu\/wp-content\/uploads\/2023\/03\/Statement-27.03.2023.pdf\" target=\"_blank\" rel=\"noopener\">How to recruit and retain young doctors in general practice\/ family medicine<\/a><\/p>\n<p>&nbsp;<\/p>","protected":false},"excerpt":{"rendered":"<p>Medici in piazza a Milano e Bari: \u201cIn difesa del servizio sanitario nazionale\u201d \u201cIn difesa del servizio sanitario nazionale\u201d. Sono due le manifestazioni \u2013\u00a0Milano\u00a0e\u00a0Bari \u2013\u00a0nell\u2019ambito della mobilitazione \u2018Sani come un pesce?\u2019, promossa tra gli altri da Medicina Democratica, Campagna Dico 32, Forum per il Diritto alla Salute, Rete Europea Contro la Commercializzazione della salute. Nel &hellip;<\/p>","protected":false},"author":4,"featured_media":71254,"comment_status":"closed","ping_status":"closed","sticky":false,"template":"","format":"standard","meta":{"footnotes":""},"categories":[1],"tags":[79],"class_list":["post-71245","post","type-post","status-publish","format-standard","has-post-thumbnail","hentry","category-notizie","tag-ssn"],"amp_enabled":true,"_links":{"self":[{"href":"https:\/\/www.fedaiisf.it\/en\/wp-json\/wp\/v2\/posts\/71245","targetHints":{"allow":["GET"]}}],"collection":[{"href":"https:\/\/www.fedaiisf.it\/en\/wp-json\/wp\/v2\/posts"}],"about":[{"href":"https:\/\/www.fedaiisf.it\/en\/wp-json\/wp\/v2\/types\/post"}],"author":[{"embeddable":true,"href":"https:\/\/www.fedaiisf.it\/en\/wp-json\/wp\/v2\/users\/4"}],"replies":[{"embeddable":true,"href":"https:\/\/www.fedaiisf.it\/en\/wp-json\/wp\/v2\/comments?post=71245"}],"version-history":[{"count":9,"href":"https:\/\/www.fedaiisf.it\/en\/wp-json\/wp\/v2\/posts\/71245\/revisions"}],"predecessor-version":[{"id":71261,"href":"https:\/\/www.fedaiisf.it\/en\/wp-json\/wp\/v2\/posts\/71245\/revisions\/71261"}],"wp:featuredmedia":[{"embeddable":true,"href":"https:\/\/www.fedaiisf.it\/en\/wp-json\/wp\/v2\/media\/71254"}],"wp:attachment":[{"href":"https:\/\/www.fedaiisf.it\/en\/wp-json\/wp\/v2\/media?parent=71245"}],"wp:term":[{"taxonomy":"category","embeddable":true,"href":"https:\/\/www.fedaiisf.it\/en\/wp-json\/wp\/v2\/categories?post=71245"},{"taxonomy":"post_tag","embeddable":true,"href":"https:\/\/www.fedaiisf.it\/en\/wp-json\/wp\/v2\/tags?post=71245"}],"curies":[{"name":"wp","href":"https:\/\/api.w.org\/{rel}","templated":true}]}}