{"id":71352,"date":"2023-04-13T12:42:45","date_gmt":"2023-04-13T10:42:45","guid":{"rendered":"https:\/\/www.fedaiisf.it\/?p=71352"},"modified":"2023-04-13T19:10:15","modified_gmt":"2023-04-13T17:10:15","slug":"calabria-la-legge-regionale-sugli-informatori-scientifici","status":"publish","type":"post","link":"https:\/\/www.fedaiisf.it\/en\/calabria-la-legge-regionale-sugli-informatori-scientifici\/","title":{"rendered":"Calabria. The regional law on Scientific Representatives prodromal to the establishment of a National Professional Register"},"content":{"rendered":"<h2 class=\"entry-title\">Approvata la legge regionale sull\u2019istituzione del Registro degli informatori scientifici della Calabria<\/h2>\n<p><a href=\"https:\/\/ilmeridio.it\/approvata-la-legge-regionale-sullistituzione-del-registro-degli-informatori-scientifici-della-calabria\/\" target=\"_blank\" rel=\"noopener\">Il Meridio &#8211; 13 aprile 2023<\/a><\/p>\n<p><img loading=\"lazy\" decoding=\"async\" class=\"wp-image-67533 alignright\" src=\"https:\/\/www.fedaiisf.it\/wp-content\/uploads\/2022\/09\/ISF-2-sfondo-e1664185113810.png\" alt=\"\" width=\"186\" height=\"227\" srcset=\"https:\/\/www.fedaiisf.it\/wp-content\/uploads\/2022\/09\/ISF-2-sfondo-e1664185113810.png 416w, https:\/\/www.fedaiisf.it\/wp-content\/uploads\/2022\/09\/ISF-2-sfondo-e1664185113810-246x300.png 246w\" sizes=\"auto, (max-width: 186px) 100vw, 186px\" \/>Conferire legittimazione giuridica e riconoscimento formale ad una professione che rappresenta un anello di congiunzione importante nella catena della salute pubblica. Si fonda su questi principii la proposta di legge approvata dal Consiglio regionale della Calabria su iniziativa del capogruppo di Forza Italia Michele Comito.<\/p>\n<p>Con la legge \u2013 ribadisce oggi il promotore, all\u2019indomani dell\u2019assise consiliare \u2013 \u201c\u00e8 stato istituito il Registro regionale degli informatori scientifici del farmaco e del parafarmaco\u201d. Comito tiene a precisare come si tratti di un registro e non di un albo, \u201cche \u00e8 invece materia demandata alla potest\u00e0 legislativa dello Stato\u201d.<\/p>\n<p>\u201cL\u2019informatore scientifico \u2013 afferma il consigliere di FI \u2013 \u00e8 il professionista che fa da tramite tra la ricerca scientifica e la classe medica grazie al continuo aggiornamento cui \u00e8 chiamato e all\u2019interscambio di esperienze tra i vari attori del settore. Da medico ci tengo particolarmente ad evidenziare il grande lavoro svolto da questi professionisti, le cui capacit\u00e0 ed esperienze noi \u2018sfruttiamo\u2019 specie nell\u2019utilizzo dei nuovi farmaci.<\/p>\n<p>Ma malgrado ci\u00f2, e malgrado l\u2019attivit\u00e0 di informazione scientifica sia la pi\u00f9 normata tra le professioni a forte carattere sociale, ci si trova dinanzi ad una sorta di paradosso per il quale i loro promotori, gli informatori appunto, non vedono riconosciuto formalmente e giuridicamente il loro ruolo, poich\u00e9 non esiste un albo nazionale che garantisca le loro specifiche funzioni. Questo mal si concilia con il servizio pubblico di estrema importanza reso da questi professionisti, che sono sottoposti al rispetto di leggi nazionali e regionali\u201d.<\/p>\n<p><img loading=\"lazy\" decoding=\"async\" class=\"wp-image-71357 alignleft\" src=\"https:\/\/www.fedaiisf.it\/wp-content\/uploads\/2023\/04\/MicheleComito-696x364-1.jpeg\" alt=\"\" width=\"300\" height=\"157\" srcset=\"https:\/\/www.fedaiisf.it\/wp-content\/uploads\/2023\/04\/MicheleComito-696x364-1.jpeg 696w, https:\/\/www.fedaiisf.it\/wp-content\/uploads\/2023\/04\/MicheleComito-696x364-1-300x157.jpeg 300w\" sizes=\"auto, (max-width: 300px) 100vw, 300px\" \/>The adviser <strong>Comito <\/strong>ricorda poi come gli stessi informatori calabresi del farmaco e del parafarmaco, proprio per ovviare al vuoto legislativo, hanno costituito negli anni sezioni provinciali di associazioni e federazioni, oltre che un coordinamento regionale, proprio al fine di creare le giuste premesse per l\u2019adozione del registro e il riconoscimento della loro figura tra le professioni sanitarie.<\/p>\n<p>\u201c\u00c8 per tale motivo \u2013 rimarca il consigliere \u2013 che abbiamo ritenuto opportuno istituire il registro regionale presso il competente Dipartimento regionale per la Tutela della salute. Con la legge che istituisce e norma il registro, quindi, lo stesso Dipartimento potr\u00e0 giovarsi delle professionalit\u00e0 in questione allorquando si presenter\u00e0 la necessit\u00e0 di istituire tavoli tecnici magari per valutare l\u2019utilizzo di innovazioni nel campo dei farmaci e parafarmaci.<\/p>\n<p>Infine \u2013 conclude Comito \u2013 mi preme sottolineare come questa legge non preveda oneri finanziari a carico del bilancio regionale, ma vada nella esclusiva direzione di un riconoscimento delle professionalit\u00e0 che hanno grande rilevanza nel campo della medicina e della tutela della salute dei calabresi\u201d.<\/p>\n<hr \/>\n<p>Dopo vari mesi, l\u2019iter di approvazione si \u00e8 finalmente concluso con parere favorevole presso suddetto Consiglio.La Legge Regionale, proposta dall\u2019onorevole Michele Comito e fortemente voluta dalle Sezioni AIISF\/FEDAIISF della Calabria, rappresenta, prima in Italia, un importante riconoscimento giuridico della categoria, <strong>prodromico alla istituzione nazionale di un Albo Professionale Nazionale degli Informatori Scientifici del Farmaco e del Parafarmaco<\/strong>.<\/p>\n<p>Source: <a href=\"https:\/\/www.catanzaroinforma.it\/sanita-e-salute\/2023\/04\/12\/informatori-farmaceutici-verso-listituzione-di-un-albo-professionale\/283531\/\" target=\"_blank\" rel=\"noopener\">catanzaroinforma &#8211; 12 aprile 2023<\/a><\/p>\n<p>&nbsp;<\/p>\n<p>&nbsp;<\/p>","protected":false},"excerpt":{"rendered":"<p>Approvata la legge regionale sull\u2019istituzione del Registro degli informatori scientifici della Calabria Il Meridio &#8211; 13 aprile 2023 Conferire legittimazione giuridica e riconoscimento formale ad una professione che rappresenta un anello di congiunzione importante nella catena della salute pubblica. Si fonda su questi principii la proposta di legge approvata dal Consiglio regionale della Calabria su &hellip;<\/p>","protected":false},"author":4,"featured_media":71358,"comment_status":"closed","ping_status":"closed","sticky":false,"template":"","format":"standard","meta":{"footnotes":""},"categories":[1],"tags":[45,21,41],"class_list":["post-71352","post","type-post","status-publish","format-standard","has-post-thumbnail","hentry","category-notizie","tag-fedaiisf","tag-informatori-scientifici","tag-leggisentenze"],"amp_enabled":true,"_links":{"self":[{"href":"https:\/\/www.fedaiisf.it\/en\/wp-json\/wp\/v2\/posts\/71352","targetHints":{"allow":["GET"]}}],"collection":[{"href":"https:\/\/www.fedaiisf.it\/en\/wp-json\/wp\/v2\/posts"}],"about":[{"href":"https:\/\/www.fedaiisf.it\/en\/wp-json\/wp\/v2\/types\/post"}],"author":[{"embeddable":true,"href":"https:\/\/www.fedaiisf.it\/en\/wp-json\/wp\/v2\/users\/4"}],"replies":[{"embeddable":true,"href":"https:\/\/www.fedaiisf.it\/en\/wp-json\/wp\/v2\/comments?post=71352"}],"version-history":[{"count":8,"href":"https:\/\/www.fedaiisf.it\/en\/wp-json\/wp\/v2\/posts\/71352\/revisions"}],"predecessor-version":[{"id":71363,"href":"https:\/\/www.fedaiisf.it\/en\/wp-json\/wp\/v2\/posts\/71352\/revisions\/71363"}],"wp:featuredmedia":[{"embeddable":true,"href":"https:\/\/www.fedaiisf.it\/en\/wp-json\/wp\/v2\/media\/71358"}],"wp:attachment":[{"href":"https:\/\/www.fedaiisf.it\/en\/wp-json\/wp\/v2\/media?parent=71352"}],"wp:term":[{"taxonomy":"category","embeddable":true,"href":"https:\/\/www.fedaiisf.it\/en\/wp-json\/wp\/v2\/categories?post=71352"},{"taxonomy":"post_tag","embeddable":true,"href":"https:\/\/www.fedaiisf.it\/en\/wp-json\/wp\/v2\/tags?post=71352"}],"curies":[{"name":"wp","href":"https:\/\/api.w.org\/{rel}","templated":true}]}}