{"id":71365,"date":"2023-04-14T12:07:48","date_gmt":"2023-04-14T10:07:48","guid":{"rendered":"https:\/\/www.fedaiisf.it\/?p=71365"},"modified":"2023-04-14T12:07:48","modified_gmt":"2023-04-14T10:07:48","slug":"payback-dispositivi-protesta-in-piazza-il-17-aprile","status":"publish","type":"post","link":"https:\/\/www.fedaiisf.it\/en\/payback-dispositivi-protesta-in-piazza-il-17-aprile\/","title":{"rendered":"Device paybacks. Protest in the square on April 17"},"content":{"rendered":"<h2>FIFO e PMI scendono in piazza contro il payback<\/h2>\n<p><a href=\"https:\/\/www.fifosanita.it\/?p=243464\" target=\"_blank\" rel=\"noopener\">Press release<\/a><\/p>\n<p>FIFO Confcommercio e PMI Sanit\u00e0 sosterranno e parteciperanno insieme alla manifestazione contro il <a href=\"https:\/\/www.fifosanita.it\/?page_id=242119\" target=\"_blank\" rel=\"noopener\">Payback<\/a> of the <strong>17 aprile a Roma<\/strong>, in <strong>piazza Repubblica<\/strong>, <strong>dalle ore 10.00<\/strong>.<\/p>\n<p><img loading=\"lazy\" decoding=\"async\" class=\"wp-image-71372 alignright\" src=\"https:\/\/www.fedaiisf.it\/wp-content\/uploads\/2023\/04\/spesa-pro-capite-dispositivi.png\" alt=\"\" width=\"514\" height=\"361\" srcset=\"https:\/\/www.fedaiisf.it\/wp-content\/uploads\/2023\/04\/spesa-pro-capite-dispositivi.png 1061w, https:\/\/www.fedaiisf.it\/wp-content\/uploads\/2023\/04\/spesa-pro-capite-dispositivi-300x211.png 300w, https:\/\/www.fedaiisf.it\/wp-content\/uploads\/2023\/04\/spesa-pro-capite-dispositivi-1024x719.png 1024w, https:\/\/www.fedaiisf.it\/wp-content\/uploads\/2023\/04\/spesa-pro-capite-dispositivi-768x539.png 768w\" sizes=\"auto, (max-width: 514px) 100vw, 514px\" \/>FIFO Sanit\u00e0 da mesi spinge per un dialogo con le forze politiche, allo scopo di risolvere una situazione ormai divenuta insostenibile per le aziende. L\u2019attuale normativa sul Payback mette a rischio migliaia di micro, piccole e medie imprese del settore delle forniture ospedaliere.<\/p>\n<p>La richiesta di confronto \u00e8 stata spesso parzialmente inascoltata o disattesa dalle istituzioni che, <strong>con il \u201cDl Energia\u201d hanno proposto uno sconto da 1 miliardo, condizionato alla rinuncia dei ricorsi al TAR<\/strong> per tutte le aziende. Questa soluzione, non solo non \u00e8 frutto di un confronto tra tutte le parti interessate, ma anche una proposta che <strong>non eviterebbe il fallimento di gran parte delle PMI.<\/strong><\/p>\n<p>Per questi motivi <strong>FIFO Sanit\u00e0 Confcommercio<\/strong> And <strong>PMI<\/strong> scenderanno in piazza, insieme a tutte le aziende associate, a Roma il 17 aprile, per ribadire la necessit\u00e0 e l\u2019urgenza di una soluzione che permetta alle aziende di continuare a rifornire gli ospedali italiani, evitando cos\u00ec una catastrofe per l\u2019interno Sistema Sanitario Nazionale.<\/p>\n<p>Per informazioni su come partecipare,\u00a0<a class=\"small-button smallblue\" href=\"https:\/\/www.fifosanita.it\/?page_id=815\" target=\"_blank\" rel=\"noopener\">CONTATTACI<\/a><\/p>\n<p style=\"text-align: center;\">__________________________<\/p>\n<p>Una &#8220;norma ingiusta&#8221; e &#8220;inapplicabile&#8221; che provocher\u00e0 la &#8220;chiusura delle piccole imprese&#8221; con migliaia di posti di lavoro persi e la fuga e il &#8220;disinvestimento delle grandi&#8221;. Questo il primo effetto del payback, secondo le imprese del biomedicale, ascoltate ieri in commissione Affari sociali della Camera, nonostante lo sconto di 41 miliardi previsto dal decreto bollette che costringer\u00e0 comunque entro il 30 giugno le imprese a pagare ancora un miliardo frutto dello sfondamento del tetto di spesa per gli acquisti di dispositivi medici tra il 2015-2018. A rischio anche qualit\u00e0 dei dispositivi e salute dei pazienti. (Fonte Il Sole 24 Ore).<\/p>\n<p style=\"text-align: center;\">________________________<\/p>\n<p>La situazione si \u00e8 fatta incandescente dallo scorso settembre, quando il governo Draghi ha dato il via libera al decreto Aiuti bis. All&#8217;interno, c&#8217;era anche il decreto 17 del 2015, fino ad allora rimasto in stand-by. Prevedeva che, in caso di sforamento del tetto di spesa per la sanit\u00e0 da parte delle Regioni, una parte dell&#8217;ammanco sarebbe stato a carico delle aziende fornitrici.<\/p>\n<p>Dal 2017, quella parte corrisponde al 50%, la met\u00e0, calcolata sul fatturato. A quel punto, le Regioni hanno fatto i conti. Gli anni calcolati vanno dal 2015 al 2018. Parecchie aziende hanno fatto ricorso. Per tutta risposta, la Regione si \u00e8 opposta, chiedendone il rigetto.<\/p>\n<p><img loading=\"lazy\" decoding=\"async\" class=\"wp-image-29256 alignleft\" src=\"https:\/\/www.fedaiisf.it\/wp-content\/uploads\/2016\/12\/dispositivi-medici.jpg\" alt=\"\" width=\"369\" height=\"189\" srcset=\"https:\/\/www.fedaiisf.it\/wp-content\/uploads\/2016\/12\/dispositivi-medici.jpg 586w, https:\/\/www.fedaiisf.it\/wp-content\/uploads\/2016\/12\/dispositivi-medici-300x154.jpg 300w\" sizes=\"auto, (max-width: 369px) 100vw, 369px\" \/>\u00ab\u00c8 una situazione in divenire che lascia le imprese in grande difficolt\u00e0. Non hanno accantonamenti e, in diversi casi, hanno fatto ricorso alle banche per proseguire l&#8217;attivit\u00e0. Temono un nuovo payback dal 2019 e non sanno se partecipare alle gare d&#8217;appalto perch\u00e9 hanno paura di creare ulteriori &#8220;debiti&#8221;\u00bb, dice l&#8217;Avv. Natali, riferendosi alle imprese marchigiane. Che parla di \u00abmanovra pericolosa per il Sistema sanitario nazionale, che pu\u00f2 portare un notevole abbassamento del livello di assistenza sanitaria, a discapito del cittadino\u00bb.<\/p>\n<p>Intanto, la petizione online &#8220;Aboliamo la legge sul payback che fara chiudere gli ospedali e fallire<br \/>\nchi li rifornisce&#8221;, lanciata dall&#8217;anconetano Daniele Ferretti, rivenditore di dispositivi medici, ha superato le 4.800 firme.<\/p>\n<p>Il governo ha deciso di prorogare il termine per il pagamento al 30 giugno, a patto che si rinunci ai ricorsi.<\/p>\n<p>Source <a href=\"https:\/\/www.cronacheancona.it\/2023\/04\/13\/payback-la-scadenza-si-allunga-stanno-provando-ad-abbonire-le-imprese-ma-il-sistema-sanitario-e-a-rischio\/435002\/\" target=\"_blank\" rel=\"noopener\">cronacheancona<\/a><\/p>\n<p>Related news: <a href=\"https:\/\/www.confindustriadm.it\/il-settore-in-numeri-2023\/\" target=\"_blank\" rel=\"noopener\">Il settore dispositivi medici in numeri<\/a><\/p>","protected":false},"excerpt":{"rendered":"<p>FIFO e PMI scendono in piazza contro il payback Comunicato Stampa FIFO Confcommercio e PMI Sanit\u00e0 sosterranno e parteciperanno insieme alla manifestazione contro il Payback del 17 aprile a Roma, in piazza Repubblica, dalle ore 10.00. FIFO Sanit\u00e0 da mesi spinge per un dialogo con le forze politiche, allo scopo di risolvere una situazione ormai &hellip;<\/p>","protected":false},"author":4,"featured_media":71374,"comment_status":"closed","ping_status":"closed","sticky":false,"template":"","format":"standard","meta":{"footnotes":""},"categories":[1],"tags":[79],"class_list":["post-71365","post","type-post","status-publish","format-standard","has-post-thumbnail","hentry","category-notizie","tag-ssn"],"amp_enabled":true,"_links":{"self":[{"href":"https:\/\/www.fedaiisf.it\/en\/wp-json\/wp\/v2\/posts\/71365","targetHints":{"allow":["GET"]}}],"collection":[{"href":"https:\/\/www.fedaiisf.it\/en\/wp-json\/wp\/v2\/posts"}],"about":[{"href":"https:\/\/www.fedaiisf.it\/en\/wp-json\/wp\/v2\/types\/post"}],"author":[{"embeddable":true,"href":"https:\/\/www.fedaiisf.it\/en\/wp-json\/wp\/v2\/users\/4"}],"replies":[{"embeddable":true,"href":"https:\/\/www.fedaiisf.it\/en\/wp-json\/wp\/v2\/comments?post=71365"}],"version-history":[{"count":7,"href":"https:\/\/www.fedaiisf.it\/en\/wp-json\/wp\/v2\/posts\/71365\/revisions"}],"predecessor-version":[{"id":71373,"href":"https:\/\/www.fedaiisf.it\/en\/wp-json\/wp\/v2\/posts\/71365\/revisions\/71373"}],"wp:featuredmedia":[{"embeddable":true,"href":"https:\/\/www.fedaiisf.it\/en\/wp-json\/wp\/v2\/media\/71374"}],"wp:attachment":[{"href":"https:\/\/www.fedaiisf.it\/en\/wp-json\/wp\/v2\/media?parent=71365"}],"wp:term":[{"taxonomy":"category","embeddable":true,"href":"https:\/\/www.fedaiisf.it\/en\/wp-json\/wp\/v2\/categories?post=71365"},{"taxonomy":"post_tag","embeddable":true,"href":"https:\/\/www.fedaiisf.it\/en\/wp-json\/wp\/v2\/tags?post=71365"}],"curies":[{"name":"wp","href":"https:\/\/api.w.org\/{rel}","templated":true}]}}