{"id":71415,"date":"2023-04-19T17:39:14","date_gmt":"2023-04-19T15:39:14","guid":{"rendered":"https:\/\/www.fedaiisf.it\/?p=71415"},"modified":"2023-04-21T19:25:41","modified_gmt":"2023-04-21T17:25:41","slug":"janssen-italia-per-intercettare-le-opportunita-si-tagliano-gli-informatori","status":"publish","type":"post","link":"https:\/\/www.fedaiisf.it\/en\/janssen-italia-per-intercettare-le-opportunita-si-tagliano-gli-informatori\/","title":{"rendered":"Janssen Italy. To intercept opportunities, informers are cut."},"content":{"rendered":"<p>I Sindacati scendono in piazza e indicono lo sciopero contro i licenziamenti alla <strong>Janssen di Cologno Monzese<\/strong>, azienda farmaceutica del gruppo americano Johnson&amp;Johnson, tra le prime del mercato italiano e in ottima salute.<a href=\"https:\/\/www.fedaiisf.it\/wp-content\/uploads\/2023\/02\/pharma-janssen.jpeg\"><img loading=\"lazy\" decoding=\"async\" class=\"wp-image-70718 alignright\" src=\"https:\/\/www.fedaiisf.it\/wp-content\/uploads\/2023\/02\/pharma-janssen-300x158.jpeg\" alt=\"\" width=\"351\" height=\"185\" srcset=\"https:\/\/www.fedaiisf.it\/wp-content\/uploads\/2023\/02\/pharma-janssen-300x158.jpeg 300w, https:\/\/www.fedaiisf.it\/wp-content\/uploads\/2023\/02\/pharma-janssen-1024x538.jpeg 1024w, https:\/\/www.fedaiisf.it\/wp-content\/uploads\/2023\/02\/pharma-janssen-768x403.jpeg 768w, https:\/\/www.fedaiisf.it\/wp-content\/uploads\/2023\/02\/pharma-janssen.jpeg 1200w\" sizes=\"auto, (max-width: 351px) 100vw, 351px\" \/><\/a><\/p>\n<p><strong>Sciopero contro i tagli<\/strong><\/p>\n<p>I sindacati confederali di categoria hanno proclamato uno <strong>sciopero di 8 ore per la giornata di gioved\u00ec 20 aprile, dalle ore 9 alle 13, davanti alla sede, in via Buonarroti 23<\/strong>. In tale circostanza sar\u00e0 organizzato un presidio per protestare <strong>contro il licenziamento di 57 dipendenti<\/strong>, fra informatori scientifici del farmaco e personale impiegatizio, sui circa 600 in organico.<\/p>\n<p>As <strong>Rino Fresca, secretary of the Femca Cisl of Milan<\/strong>:<br \/>\n\u201c<em>E\u2019 una decisione inaccettabile, considerando che la Janssen \u00e8 in salute e lo scorso anno ha fatturato fra 1,2 e 1,3 miliardi di euro. L\u2019azienda sostiene che la presenza di alcune figure non \u00e8 prevista dalle modifiche organizzative, ma \u00e8 una scusa che non regge: degli informatori c\u2019\u00e8 ancora bisogno, mentre la quota di personale considerato in esubero potrebbe essere tranquillamente ricollocata all\u2019interno.<\/em>\u201d<\/p>\n<p><strong>Procedura aperta da un mese<\/strong><\/p>\n<p>La procedura di licenziamento collettivo per 57 dipendenti \u00e8 stata aperta agli inizi del marzo scorso. Sono seguiti alcuni incontri in Assolombarda, fino all\u2019ultimo, tenutosi il 12 aprile, che ha sancito la distanza incolmabile fra le parti. Da qui la decisione di indire lo sciopero e il presidio.<\/p>\n<p>Ha aggiunto Fresca in proposito:<br \/>\n<em>\u201cNoi abbiamo chiesto di aprire un ragionamento su eventuali esodi volontari e percorsi di accompagnamento alla pensione, ma l\u2019azienda ha rifiutato. La cosa assurda \u00e8 che vogliono licenziare, ma hanno recentemente assunto 18 giovani e figurano in organico 31 addetti con contratto di somministrazione. C\u2019\u00e8 qualcosa che non torna. In realt\u00e0 la decisione \u00e8 imposta a livello internazionale e noi vogliamo tutelare i lavoratori di Cologno Monzese.\u201d<\/em><\/p>\n<p>&nbsp;<\/p>\n<hr \/>\n<p>Related articles:<\/p>\n<p><em>FEDAISF<\/em> <em>&#8211; 24 Febbraio 2023\u00a0\u00a0<\/em><a href=\"https:\/\/www.fedaiisf.it\/en\/janssen-cilag-apre-procedura-di-licenziamento-collettivo-in-mobilita-31-informatori-scientifici\/\">Janssen Cilag opens collective dismissal procedure. 31 scientific informants made redundant<\/a><\/p>\n<p class=\"l-entry__title u-heading-01 u-mb-small\" data-amp=\"amp-title\"><a href=\"https:\/\/www.today.it\/economia\/azienda-licenzia-57-lavoratori.html\" target=\"_blank\" rel=\"noopener\">L&#8217;azienda che licenzia 57 lavoratori, ma fattura pi\u00f9 di un miliardo di euro<\/a><\/p>\n<p><a href=\"https:\/\/www.collettiva.it\/copertine\/lavoro\/2023\/04\/19\/news\/janssen-farmaceutica-licenziamenti-2941165\/\" target=\"_blank\" rel=\"noopener\">Janssen, sciopero e presidio contro gli esuberi<\/a>. &#8220;La cosa assurda \u00e8 che vogliono licenziare, ma recentemente hanno assunto 18 giovani e figurano in organico 31 addetti con contratto di somministrazione&#8221;.\u00a0Su ingressi e fuoriuscite i conti non tornano<\/p>\n<p>.<\/p>\n<hr \/>\n<p>Ed<\/p>\n<p>&#8220;Si rende cos\u00ec inevitabile &#8211; dice il comunicato aziendale &#8211; semplificare il modello operativo attraverso l\u2019eliminazione delle duplicazioni di attivit\u00e0, nonch\u00e9 la razionalizzazione delle figure di supporto amministrativo, attraverso investimenti su automazione e digitalizzazione dei processi.&#8221;<\/p>\n<p>Belle parole per concetti molto semplici: gli Informatori vengono sostituiti da software.<\/p>","protected":false},"excerpt":{"rendered":"<p>I Sindacati scendono in piazza e indicono lo sciopero contro i licenziamenti alla Janssen di Cologno Monzese, azienda farmaceutica del gruppo americano Johnson&amp;Johnson, tra le prime del mercato italiano e in ottima salute. Sciopero contro i tagli I sindacati confederali di categoria hanno proclamato uno sciopero di 8 ore per la giornata di gioved\u00ec 20 &hellip;<\/p>","protected":false},"author":1,"featured_media":70719,"comment_status":"closed","ping_status":"closed","sticky":false,"template":"","format":"standard","meta":{"footnotes":""},"categories":[16],"tags":[47,21,27,38,44],"class_list":["post-71415","post","type-post","status-publish","format-standard","has-post-thumbnail","hentry","category-primo-piano","tag-big-pharma","tag-informatori-scientifici","tag-licenziati","tag-n-d-r","tag-sindacati"],"amp_enabled":true,"_links":{"self":[{"href":"https:\/\/www.fedaiisf.it\/en\/wp-json\/wp\/v2\/posts\/71415","targetHints":{"allow":["GET"]}}],"collection":[{"href":"https:\/\/www.fedaiisf.it\/en\/wp-json\/wp\/v2\/posts"}],"about":[{"href":"https:\/\/www.fedaiisf.it\/en\/wp-json\/wp\/v2\/types\/post"}],"author":[{"embeddable":true,"href":"https:\/\/www.fedaiisf.it\/en\/wp-json\/wp\/v2\/users\/1"}],"replies":[{"embeddable":true,"href":"https:\/\/www.fedaiisf.it\/en\/wp-json\/wp\/v2\/comments?post=71415"}],"version-history":[{"count":7,"href":"https:\/\/www.fedaiisf.it\/en\/wp-json\/wp\/v2\/posts\/71415\/revisions"}],"predecessor-version":[{"id":71436,"href":"https:\/\/www.fedaiisf.it\/en\/wp-json\/wp\/v2\/posts\/71415\/revisions\/71436"}],"wp:featuredmedia":[{"embeddable":true,"href":"https:\/\/www.fedaiisf.it\/en\/wp-json\/wp\/v2\/media\/70719"}],"wp:attachment":[{"href":"https:\/\/www.fedaiisf.it\/en\/wp-json\/wp\/v2\/media?parent=71415"}],"wp:term":[{"taxonomy":"category","embeddable":true,"href":"https:\/\/www.fedaiisf.it\/en\/wp-json\/wp\/v2\/categories?post=71415"},{"taxonomy":"post_tag","embeddable":true,"href":"https:\/\/www.fedaiisf.it\/en\/wp-json\/wp\/v2\/tags?post=71415"}],"curies":[{"name":"wp","href":"https:\/\/api.w.org\/{rel}","templated":true}]}}