{"id":71549,"date":"2023-04-29T12:29:33","date_gmt":"2023-04-29T10:29:33","guid":{"rendered":"https:\/\/www.fedaiisf.it\/?p=71549"},"modified":"2023-04-29T12:29:33","modified_gmt":"2023-04-29T10:29:33","slug":"ordinanza-mascherina-resta-lobbligo-nelle-rsa-e-nei-reparti-ove-sono-anziani-fragili-e-immunodepressi","status":"publish","type":"post","link":"https:\/\/www.fedaiisf.it\/en\/ordinanza-mascherina-resta-lobbligo-nelle-rsa-e-nei-reparti-ove-sono-anziani-fragili-e-immunodepressi\/","title":{"rendered":"Order. Mask, the obligation remains in the RSA and in the wards where they are elderly, frail and immunosuppressed"},"content":{"rendered":"<p><em>Resta l\u2019obbligo di indossare la mascherina fino al prossimo 31 dicembre \u00a0nelle Residenze sanitarie per gli <img loading=\"lazy\" decoding=\"async\" class=\"size-full wp-image-70168 alignright\" src=\"https:\/\/www.fedaiisf.it\/wp-content\/uploads\/2023\/01\/Orazio_Schillaci_200x200.jpeg\" alt=\"\" width=\"200\" height=\"200\" srcset=\"https:\/\/www.fedaiisf.it\/wp-content\/uploads\/2023\/01\/Orazio_Schillaci_200x200.jpeg 200w, https:\/\/www.fedaiisf.it\/wp-content\/uploads\/2023\/01\/Orazio_Schillaci_200x200-150x150.jpeg 150w\" sizes=\"auto, (max-width: 200px) 100vw, 200px\" \/>anziani e in molti reparti degli ospedali e in particolare l\u00ec dove ci sono \u00abanziani, fragili e immunodepressi\u00bb. <\/em><\/p>\n<p><em>Toccher\u00e0 alle direzioni sanitarie degli ospedali decidere se estendere l\u2019obbligo anche negli altri reparti e nelle sale d\u2019attesa, mentre medici di famiglia e pediatri decideranno per i loro ambulatori. <\/em><\/p>\n<p><em>Il ricorso al tampone per l\u2019accesso in pronto soccorso (ora non pi\u00f9 obbligatorio) sar\u00e0 infine sempre a discrezione delle direzioni sanitarie o delle autorit\u00e0 regionali. Riportiamo l\u2019ordinanza \u00a0firmata dal ministro della Salute <b>Orazio Schillaci.<\/b><\/em><\/p>\n<p style=\"text-align: center;\"><strong><span style=\"font-family: arial, helvetica, sans-serif;\">THE MINISTER OF HEALTH<\/span><\/strong><\/p>\n<p><img loading=\"lazy\" decoding=\"async\" class=\"size-full wp-image-71550 aligncenter\" src=\"https:\/\/www.fedaiisf.it\/wp-content\/uploads\/2023\/04\/ordinanza-mascherine.png\" alt=\"\" width=\"773\" height=\"923\" srcset=\"https:\/\/www.fedaiisf.it\/wp-content\/uploads\/2023\/04\/ordinanza-mascherine.png 773w, https:\/\/www.fedaiisf.it\/wp-content\/uploads\/2023\/04\/ordinanza-mascherine-251x300.png 251w, https:\/\/www.fedaiisf.it\/wp-content\/uploads\/2023\/04\/ordinanza-mascherine-768x917.png 768w\" sizes=\"auto, (max-width: 773px) 100vw, 773px\" \/><\/p>","protected":false},"excerpt":{"rendered":"<p>Resta l\u2019obbligo di indossare la mascherina fino al prossimo 31 dicembre \u00a0nelle Residenze sanitarie per gli anziani e in molti reparti degli ospedali e in particolare l\u00ec dove ci sono \u00abanziani, fragili e immunodepressi\u00bb. Toccher\u00e0 alle direzioni sanitarie degli ospedali decidere se estendere l\u2019obbligo anche negli altri reparti e nelle sale d\u2019attesa, mentre medici di &hellip;<\/p>","protected":false},"author":4,"featured_media":69861,"comment_status":"closed","ping_status":"closed","sticky":false,"template":"","format":"standard","meta":{"footnotes":""},"categories":[1],"tags":[],"class_list":["post-71549","post","type-post","status-publish","format-standard","has-post-thumbnail","hentry","category-notizie"],"amp_enabled":true,"_links":{"self":[{"href":"https:\/\/www.fedaiisf.it\/en\/wp-json\/wp\/v2\/posts\/71549","targetHints":{"allow":["GET"]}}],"collection":[{"href":"https:\/\/www.fedaiisf.it\/en\/wp-json\/wp\/v2\/posts"}],"about":[{"href":"https:\/\/www.fedaiisf.it\/en\/wp-json\/wp\/v2\/types\/post"}],"author":[{"embeddable":true,"href":"https:\/\/www.fedaiisf.it\/en\/wp-json\/wp\/v2\/users\/4"}],"replies":[{"embeddable":true,"href":"https:\/\/www.fedaiisf.it\/en\/wp-json\/wp\/v2\/comments?post=71549"}],"version-history":[{"count":2,"href":"https:\/\/www.fedaiisf.it\/en\/wp-json\/wp\/v2\/posts\/71549\/revisions"}],"predecessor-version":[{"id":71552,"href":"https:\/\/www.fedaiisf.it\/en\/wp-json\/wp\/v2\/posts\/71549\/revisions\/71552"}],"wp:featuredmedia":[{"embeddable":true,"href":"https:\/\/www.fedaiisf.it\/en\/wp-json\/wp\/v2\/media\/69861"}],"wp:attachment":[{"href":"https:\/\/www.fedaiisf.it\/en\/wp-json\/wp\/v2\/media?parent=71549"}],"wp:term":[{"taxonomy":"category","embeddable":true,"href":"https:\/\/www.fedaiisf.it\/en\/wp-json\/wp\/v2\/categories?post=71549"},{"taxonomy":"post_tag","embeddable":true,"href":"https:\/\/www.fedaiisf.it\/en\/wp-json\/wp\/v2\/tags?post=71549"}],"curies":[{"name":"wp","href":"https:\/\/api.w.org\/{rel}","templated":true}]}}