{"id":71966,"date":"2023-05-30T12:05:45","date_gmt":"2023-05-30T10:05:45","guid":{"rendered":"https:\/\/www.fedaiisf.it\/?p=71966"},"modified":"2023-06-04T18:17:55","modified_gmt":"2023-06-04T16:17:55","slug":"alluvione-in-emilia-romagna-si-continua-a-lavorare-e-si-contano-i-danni-dai-il-tuo-aiuto","status":"publish","type":"post","link":"https:\/\/www.fedaiisf.it\/en\/alluvione-in-emilia-romagna-si-continua-a-lavorare-e-si-contano-i-danni-dai-il-tuo-aiuto\/","title":{"rendered":"Flood in Emilia Romagna. We continue to work and count the damage. Give your help"},"content":{"rendered":"<p>30 maggio &#8211; <strong>Primo giorno di allerta gialla<\/strong> a quasi venti giorni dalla devastante alluvione che ha colpito l&#8217;Emilia Romagna.<a href=\"https:\/\/www.fedaiisf.it\/wp-content\/uploads\/2023\/05\/23.05.25-ALLUVIONE-ALLERTA-METEO.jpg\"><img loading=\"lazy\" decoding=\"async\" class=\"size-medium wp-image-71970 alignright\" src=\"https:\/\/www.fedaiisf.it\/wp-content\/uploads\/2023\/05\/23.05.25-ALLUVIONE-ALLERTA-METEO-300x165.jpg\" alt=\"\" width=\"300\" height=\"165\" srcset=\"https:\/\/www.fedaiisf.it\/wp-content\/uploads\/2023\/05\/23.05.25-ALLUVIONE-ALLERTA-METEO-300x165.jpg 300w, https:\/\/www.fedaiisf.it\/wp-content\/uploads\/2023\/05\/23.05.25-ALLUVIONE-ALLERTA-METEO.jpg 556w\" sizes=\"auto, (max-width: 300px) 100vw, 300px\" \/><\/a><\/p>\n<p>Oggi arriva nelle zone colpite il Presidente della Repubblica <strong>Sergio Mattarella<\/strong> che ieri ha ricevuto il Premio Paolo VI e ha deciso di destinare il ricavato alla comunit\u00e0 Giovanni XXIII per le case di accoglienza colpite dall&#8217;alluvione.<\/p>\n<p><strong>Si continua a lavorare strenuamente<\/strong> per rimuovere i liquami e il fango che non se ne vanno, nonostante l&#8217;attivit\u00e0 incessante da giorni di pompe e idrovore. Dall&#8217;inizio della emergenza sono oltre 9.000 gli interventi fatti dal Corpo Nazionale dei Vigili del Fuoco, con 752 uomini impegnati nelle operazioni di soccorso: 163 nella provincia di Forli e 325 in quello di Ravenna che sono i territori dove permangono le maggiori criticit\u00e0.<\/p>\n<p>Sono sul campo <strong>1.970 volontari della Protezione Civile e delle Associazioni<\/strong> e su questi non possiamo che continuare a spendere parole di lode per il coraggio e l&#8217;abnegazione ammirevoli.<\/p>\n<p>Oggi riapre la lineea ferroviaria Mestre-Ravenna-Rimini mentre ieri ha riaperto quella che collega Bologna a Rimini, rimasta interrotta nel tratto tra Faenza e Forli.\u00a0 Forse si inizia a fare una stima dei danni, che appaiono enormi a tutti gli esperti.<\/p>\n<p>A noi sembra pi\u00f9 appropriato <strong>parlare delle persone<\/strong>, perch\u00e8 \u00e8 certo che tante persone hanno perso completamente la casa, altre hanno subito gravi danni, molte sono ancora sfollate (sono scese a 1.400 quelle accolte nelle strutture messe a disposizione dalla Protezione Civile o in albergo e la stima complessiva \u00e8 di quasi 20.000). Tanti si trovano e si troveranno in gravi difficolt\u00e0 economiche per le aziende commerciali, artigiane, agricole, industriali che hanno dovuto fermarsi e ancora non sanno come ripartire.<\/p>\n<p>La bella favola secondo la quale si ripartir\u00e0 al ritmo di valzer con <strong>&#8220;Romagna mia&#8221;<\/strong> cantata a squarciagola perch\u00e8 i romagnoli sono sempre capaci di farcela temiamo che faccia pi\u00f9 male che bene.<\/p>\n<p>Si ripartir\u00e0 se sapremo stringerci a chi oggi \u00e8 in difficolt\u00e0. Se sapremo sentire vicine le persone che ora soffrono perch\u00e8 in questo nostro Paese fragile non \u00e8 la prima volta che si verifica un disastro e purtroppo non sar\u00e0 certamente l&#8217;ultima.<\/p>\n<p>Fa male apprendere che le Assicurazioni rifonderanno ben poco perch\u00e8 per gli eventi catastrofici \u00e8 cosi, le assicurazioni casa in Italia sono poche, si pensa a una riforma, eccetera&#8230;<\/p>\n<p><strong>Fedaiisf ha scelto di rivolgere un aiuto, immediato e trasparente a favore dei colleghi che hanno subito i danni pi\u00f9 ingenti: al momento ne sono stati censiti 4.<\/strong>\u00a0 Una collega ha la casa completamente inagibile, non si sa se e quando potr\u00e0 tornarvi ed al momento \u00e8 sfollata. Gli altri colleghi hanno avuto danni ingenti (due sono marito e moglie).<\/p>\n<p><strong>Rinnoviamo l&#8217;appello a fare una donazione volontaria:\u00a0<\/strong><\/p>\n<p style=\"font-weight: 400;\">sul conto corrente Banca Generali intestato a\u00a0<strong>Fedaisf\u00a0<\/strong><\/p>\n<p style=\"font-weight: 400; text-align: center;\"><span style=\"font-size: 14pt;\"><strong>IBAN IT82A0307502200CC8500867357\u00a0<\/strong><\/span><\/p>\n<p style=\"font-weight: 400; text-align: center;\">causal <strong>\u201cEmilia-Romagna flood\u201d<\/strong>.<\/p>\n<p>La scadenza \u00e8 il 6 giugno.<\/p>\n<hr \/>\n<p><a href=\"https:\/\/www.fedaiisf.it\/wp-admin\/post.php?post=71857&amp;action=edit\" target=\"_blank\" rel=\"noopener\">Fedaiisf &#8211; Alluvione. Aiutiamo gli informatori della Romagna che hanno perso tutto &#8211; 26 maggio<\/a><\/p>\n<p><a href=\"https:\/\/youtu.be\/HMz-uAI9AAA\" target=\"_blank\" rel=\"noopener\">Video Mattarella in Romagna<\/a><\/p>","protected":false},"excerpt":{"rendered":"<p>30 maggio &#8211; Primo giorno di allerta gialla a quasi venti giorni dalla devastante alluvione che ha colpito l&#8217;Emilia Romagna. Oggi arriva nelle zone colpite il Presidente della Repubblica Sergio Mattarella che ieri ha ricevuto il Premio Paolo VI e ha deciso di destinare il ricavato alla comunit\u00e0 Giovanni XXIII per le case di accoglienza &hellip;<\/p>","protected":false},"author":1,"featured_media":71978,"comment_status":"closed","ping_status":"closed","sticky":false,"template":"","format":"standard","meta":{"footnotes":""},"categories":[1],"tags":[21],"class_list":["post-71966","post","type-post","status-publish","format-standard","has-post-thumbnail","hentry","category-notizie","tag-informatori-scientifici"],"amp_enabled":true,"_links":{"self":[{"href":"https:\/\/www.fedaiisf.it\/en\/wp-json\/wp\/v2\/posts\/71966","targetHints":{"allow":["GET"]}}],"collection":[{"href":"https:\/\/www.fedaiisf.it\/en\/wp-json\/wp\/v2\/posts"}],"about":[{"href":"https:\/\/www.fedaiisf.it\/en\/wp-json\/wp\/v2\/types\/post"}],"author":[{"embeddable":true,"href":"https:\/\/www.fedaiisf.it\/en\/wp-json\/wp\/v2\/users\/1"}],"replies":[{"embeddable":true,"href":"https:\/\/www.fedaiisf.it\/en\/wp-json\/wp\/v2\/comments?post=71966"}],"version-history":[{"count":11,"href":"https:\/\/www.fedaiisf.it\/en\/wp-json\/wp\/v2\/posts\/71966\/revisions"}],"predecessor-version":[{"id":71991,"href":"https:\/\/www.fedaiisf.it\/en\/wp-json\/wp\/v2\/posts\/71966\/revisions\/71991"}],"wp:featuredmedia":[{"embeddable":true,"href":"https:\/\/www.fedaiisf.it\/en\/wp-json\/wp\/v2\/media\/71978"}],"wp:attachment":[{"href":"https:\/\/www.fedaiisf.it\/en\/wp-json\/wp\/v2\/media?parent=71966"}],"wp:term":[{"taxonomy":"category","embeddable":true,"href":"https:\/\/www.fedaiisf.it\/en\/wp-json\/wp\/v2\/categories?post=71966"},{"taxonomy":"post_tag","embeddable":true,"href":"https:\/\/www.fedaiisf.it\/en\/wp-json\/wp\/v2\/tags?post=71966"}],"curies":[{"name":"wp","href":"https:\/\/api.w.org\/{rel}","templated":true}]}}