{"id":71982,"date":"2023-06-01T11:22:45","date_gmt":"2023-06-01T09:22:45","guid":{"rendered":"https:\/\/www.fedaiisf.it\/?p=71982"},"modified":"2023-06-06T12:04:11","modified_gmt":"2023-06-06T10:04:11","slug":"sardegna-aiisf-un-defibrillatore-in-memoria-di-tonino-dessi","status":"publish","type":"post","link":"https:\/\/www.fedaiisf.it\/en\/sardegna-aiisf-un-defibrillatore-in-memoria-di-tonino-dessi\/","title":{"rendered":"Sardinia. AIISF: A defibrillator in memory of Tonino Dess\u00ec"},"content":{"rendered":"<p style=\"font-weight: 400;\"><span style=\"font-size: 18pt;\">AIISF: Un defibrillatore in memoria di Tonino Dess\u00ec. Cerimonia all&#8217;ex <img loading=\"lazy\" decoding=\"async\" class=\"wp-image-71985 alignright\" src=\"https:\/\/www.fedaiisf.it\/wp-content\/uploads\/2023\/06\/sardegna-defri.png\" alt=\"\" width=\"188\" height=\"666\" srcset=\"https:\/\/www.fedaiisf.it\/wp-content\/uploads\/2023\/06\/sardegna-defri.png 233w, https:\/\/www.fedaiisf.it\/wp-content\/uploads\/2023\/06\/sardegna-defri-85x300.png 85w\" sizes=\"auto, (max-width: 188px) 100vw, 188px\" \/>Convento<\/span><\/p>\n<p><span style=\"font-size: 14pt;\">L\u2019Associazione Italiana Informatori Scientifici del Farmaco A.I.I.S.F., Sezione interprovinciale, ha donato un defibrillatore all\u2019Amministrazione Comunale di Quartu Sant\u2019Elena per la creazione di un\u2019area cardioprotetta presso l\u2019ex Convento dei Cappuccini, in memoria del dottor Antonino Dess\u00ec, recentemente scomparso.<\/span><\/p>\n<p><a href=\"https:\/\/www.comune.quartu.ca.it\/novita\/notizie\/6649-un-defibrillatore-in-convento-in-memoria-di-tonino-dessi\" target=\"_blank\" rel=\"noopener\">Comune di Quartu Sant&#8217;Elena &#8211; 31 maggio 2023<\/a><\/p>\n<p>L\u2019Associazione Italiana Informatori Scientifici del Farmaco A.I.I.S.F., Sezione interprovinciale, ha donato un defibrillatore all\u2019Amministrazione Comunale di Quartu Sant\u2019Elena per la creazione di un\u2019area cardioprotetta presso l\u2019ex Convento dei Cappuccini, in memoria del dottor Antonino Dess\u00ec, recentemente scomparso.<\/p>\n<p>&#8220;Un bel gesto che salutiamo con affetto e che nel rendere omaggio a\u00a0 Tonino Dess\u00ec regala anche un presidio fondamentale alla citt\u00e0&#8221;, ha commentato il Sindaco Graziano Milia salutando i presenti, fra cui, oltre ai parenti di dottor Dess\u00ec e i rappresentanti dell&#8217;Associazione, vi era anche una delegazione di consiglieri ed assessori.\u00a0&#8220;Tonino avrebbe apprezzato un gesto concreto che \u00e8 stato fatto per la citt\u00e0&#8221;, ha commentato il consigliere Michele Pisano.<\/p>\n<p>&#8220;Il dottor Tonino Dess\u00ec era un amico, una persona generosa che pensava al bene degli altri: per questo abbiamo pensato ad un\u2019iniziativa concreta che si ispirasse ai suoi valori&#8221;, ha spiegato il presidente dell&#8217;Associazione Andrea Deiana. &#8220;Il defibrillatore salva vite: quando ad essere decisivi sono i secondi poter contare su un presidio come questo fa la differenza. Oggi \u00e8 l\u2019inizio di un percorso: metteremo anche a disposizione un corso per operatori per far si che lo strumento possa essere subito operativo&#8221;.<\/p>\n<p>Deiana ha poi annunciato che fra gli obiettivi dell\u2019Associazione vi \u00e8 quello di formare all\u2019utilizzo del defibrillatore tutti i professionisti informatori scientifici presenti in Sardegna, concretizzando cos\u00ec un impegno sociale e civico concreto nei confronti della popolazione dell&#8217;isola.<\/p>\n<p><img loading=\"lazy\" decoding=\"async\" class=\"alignnone size-full wp-image-71986\" src=\"https:\/\/www.fedaiisf.it\/wp-content\/uploads\/2023\/06\/Schermata-2023-06-01-alle-11.09.08.png\" alt=\"\" width=\"354\" height=\"613\" srcset=\"https:\/\/www.fedaiisf.it\/wp-content\/uploads\/2023\/06\/Schermata-2023-06-01-alle-11.09.08.png 354w, https:\/\/www.fedaiisf.it\/wp-content\/uploads\/2023\/06\/Schermata-2023-06-01-alle-11.09.08-173x300.png 173w\" sizes=\"auto, (max-width: 354px) 100vw, 354px\" \/><\/p>\n<p>&nbsp;<\/p>","protected":false},"excerpt":{"rendered":"<p>AIISF: Un defibrillatore in memoria di Tonino Dess\u00ec. Cerimonia all&#8217;ex Convento L\u2019Associazione Italiana Informatori Scientifici del Farmaco A.I.I.S.F., Sezione interprovinciale, ha donato un defibrillatore all\u2019Amministrazione Comunale di Quartu Sant\u2019Elena per la creazione di un\u2019area cardioprotetta presso l\u2019ex Convento dei Cappuccini, in memoria del dottor Antonino Dess\u00ec, recentemente scomparso. Comune di Quartu Sant&#8217;Elena &#8211; 31 maggio &hellip;<\/p>","protected":false},"author":4,"featured_media":71988,"comment_status":"closed","ping_status":"closed","sticky":false,"template":"","format":"standard","meta":{"footnotes":""},"categories":[14],"tags":[45],"class_list":["post-71982","post","type-post","status-publish","format-standard","has-post-thumbnail","hentry","category-news-fedaiisf","tag-fedaiisf"],"amp_enabled":true,"_links":{"self":[{"href":"https:\/\/www.fedaiisf.it\/en\/wp-json\/wp\/v2\/posts\/71982","targetHints":{"allow":["GET"]}}],"collection":[{"href":"https:\/\/www.fedaiisf.it\/en\/wp-json\/wp\/v2\/posts"}],"about":[{"href":"https:\/\/www.fedaiisf.it\/en\/wp-json\/wp\/v2\/types\/post"}],"author":[{"embeddable":true,"href":"https:\/\/www.fedaiisf.it\/en\/wp-json\/wp\/v2\/users\/4"}],"replies":[{"embeddable":true,"href":"https:\/\/www.fedaiisf.it\/en\/wp-json\/wp\/v2\/comments?post=71982"}],"version-history":[{"count":3,"href":"https:\/\/www.fedaiisf.it\/en\/wp-json\/wp\/v2\/posts\/71982\/revisions"}],"predecessor-version":[{"id":71987,"href":"https:\/\/www.fedaiisf.it\/en\/wp-json\/wp\/v2\/posts\/71982\/revisions\/71987"}],"wp:featuredmedia":[{"embeddable":true,"href":"https:\/\/www.fedaiisf.it\/en\/wp-json\/wp\/v2\/media\/71988"}],"wp:attachment":[{"href":"https:\/\/www.fedaiisf.it\/en\/wp-json\/wp\/v2\/media?parent=71982"}],"wp:term":[{"taxonomy":"category","embeddable":true,"href":"https:\/\/www.fedaiisf.it\/en\/wp-json\/wp\/v2\/categories?post=71982"},{"taxonomy":"post_tag","embeddable":true,"href":"https:\/\/www.fedaiisf.it\/en\/wp-json\/wp\/v2\/tags?post=71982"}],"curies":[{"name":"wp","href":"https:\/\/api.w.org\/{rel}","templated":true}]}}