{"id":72476,"date":"2023-06-30T11:12:35","date_gmt":"2023-06-30T09:12:35","guid":{"rendered":"https:\/\/www.fedaiisf.it\/?p=72476"},"modified":"2023-06-30T19:26:50","modified_gmt":"2023-06-30T17:26:50","slug":"sez-aiisf-messina-secondo-incontro-delle-giornate-a-tema-dedicato-alla-complessa-giungla-dei-vari-contratti-degli-isf","status":"publish","type":"post","link":"https:\/\/www.fedaiisf.it\/en\/sez-aiisf-messina-secondo-incontro-delle-giornate-a-tema-dedicato-alla-complessa-giungla-dei-vari-contratti-degli-isf\/","title":{"rendered":"Section AIISF Messina. Second meeting of the &quot;Theme Days&quot; dedicated to the complex &quot;jungle&quot; of the various Isf contracts"},"content":{"rendered":"<p style=\"font-weight: 400; text-align: justify;\"><span style=\"color: #000000;\">Venerd\u00ec 23\/06\/23, alle 18:30, presso il MAD di Milazzo (ME), si \u00e8 svolto il secondo incontro delle &#8220;<em>Giornate a Tema<\/em>&#8220;, iniziativa organizzata dal direttivo AIISF Sez. Messina, avente come ambizioso fine quello di <img loading=\"lazy\" decoding=\"async\" class=\"wp-image-72479 alignright\" src=\"https:\/\/www.fedaiisf.it\/wp-content\/uploads\/2023\/06\/job-meetingHP-contratto-ISF.jpeg\" alt=\"\" width=\"236\" height=\"222\" srcset=\"https:\/\/www.fedaiisf.it\/wp-content\/uploads\/2023\/06\/job-meetingHP-contratto-ISF.jpeg 476w, https:\/\/www.fedaiisf.it\/wp-content\/uploads\/2023\/06\/job-meetingHP-contratto-ISF-300x282.jpeg 300w, https:\/\/www.fedaiisf.it\/wp-content\/uploads\/2023\/06\/job-meetingHP-contratto-ISF-13x12.jpeg 13w\" sizes=\"auto, (max-width: 236px) 100vw, 236px\" \/>riuscire a districarsi nella complessa \u201cgiungla\u201d dei vari contratti degli Isf, argomento di grande interesse per la categoria degli informatori, ancor di pi\u00f9 considerando il momento evolutivo che stiamo vivendo.<\/span><\/p>\n<p style=\"font-weight: 400; text-align: justify;\"><span style=\"color: #000000;\">Nel primo incontro (cos\u00ec intitolato: \u201c<em>Contratti informatori scientifici, agenti, consulenti, procacciatori di affari: aspetti legali nelle assunzioni e nei licenziamenti\u201d),<\/em> svoltosi il 4\/05\/23 presso l&#8217;aula magna della Cisl di Messina, si \u00e8 spaziato sul complesso &#8220;mondo dei contratti degli Isf&#8221;.<\/span><\/p>\n<p style=\"font-weight: 400; text-align: justify;\"><span style=\"color: #000000;\">In questo secondo incontro, dal titolo \u201c<em>Tutti i contratti degli Isf sono legali?\u201d,<\/em> se vogliamo anche un po\u2019 provocatorio, si \u00e8 invece sottolineata la criticit\u00e0 delle varie tipologie di contratti, dovuta alle lacune della normativa vigente che ha consentito alle aziende farmaceutiche di assumere Isf con le pi\u00f9 disparate forme contrattuali, alcune delle quali hanno snaturato la figura dell\u2019Isf.<\/span><\/p>\n<p style=\"font-weight: 400; text-align: justify;\"><span style=\"color: #000000;\">L&#8217;incontro \u00e8 stato trattato, cos\u00ec come il primo, dall\u2019avv. Concetta Bosurgi, esperta in diritto del lavoro e nelle controversie a tutela degli isf e di categorie affini, nonch\u00e9 Presidente della Consulta Europea per i diritti umani e civili.<\/span><\/p>\n<p style=\"font-weight: 400; text-align: justify;\"><span style=\"color: #000000;\">L&#8217;avvocato a fine incontro ha cos\u00ec dichiarato: <em>\u2018Mai come oggi la conoscenza dei diritti nei contratti che le aziende farmaceutiche sottopongono agli Isf all\u2019inizio del rapporto, pu\u00f2 diventare strumento per una riforma legislativa finalizzata a garantire chiarezza, uniformit\u00e0 di trattamento, tutele legali ed in generale maggiore dignit\u00e0 alla professione dell\u2019Isf, anche ai fini dell\u2019appropriatezza prescrittiva che ha come scopo finale la tutela del diritto alla salute del cittadino. Pure la conoscenza dei diritti alla fine del rapporto pu\u00f2 aiutare l\u2019Isf ad evitare di soccombere rispetto a decisioni prese unilateralmente dai colossi farmaceutici, che spesso celano vere e proprie violazioni di legge, a tutto discapito dei lavoratori. L\u2019esperienza ha dimostrato che, nel 100% dei casi in cui l\u2019Isf, alla fine del rapporto lavorativo, si \u00e9 rivolto ad un legale esperto in materia, la situazione si \u00e8 ribaltata a proprio favore: ha vinto la causa oppure accettato una transazione economica proposta dall\u2019azienda con clausola di riservatezza\u2019.<\/em><\/span><\/p>\n<p style=\"font-weight: 400; text-align: justify;\"><span style=\"color: #000000;\">L\u2019incontro, fortemente voluto dal Presidente dell\u2019Aiisf di Messina Angelo Bagnara, a cui hanno partecipato una delegazione della sezione Aiisf di Catania capeggiata dal suo vice-presidente Francesca Romana Piazza, il tesoriere nazionale Aiisf, Salvatore Messina ed un discreto numero di Isf, ha riscosso grande successo e si \u00e8 concluso con un momento di piacevole convivialit\u00e0 tenutosi intorno ad un tavolo di ottime degustazioni enogastronomiche.<\/span><\/p>\n<p style=\"font-weight: 400; text-align: justify;\"><span style=\"color: #000000;\">L\u2019auspicio \u00e8 quello di una maggiore divulgazione di delicati temi come quello trattato, che riguardano la vita di ogni Isf, che si pu\u00f2 realizzare solo grazie ad una sempre pi\u00f9 diffusa aggregazione di categoria.<\/span><\/p>\n<p style=\"text-align: justify;\"><span style=\"color: #000000;\">Press release<\/span><\/p>","protected":false},"excerpt":{"rendered":"<p>Venerd\u00ec 23\/06\/23, alle 18:30, presso il MAD di Milazzo (ME), si \u00e8 svolto il secondo incontro delle &#8220;Giornate a Tema&#8220;, iniziativa organizzata dal direttivo AIISF Sez. Messina, avente come ambizioso fine quello di riuscire a districarsi nella complessa \u201cgiungla\u201d dei vari contratti degli Isf, argomento di grande interesse per la categoria degli informatori, ancor di &hellip;<\/p>","protected":false},"author":4,"featured_media":72483,"comment_status":"closed","ping_status":"closed","sticky":false,"template":"","format":"standard","meta":{"footnotes":""},"categories":[14],"tags":[45],"class_list":["post-72476","post","type-post","status-publish","format-standard","has-post-thumbnail","hentry","category-news-fedaiisf","tag-fedaiisf"],"amp_enabled":true,"_links":{"self":[{"href":"https:\/\/www.fedaiisf.it\/en\/wp-json\/wp\/v2\/posts\/72476","targetHints":{"allow":["GET"]}}],"collection":[{"href":"https:\/\/www.fedaiisf.it\/en\/wp-json\/wp\/v2\/posts"}],"about":[{"href":"https:\/\/www.fedaiisf.it\/en\/wp-json\/wp\/v2\/types\/post"}],"author":[{"embeddable":true,"href":"https:\/\/www.fedaiisf.it\/en\/wp-json\/wp\/v2\/users\/4"}],"replies":[{"embeddable":true,"href":"https:\/\/www.fedaiisf.it\/en\/wp-json\/wp\/v2\/comments?post=72476"}],"version-history":[{"count":4,"href":"https:\/\/www.fedaiisf.it\/en\/wp-json\/wp\/v2\/posts\/72476\/revisions"}],"predecessor-version":[{"id":72482,"href":"https:\/\/www.fedaiisf.it\/en\/wp-json\/wp\/v2\/posts\/72476\/revisions\/72482"}],"wp:featuredmedia":[{"embeddable":true,"href":"https:\/\/www.fedaiisf.it\/en\/wp-json\/wp\/v2\/media\/72483"}],"wp:attachment":[{"href":"https:\/\/www.fedaiisf.it\/en\/wp-json\/wp\/v2\/media?parent=72476"}],"wp:term":[{"taxonomy":"category","embeddable":true,"href":"https:\/\/www.fedaiisf.it\/en\/wp-json\/wp\/v2\/categories?post=72476"},{"taxonomy":"post_tag","embeddable":true,"href":"https:\/\/www.fedaiisf.it\/en\/wp-json\/wp\/v2\/tags?post=72476"}],"curies":[{"name":"wp","href":"https:\/\/api.w.org\/{rel}","templated":true}]}}