{"id":72940,"date":"2023-08-03T06:05:43","date_gmt":"2023-08-03T04:05:43","guid":{"rendered":"https:\/\/www.fedaiisf.it\/?p=72940"},"modified":"2023-08-22T19:17:32","modified_gmt":"2023-08-22T17:17:32","slug":"riforma-della-legislazione-farmaceutica-in-ue","status":"publish","type":"post","link":"https:\/\/www.fedaiisf.it\/en\/riforma-della-legislazione-farmaceutica-in-ue\/","title":{"rendered":"Riforma della legislazione farmaceutica in UE"},"content":{"rendered":"<p>L&#8217;accesso ai medicinali varia da un paese all&#8217;altro in Europa. Alcuni europei devono attendere in media 4 mesi <img loading=\"lazy\" decoding=\"async\" class=\"wp-image-55366 alignright\" src=\"https:\/\/www.fedaiisf.it\/wp-content\/uploads\/2020\/12\/EMA-Amstersam.jpg\" alt=\"\" width=\"305\" height=\"203\" srcset=\"https:\/\/www.fedaiisf.it\/wp-content\/uploads\/2020\/12\/EMA-Amstersam.jpg 1200w, https:\/\/www.fedaiisf.it\/wp-content\/uploads\/2020\/12\/EMA-Amstersam-300x200.jpg 300w, https:\/\/www.fedaiisf.it\/wp-content\/uploads\/2020\/12\/EMA-Amstersam-1024x683.jpg 1024w, https:\/\/www.fedaiisf.it\/wp-content\/uploads\/2020\/12\/EMA-Amstersam-768x512.jpg 768w, https:\/\/www.fedaiisf.it\/wp-content\/uploads\/2020\/12\/EMA-Amstersam-274x183.jpg 274w, https:\/\/www.fedaiisf.it\/wp-content\/uploads\/2020\/12\/EMA-Amstersam-80x54.jpg 80w, https:\/\/www.fedaiisf.it\/wp-content\/uploads\/2020\/12\/EMA-Amstersam-130x87.jpg 130w, https:\/\/www.fedaiisf.it\/wp-content\/uploads\/2020\/12\/EMA-Amstersam-359x240.jpg 359w, https:\/\/www.fedaiisf.it\/wp-content\/uploads\/2020\/12\/EMA-Amstersam-85x57.jpg 85w, https:\/\/www.fedaiisf.it\/wp-content\/uploads\/2020\/12\/EMA-Amstersam-546x365.jpg 546w, https:\/\/www.fedaiisf.it\/wp-content\/uploads\/2020\/12\/EMA-Amstersam-165x109.jpg 165w, https:\/\/www.fedaiisf.it\/wp-content\/uploads\/2020\/12\/EMA-Amstersam-112x75.jpg 112w, https:\/\/www.fedaiisf.it\/wp-content\/uploads\/2020\/12\/EMA-Amstersam-179x120.jpg 179w, https:\/\/www.fedaiisf.it\/wp-content\/uploads\/2020\/12\/EMA-Amstersam-170x113.jpg 170w, https:\/\/www.fedaiisf.it\/wp-content\/uploads\/2020\/12\/EMA-Amstersam-81x55.jpg 81w, https:\/\/www.fedaiisf.it\/wp-content\/uploads\/2020\/12\/EMA-Amstersam-765x510.jpg 765w\" sizes=\"auto, (max-width: 305px) 100vw, 305px\" \/>per trovare un determinato medicinale nella farmacia pi\u00f9 vicina, mentre altri devono aspettare pi\u00f9 di 2 anni per lo stesso medicinale.Tutti i pazienti dovrebbero avere lo stesso accesso ai medicinali in Europa, che dovrebbero essere disponibili quando ne hanno bisogno e contemporaneamente in tutti gli Stati membri.<\/p>\n<p>Sta inoltre aumentando la preoccupazione per le possibili carenze di medicinali, come antibiotici e antidolorifici.<\/p>\n<p>La Commissione europea propone pertanto di modernizzare il settore farmaceutico con un approccio incentrato sul paziente, che sostenga pienamente anche un&#8217;industria innovativa e competitiva. Il suo approccio preserver\u00e0 gli elevati standard dell&#8217;UE per l&#8217;autorizzazione di medicinali sicuri, efficaci e di qualit\u00e0.<\/p>\n<p class=\"ecl-u-type-heading-2\"><img loading=\"lazy\" decoding=\"async\" class=\"size-full wp-image-72941 aligncenter\" src=\"https:\/\/www.fedaiisf.it\/wp-content\/uploads\/2023\/08\/Schermata-2023-08-02-alle-18.21.34.png\" alt=\"\" width=\"838\" height=\"601\" srcset=\"https:\/\/www.fedaiisf.it\/wp-content\/uploads\/2023\/08\/Schermata-2023-08-02-alle-18.21.34.png 838w, https:\/\/www.fedaiisf.it\/wp-content\/uploads\/2023\/08\/Schermata-2023-08-02-alle-18.21.34-300x215.png 300w, https:\/\/www.fedaiisf.it\/wp-content\/uploads\/2023\/08\/Schermata-2023-08-02-alle-18.21.34-768x551.png 768w, https:\/\/www.fedaiisf.it\/wp-content\/uploads\/2023\/08\/Schermata-2023-08-02-alle-18.21.34-18x12.png 18w\" sizes=\"auto, (max-width: 838px) 100vw, 838px\" \/><\/p>\n<p><span style=\"font-size: 14pt;\">Promuovere \u00a0l&#8217;innovazione per un&#8217;industria farmaceutica competitiva<\/span><\/p>\n<p>L&#8217;obiettivo dell&#8217;UE \u00e8 offrire un ambiente attraente e favorevole all&#8217;innovazione per la ricerca, lo sviluppo e la produzione di medicinali in Europa. L&#8217;UE creer\u00e0 questo ambiente promuovendo un&#8217;innovazione di livello mondiale, governata da norme stabili e coerenti che tengano il passo con l&#8217;innovazione e aumentino la competitivit\u00e0, riducendo nel contempo la burocrazia e i costi.<\/p>\n<p>Cercher\u00e0 di garantire un&#8217;autorizzazione pi\u00f9 rapida dei medicinali innovativi attraverso l&#8217;attuazione di norme e procedure pi\u00f9 semplici e un maggiore coinvolgimento dei pazienti nei processi di valutazione dei farmaci senza compromettere la sicurezza.<\/p>\n<p>In termini di ricerca e sviluppo per le esigenze mediche insoddisfatte, l&#8217;innovazione a vantaggio dei pazienti sar\u00e0 ricompensata attraverso un sistema di incentivi competitivi a livello mondiale<\/p>\n<p><img loading=\"lazy\" decoding=\"async\" class=\"wp-image-50806 alignleft\" src=\"https:\/\/www.fedaiisf.it\/wp-content\/uploads\/2020\/06\/stella-Kyriakides-Comm.-Europea-salute.jpg\" alt=\"\" width=\"396\" height=\"264\" srcset=\"https:\/\/www.fedaiisf.it\/wp-content\/uploads\/2020\/06\/stella-Kyriakides-Comm.-Europea-salute.jpg 1620w, https:\/\/www.fedaiisf.it\/wp-content\/uploads\/2020\/06\/stella-Kyriakides-Comm.-Europea-salute-300x200.jpg 300w, https:\/\/www.fedaiisf.it\/wp-content\/uploads\/2020\/06\/stella-Kyriakides-Comm.-Europea-salute-1024x683.jpg 1024w, https:\/\/www.fedaiisf.it\/wp-content\/uploads\/2020\/06\/stella-Kyriakides-Comm.-Europea-salute-768x512.jpg 768w, https:\/\/www.fedaiisf.it\/wp-content\/uploads\/2020\/06\/stella-Kyriakides-Comm.-Europea-salute-1536x1024.jpg 1536w, https:\/\/www.fedaiisf.it\/wp-content\/uploads\/2020\/06\/stella-Kyriakides-Comm.-Europea-salute-274x183.jpg 274w, https:\/\/www.fedaiisf.it\/wp-content\/uploads\/2020\/06\/stella-Kyriakides-Comm.-Europea-salute-80x54.jpg 80w, https:\/\/www.fedaiisf.it\/wp-content\/uploads\/2020\/06\/stella-Kyriakides-Comm.-Europea-salute-130x87.jpg 130w, https:\/\/www.fedaiisf.it\/wp-content\/uploads\/2020\/06\/stella-Kyriakides-Comm.-Europea-salute-359x240.jpg 359w, https:\/\/www.fedaiisf.it\/wp-content\/uploads\/2020\/06\/stella-Kyriakides-Comm.-Europea-salute-85x57.jpg 85w, https:\/\/www.fedaiisf.it\/wp-content\/uploads\/2020\/06\/stella-Kyriakides-Comm.-Europea-salute-546x365.jpg 546w, https:\/\/www.fedaiisf.it\/wp-content\/uploads\/2020\/06\/stella-Kyriakides-Comm.-Europea-salute-165x109.jpg 165w, https:\/\/www.fedaiisf.it\/wp-content\/uploads\/2020\/06\/stella-Kyriakides-Comm.-Europea-salute-112x75.jpg 112w, https:\/\/www.fedaiisf.it\/wp-content\/uploads\/2020\/06\/stella-Kyriakides-Comm.-Europea-salute-179x120.jpg 179w, https:\/\/www.fedaiisf.it\/wp-content\/uploads\/2020\/06\/stella-Kyriakides-Comm.-Europea-salute-170x113.jpg 170w, https:\/\/www.fedaiisf.it\/wp-content\/uploads\/2020\/06\/stella-Kyriakides-Comm.-Europea-salute-81x55.jpg 81w, https:\/\/www.fedaiisf.it\/wp-content\/uploads\/2020\/06\/stella-Kyriakides-Comm.-Europea-salute-765x510.jpg 765w\" sizes=\"auto, (max-width: 396px) 100vw, 396px\" \/>Stella Kyriakides, Commissaria Europea alla Salute, afferma, in una intervista ad Aboutpharma, che con questa riforma non si vuole ridurre la tutela della propriet\u00e0 intellettuale, ma rimodularla. E ci\u00f2 avviene attraverso un sistema premiale fatto di incentivi cumulabili.<\/p>\n<p>Una delle questioni pi\u00f9 controverse \u00e8 la durata del brevetto di un farmaco. Secondo la riforma, oltre al periodo minimo di tutela di otto anni di esclusiva di mercato di cui disporranno le imprese che commercializzano medicinali innovativi, si possono ottenere ulteriori periodi di protezione a condizione che il farmaco sia distribuito in tutti gli Stati Ue (+2 anni), che risponda a un\u2019esigenza medica insoddisfatta (+6 mesi), che siano svolte sperimentazioni cliniche comparative (+6 mesi) o se \u00e8 in grado di curare anche altre malattie (+1 anno).<\/p>\n<p>Insomma, se tutte le condizioni che rispondono a obiettivi di salute pubblica sono soddisfatte, si pu\u00f2 arrivare a 12 anni complessivi di tutela; una situazione non solo superiore al regime attuale, ma anche tra le pi\u00f9 generose al mondo. Le PMI potranno avere tempi pi\u00f9 lunghi per essere presenti in tutti i mercati degli Stati Ue, e avranno la possibilit\u00e0 di far leva su un sostegno dedicato di tipo regolatorio e scientifico da parte dell\u2019Ema<\/p>\n<p>Per le aziende \u00e8 un obiettivo irrealistico.<\/p>\n<p>I produttori dei generici potranno avviare la procedura di autorizzazione da parte dell\u2019Ema prima ancora della scadenza dell\u2019esclusiva di mercato, in modo da esser pronti alla commercializzazione gi\u00e0 all\u2019indomani del via libera. Il che contribuisce all\u2019obiettivo della convenienza economica<\/p>\n<p>La Commissaria osserva che oggi ci vogliono, in media, 400 giorni tra la presentazione della domanda all\u2019Ema e l\u2019autorizzazione all\u2019immissione in commercio per un nuovo farmaco. La pandemia ci ha dimostrato, invece, che le procedure possono essere velocizzate, senza compromettere in alcun modo la sicurezza.<\/p>\n<p>Per questo la riforma prevede che il tempo a disposizione dell\u2019Agenzia europea del farmaco passi da 210 a 180 giorni, e quello per la Commissione per dare l\u2019ok alla commercializzazione da 67 a 46 giorni. Ci\u00f2 consentir\u00e0 alle terapie di raggiungere gli scaffali pi\u00f9 velocemente.<\/p>\n<p>(Source: <a href=\"https:\/\/commission.europa.eu\/strategy-and-policy\/priorities-2019-2024\/promoting-our-european-way-life\/european-health-union\/reform-eu-pharmaceutical-legislation_it\" target=\"_blank\" rel=\"noopener\">European Commission<\/a>, <a href=\"https:\/\/www.aboutpharma.com\/sanita-e-politica\/intervista-esclusiva-a-stella-kyriakides-con-la-riforma-farmaceutica-cerchiamo-nuovi-equilibri\/\" target=\"_blank\" rel=\"noopener\">Aboutpharma<\/a>)<\/p>\n<hr \/>\n<p>Related news:<\/p>\n<p><span style=\"font-size: 14pt;\"><a href=\"https:\/\/www.farmindustria.it\/app\/uploads\/2023\/04\/2.-Comunicato-su-revisione-legislazione-europea-26-aprile-2023.doc\" target=\"_blank\" rel=\"noopener\">Farmindustria. Comunicato stampa su revisione legislazione farmaceutica europea<\/a><\/span><\/p>\n<p style=\"font-weight: 400;\"><img loading=\"lazy\" decoding=\"async\" class=\"wp-image-35934 alignright\" src=\"https:\/\/www.fedaiisf.it\/wp-content\/uploads\/2018\/05\/Farmindustria.jpg\" alt=\"\" width=\"277\" height=\"123\" srcset=\"https:\/\/www.fedaiisf.it\/wp-content\/uploads\/2018\/05\/Farmindustria.jpg 540w, https:\/\/www.fedaiisf.it\/wp-content\/uploads\/2018\/05\/Farmindustria-300x133.jpg 300w\" sizes=\"auto, (max-width: 277px) 100vw, 277px\" \/>La revisione della legislazione farmaceutica europea presentata oggi dalla Commissione UE, se approvata, avr\u00e0 conseguenze pesantissime sulla competitivit\u00e0 e sull\u2019attrattivit\u00e0 dell\u2019industria farmaceutica in Europa e in Italia, quindi sugli investimenti e sull\u2019occupazione. Ma non solo: gli effetti potranno tradursi anche in un minore accesso alle cure e all\u2019innovazione per i cittadini.<\/p>\n<p style=\"font-weight: 400;\">L\u2019indebolimento della propriet\u00e0 intellettuale &#8211; con la riduzione della <em>data protection<\/em> da 8 a 6 anni e dell\u2019esclusiva di mercato per i farmaci orfani da 10 a 9 &#8211; ha rischi certi per investimenti e innovazione, assolutamente non compensati dal nuovo sistema di incentivi, assai complicato da attivare e dai risultati incerti per le aziende. La propriet\u00e0 intellettuale non pu\u00f2 essere ridotta neanche di un giorno, altrimenti il pericolo \u00e8 di vedere arrivare prima i nuovi farmaci e vaccini nei Paesi che garantiscono un quadro pi\u00f9 favorevole.<\/p>\n<p style=\"font-weight: 400;\">A tutto vantaggio dei Paesi extra UE che hanno adottato politiche fortemente incentivanti negli ultimi 20 anni, mentre l\u2019Europa nello stesso periodo ha perso un quarto degli investimenti in ricerca.<\/p>\n<p style=\"font-weight: 400;\">Perdita che pesa proprio sugli Stati con pi\u00f9 alta presenza industriale, come l\u2019Italia.<\/p>\n<p style=\"font-weight: 400;\">In gioco, come ha sottolineato il Governo italiano, c\u2019\u00e8 un\u2019industria che rappresenta un patrimonio per la salute, la crescita economica, l\u2019innovazione e la stessa sicurezza nazionale, che rischia di essere cancellato di colpo.<\/p>\n<hr \/>\n<p>Editor&#039;s note: <em>Il comunicato di Farmindustria \u00e8 del 26 aprile 2023, la nota della Commissione Europea \u00e8 del luglio 2023<\/em><\/p>\n<hr \/>\n<p><a href=\"https:\/\/www.corrierenazionale.it\/2023\/08\/04\/efpia-chiede-di-rivedere-legislazione-europea-sulla-farmaceutica\/\" target=\"_blank\" rel=\"noopener\">EFPIA (Federazione europea delle industrie e delle associazioni farmaceutiche) chiede di rivedere la legislazione europea sulla farmaceutica<\/a><\/p>\n<hr \/>\n<p>L<a href=\"https:\/\/www.efpia.eu\/news-events\/the-efpia-view\/statements-press-releases\/revise-pharmaceutical-legislation-or-long-term-access-to-medical-breakthroughs-for-europeans-will-be-harmed\/\" target=\"_blank\" rel=\"noopener\">&#8216;EFPIA,<\/a> le sue aziende associate e la Commissione Europea condividono gli obiettivi di aumentare l&#8217;accesso <img loading=\"lazy\" decoding=\"async\" class=\"wp-image-1113 alignleft\" src=\"https:\/\/www.fedaiisf.it\/wp-content\/uploads\/2014\/07\/efpia.jpg\" alt=\"\" width=\"194\" height=\"137\" srcset=\"https:\/\/www.fedaiisf.it\/wp-content\/uploads\/2014\/07\/efpia.jpg 400w, https:\/\/www.fedaiisf.it\/wp-content\/uploads\/2014\/07\/efpia-300x212.jpg 300w\" sizes=\"auto, (max-width: 194px) 100vw, 194px\" \/>dei pazienti ai farmaci in tutta Europa e rafforzare la competitivit\u00e0 del settore farmaceutico europeo. Tuttavia, la legislazione proposta cos\u00ec come attualmente definita avr\u00e0 l&#8217;effetto opposto. <strong>L&#8217;impatto netto delle proposte sar\u00e0 quello di danneggiare l&#8217;innovazione e minare ulteriormente la competitivit\u00e0 dell&#8217;Europa.<\/strong><\/p>\n<p>La legislazione proposta inizia a evolvere il sistema normativo europeo, che non \u00e8 stato ampiamente modernizzato negli ultimi vent&#8217;anni ed \u00e8 sempre pi\u00f9 lento rispetto agli Stati Uniti e ad altre regioni leader. Tuttavia,<strong> riduce significativamente i diritti di propriet\u00e0 intellettuale (PI) europei aggiungendo al contempo complessi incentivi per un&#8217;ulteriore protezione della PI che in pratica rende impossibile ottenere questi incentivi.<\/strong><\/p>\n<p>In realt\u00e0, le proposte accelereranno diverse tendenze negative, tra cui il calo relativo del 25% della R&amp;S europea e la riduzione della quota globale europea di sperimentazioni cliniche dal 25% al 19%. I dati annuali pubblicati oggi dall&#8217;EFPIA mostrano che la crescita della spesa in R&amp;S in Cina \u00e8 stata pi\u00f9 di tre volte superiore a quella dell&#8217;Europa tra il 2018 e il 2022.<\/p>\n<p>L&#8217;affermazione secondo cui le proposte miglioreranno l&#8217;accessibilit\u00e0 di farmaci e vaccini promuovendo al contempo la ricerca scientifica e l&#8217;innovazione in Europa \u00e8 fuorviante. Le proposte mettono a repentaglio i progressi nell&#8217;assistenza a tutte le persone, da coloro che vivono con le condizioni croniche pi\u00f9 comuni a coloro che soffrono di malattie ultra rare poco conosciute. La comunit\u00e0 dell&#8217;innovazione, dalle grandi aziende farmaceutiche basate sulla ricerca alle biotecnologie, ha ripetutamente avvertito che le proposte accelereranno ulteriormente la perdita della base industriale dell&#8217;Europa a favore degli Stati Uniti e dell&#8217;Asia, e gli europei perderanno i progressi che saranno disponibili altrove.<\/p>\n<p><span style=\"font-size: 14pt;\">L&#8217;industria europea (EFPIA) chiede le seguenti modifiche ai progetti proposti:<\/span><\/p>\n<ol>\n<li>Realizzare lo scopo principale della legislazione farmaceutica europea ottimizzando ulteriormente il quadro normativo e garantendo il massimo utilizzo di percorsi accelerati a sostegno delle esigenze dei pazienti.<\/li>\n<li>In linea con le conclusioni del Consiglio europeo (marzo 2023), rafforzare, piuttosto che ridurre, la linea di base del PSR (Payment Systems Regulator) e l&#8217;esclusivit\u00e0 del mercato dei farmaci orfani della regione, nonch\u00e9 creare incentivi separati per guidare l&#8217;innovazione e affrontare le sfide dell&#8217;assistenza sanitaria.<\/li>\n<li>Affrontare congiuntamente le barriere e i ritardi nell&#8217;accesso a nuovi trattamenti sulla base di una comprensione condivisa delle prove generate dal portale Industry European Access Hurdles, pubblicato di recente.<\/li>\n<li>Includere un&#8217;ampia definizione di bisogno medico insoddisfatto (UNM) incentrata sul paziente che incentivi percorsi di ricerca per soddisfare i bisogni delle persone che vivono con malattie rare e condizioni croniche e valorizzi adeguatamente l&#8217;innovazione incrementale.<\/li>\n<li>Garantire che i requisiti ambientali e della catena di approvvigionamento siano proporzionati e adatti allo scopo, per supportare al meglio i nostri obiettivi condivisi di aumentare la fornitura di farmaci e ridurre l&#8217;impatto ambientale del nostro settore.<\/li>\n<\/ol>\n<hr \/>\n<p>Related news: <a href=\"https:\/\/eur-lex.europa.eu\/resource.html?uri=cellar:e3f40e76-e437-11ed-a05c-01aa75ed71a1.0001.02\/DOC_1&amp;format=PDF\" target=\"_blank\" rel=\"noopener\">Proposal for a REGULATION OF THE EUROPEAN PARLIAMENT AND OF THE COUNCIL<\/a><\/p>\n<p><a href=\"https:\/\/eur-lex.europa.eu\/resource.html?uri=cellar:e3f40e76-e437-11ed-a05c-01aa75ed71a1.0001.02\/DOC_2&amp;format=PDF\" target=\"_blank\" rel=\"noopener\">ANNEXES to the proposal for a Regulation of the European Parliament and of the Council<\/a><\/p>","protected":false},"excerpt":{"rendered":"<p>L&#8217;accesso ai medicinali varia da un paese all&#8217;altro in Europa. Alcuni europei devono attendere in media 4 mesi per trovare un determinato medicinale nella farmacia pi\u00f9 vicina, mentre altri devono aspettare pi\u00f9 di 2 anni per lo stesso medicinale.Tutti i pazienti dovrebbero avere lo stesso accesso ai medicinali in Europa, che dovrebbero essere disponibili quando &hellip;<\/p>","protected":false},"author":4,"featured_media":72948,"comment_status":"closed","ping_status":"closed","sticky":false,"template":"","format":"standard","meta":{"footnotes":""},"categories":[16],"tags":[41],"class_list":["post-72940","post","type-post","status-publish","format-standard","has-post-thumbnail","hentry","category-primo-piano","tag-leggisentenze"],"amp_enabled":true,"_links":{"self":[{"href":"https:\/\/www.fedaiisf.it\/en\/wp-json\/wp\/v2\/posts\/72940","targetHints":{"allow":["GET"]}}],"collection":[{"href":"https:\/\/www.fedaiisf.it\/en\/wp-json\/wp\/v2\/posts"}],"about":[{"href":"https:\/\/www.fedaiisf.it\/en\/wp-json\/wp\/v2\/types\/post"}],"author":[{"embeddable":true,"href":"https:\/\/www.fedaiisf.it\/en\/wp-json\/wp\/v2\/users\/4"}],"replies":[{"embeddable":true,"href":"https:\/\/www.fedaiisf.it\/en\/wp-json\/wp\/v2\/comments?post=72940"}],"version-history":[{"count":18,"href":"https:\/\/www.fedaiisf.it\/en\/wp-json\/wp\/v2\/posts\/72940\/revisions"}],"predecessor-version":[{"id":72960,"href":"https:\/\/www.fedaiisf.it\/en\/wp-json\/wp\/v2\/posts\/72940\/revisions\/72960"}],"wp:featuredmedia":[{"embeddable":true,"href":"https:\/\/www.fedaiisf.it\/en\/wp-json\/wp\/v2\/media\/72948"}],"wp:attachment":[{"href":"https:\/\/www.fedaiisf.it\/en\/wp-json\/wp\/v2\/media?parent=72940"}],"wp:term":[{"taxonomy":"category","embeddable":true,"href":"https:\/\/www.fedaiisf.it\/en\/wp-json\/wp\/v2\/categories?post=72940"},{"taxonomy":"post_tag","embeddable":true,"href":"https:\/\/www.fedaiisf.it\/en\/wp-json\/wp\/v2\/tags?post=72940"}],"curies":[{"name":"wp","href":"https:\/\/api.w.org\/{rel}","templated":true}]}}