{"id":73008,"date":"2023-08-12T12:27:18","date_gmt":"2023-08-12T10:27:18","guid":{"rendered":"https:\/\/www.fedaiisf.it\/?p=73008"},"modified":"2023-08-12T19:37:45","modified_gmt":"2023-08-12T17:37:45","slug":"in-liguria-progetto-pilota-per-trovare-sostituto-al-farmaco-carente","status":"publish","type":"post","link":"https:\/\/www.fedaiisf.it\/en\/in-liguria-progetto-pilota-per-trovare-sostituto-al-farmaco-carente\/","title":{"rendered":"In Liguria progetto pilota per trovare sostituto al farmaco carente"},"content":{"rendered":"<h2 class=\"entry-title\">Carenza farmaci: in Liguria progetto pilota per trovare sostituto al farmaco non disponibile<\/h2>\n<p>Alisa ha costituito il comitato guida per la gestione dei farmaci carenti<\/p>\n<p><a href=\"https:\/\/liguria.bizjournal.it\/2023\/08\/carenza-farmaci-in-liguria-progetto-pilota-per-trovare-sostituto-al-farmaco-non-disponibile\/\" target=\"_blank\" rel=\"noopener\">BJ Liguria &#8211; 11 agosto 2023<\/a><\/p>\n<p><img loading=\"lazy\" decoding=\"async\" class=\"wp-image-55886 alignright\" src=\"https:\/\/www.fedaiisf.it\/wp-content\/uploads\/2021\/01\/alisa-liguria.png\" alt=\"\" width=\"225\" height=\"124\" srcset=\"https:\/\/www.fedaiisf.it\/wp-content\/uploads\/2021\/01\/alisa-liguria.png 1209w, https:\/\/www.fedaiisf.it\/wp-content\/uploads\/2021\/01\/alisa-liguria-300x165.png 300w, https:\/\/www.fedaiisf.it\/wp-content\/uploads\/2021\/01\/alisa-liguria-1024x564.png 1024w, https:\/\/www.fedaiisf.it\/wp-content\/uploads\/2021\/01\/alisa-liguria-768x423.png 768w\" sizes=\"auto, (max-width: 225px) 100vw, 225px\" \/>Con la delibera approvata da A.Li.Sa (Azienda Ligure Sanitaria), si \u00e8 ufficialmente costituito il comitato guida per la gestione dei <strong>farmaci carenti<\/strong>. La Liguria diventa cos\u00ec la Regione pilota nel progetto che consentir\u00e0, in modo scientifico, di <strong>proporre la migliore soluzione alternativa quando un farmaco non \u00e8 disponibile sul mercato<\/strong>. Nell\u2019elenco ufficiale di quelli mancanti o non disponibili, saranno indicati il sostituto o i sostituti a disposizione; i medici prescrittori e i farmacisti avranno cos\u00ec la possibilit\u00e0 di seguire le indicazioni ufficiali e scientifiche e la gestione delle carenze sar\u00e0 molto pi\u00f9 efficace.<\/p>\n<p>\u00abConsiderando che nella lista pubblicata sul sito dell\u2019Agenzia italiana del farmaco, sono <strong>circa 3000 i farmaci carenti o indisponibili, di cui in realt\u00e0 solo pochissimi mancano di alternative immediate<\/strong> \u2013 dichiara l\u2019assessore alla Sanit\u00e0 di Regione Liguria <strong>Angelo Gratarola<\/strong> \u2013 Questo progetto consente di dare una risposta particolarmente utile per medici, farmacisti e, soprattutto, per i pazienti. La Liguria come regione pilota potr\u00e0 essere il punto di riferimento anche per le altre regioni italiane\u00bb.<\/p>\n<p>Il comitato \u00e8 coordinato da <strong>Barbara Rebesco<\/strong>, direttore della Sc Politiche del farmaco, dispositivi medici, protesica e integrativa di Alisa ed \u00e8 composto da <strong>Dominic Di Giorgio<\/strong>, direttore area Ispezioni e certificazioni Aifa, <strong>Pierangelo Sarchi<\/strong> direttore sanitario di Alisa; <strong>Gabriella Paoli<\/strong>, direttore della Sc Ricerca, innovazione e Hta; <strong>Gabriele Caviglioli<\/strong> direttore Scuola di specializzazione in farmacia ospedaliera dell\u2019Universit\u00e0 degli Studi di Genova; dal presidente dell\u2019Ordine dei Medici della Provincia di Genova <strong>Alessandro Bonsignore<\/strong> e dal presidente dell\u2019Ordine dei Farmacisti della Provincia di Genova <strong>Giuseppe Castello.<\/strong><\/p>\n<p>\u00abAifa \u2013 spiega <strong>Barbara Rebesco<\/strong> \u2013 ha chiesto ad Alisa di dare avvio al progetto. Si entra cos\u00ec nel vivo: si prevede, tramite metodo scientifico, di offrire una proposta per ogni farmaco carente ai medici prescrittori. Nel sistema che si andr\u00e0 a creare, si prevedono <strong>diverse modalit\u00e0 di soluzione al problema dei farmaci carenti<\/strong>: laddove ci sia un sostituto sovrapponibile al 100%, verr\u00e0 proposto in automatico il farmaco equivalente da prescrivere. Quando invece non siano presenti farmaci perfettamente equiparabili, saranno proposte soluzioni con una diversa forma farmaceutica o diverso dosaggio. In alternativa saranno indicate le proposte pi\u00f9 idonee tramite lo studio di un algoritmo che tenga conto anche dei principi attivi che pi\u00f9 si avvicinino a quello del farmaco carente. Mi piace sottolineare il coinvolgimento dei giovani nel progetto che coinvolger\u00e0 diversi specializzandi in materie sanitarie\u00bb.<\/p>\n<p>\u00abQuesto progetto \u2013 aggiunge <strong>Dominic Di Giorgio<\/strong>, direttore area Ispezioni e Certificazioni Aifa \u2013 fa crescere ulteriormente a livello operativo la collaborazione con le Regioni che viene portata avanti da anni da Aifa col <img loading=\"lazy\" decoding=\"async\" class=\"wp-image-49776 alignleft\" src=\"https:\/\/www.fedaiisf.it\/wp-content\/uploads\/2020\/05\/Regione-Liguria.jpeg\" alt=\"\" width=\"432\" height=\"199\" srcset=\"https:\/\/www.fedaiisf.it\/wp-content\/uploads\/2020\/05\/Regione-Liguria.jpeg 658w, https:\/\/www.fedaiisf.it\/wp-content\/uploads\/2020\/05\/Regione-Liguria-300x138.jpeg 300w\" sizes=\"auto, (max-width: 432px) 100vw, 432px\" \/>tavolo tecnico indisponibilit\u00e0: la Regione Liguria \u00e8 gi\u00e0 stato un partner importante dell\u2019Agenzia in altre iniziative sperimentali nel contrasto alle carenze, come quelle che hanno garantito la disponibilit\u00e0 delle terapie domiciliari ai pazienti durante la crisi del 2020, gestite sempre con l\u2019approccio aperto e intersettoriale che ci caratterizza entrambi, e siamo davvero felici di poter dare un seguito cos\u00ec rilevante al percorso che condividiamo ormai da molti anni\u00bb.<\/p>\n<p>\u00abIl progetto \u2013 spiega <strong>Gabriele Caviglioli<\/strong> direttore Scuola di specializzazione in farmacia ospedaliera dell\u2019Universit\u00e0 degli Studi di Genova \u2013 si svilupper\u00e0 attraverso un approccio innovativo con lo scopo di fornire un modello esportabile in altre realt\u00e0 regionali e integrabile con altri modelli che si stanno sviluppando a livello globale. Infatti, non bisogna dimenticare che il problema della carenza dei farmaci \u00e8 diffuso a livello mondiale e attenzionato nelle principali realt\u00e0 geopolitiche come l\u2019Unione europea e gli Stati Uniti\u00bb.<\/p>\n<p>La realizzazione del progetto presuppone un approccio multiprofessionale e multidisciplinare: a tale scopo si avvarr\u00e0 del supporto dei Diar, in virt\u00f9 dell\u2019expertise e della competenza dei componenti, per le necessarie valutazioni e gli approfondimenti clinici. Sar\u00e0 comunque sempre il medico prescrittore a valutare quale sia la soluzione pi\u00f9 idonea, avendo a disposizione tutte le alternative e tutte le caratteristiche del farmaco, oltre a conoscere le condizioni cliniche del paziente.<\/p>\n<p>Related news: <a href=\"https:\/\/www.alisa.liguria.it\/index.php\/area-stampa-orizzontale\/2172-02-03-2023-farmaci-carenti-decolla-il-progetto-pilota-di-regione-liguria-e-alisa-con-l-agenzia-italiana-del-farmaco\" target=\"_blank\" rel=\"noopener\">A.Li.Sa. Farmaci carenti, decolla il progetto pilota di regione Liguria e Alisa con l&#8217;agenzia italiana del farmaco<\/a><\/p>\n<p><a href=\"https:\/\/www.alisa.liguria.it\/components\/com_publiccompetitions\/includes\/download.php?id=7853:del-194-anno-2023.pdf\" target=\"_blank\" rel=\"noopener\">Deliberazione n. 194 del 03.08.2023. Oggetto: Attivazione &#8220;Progetto Pilota Farmaci Carenti&#8221;. Costituzione Comitato Guida<\/a><\/p>\n<p><a href=\"https:\/\/www.aifa.gov.it\/farmaci-attualmente-carenti\" target=\"_blank\" rel=\"noopener\">AIFA. Farmaci attualmente carenti<\/a><\/p>\n<p><a href=\"https:\/\/www.aifa.gov.it\/documents\/20142\/1134592\/Determina_DG-332-2023_Determina_blocco_esportazioni.pdf\" target=\"_blank\" rel=\"noopener\">AIFA. Determina. Elenco dei medicinali che non possono essere sottratti alla distribuzione e alla vendita per il territorio nazionale al fine di prevenire o limitare stati di carenza o indisponibilita\u0300<\/a><\/p>\n<p class=\"portlet-title-news\"><a href=\"https:\/\/www.aifa.gov.it\/documents\/20142\/1134592\/Elenco_medicinali_blocco_export_08.08.2023.pdf\" target=\"_blank\" rel=\"noopener\">Elenco dei medicinali che non possono essere sottratti alla distribuzione e alla vendita<\/a><\/p>\n<p style=\"font-weight: 400;\"><a href=\"https:\/\/www.fedaiisf.it\/en\/carenza-farmaci-oltre-1500-farmacie-impegnate-nellattivita-galenica\/\" target=\"_blank\" rel=\"noopener\">Medicines shortage: over 1500 pharmacies engaged in the galenic activity<\/a><\/p>\n<p>&nbsp;<\/p>","protected":false},"excerpt":{"rendered":"<p>Carenza farmaci: in Liguria progetto pilota per trovare sostituto al farmaco non disponibile Alisa ha costituito il comitato guida per la gestione dei farmaci carenti BJ Liguria &#8211; 11 agosto 2023 Con la delibera approvata da A.Li.Sa (Azienda Ligure Sanitaria), si \u00e8 ufficialmente costituito il comitato guida per la gestione dei farmaci carenti. La Liguria &hellip;<\/p>","protected":false},"author":4,"featured_media":68283,"comment_status":"closed","ping_status":"closed","sticky":false,"template":"","format":"standard","meta":{"footnotes":""},"categories":[1],"tags":[49,55,79],"class_list":["post-73008","post","type-post","status-publish","format-standard","has-post-thumbnail","hentry","category-notizie","tag-aifa","tag-farmacovigilanza","tag-ssn"],"amp_enabled":true,"_links":{"self":[{"href":"https:\/\/www.fedaiisf.it\/en\/wp-json\/wp\/v2\/posts\/73008","targetHints":{"allow":["GET"]}}],"collection":[{"href":"https:\/\/www.fedaiisf.it\/en\/wp-json\/wp\/v2\/posts"}],"about":[{"href":"https:\/\/www.fedaiisf.it\/en\/wp-json\/wp\/v2\/types\/post"}],"author":[{"embeddable":true,"href":"https:\/\/www.fedaiisf.it\/en\/wp-json\/wp\/v2\/users\/4"}],"replies":[{"embeddable":true,"href":"https:\/\/www.fedaiisf.it\/en\/wp-json\/wp\/v2\/comments?post=73008"}],"version-history":[{"count":8,"href":"https:\/\/www.fedaiisf.it\/en\/wp-json\/wp\/v2\/posts\/73008\/revisions"}],"predecessor-version":[{"id":73021,"href":"https:\/\/www.fedaiisf.it\/en\/wp-json\/wp\/v2\/posts\/73008\/revisions\/73021"}],"wp:featuredmedia":[{"embeddable":true,"href":"https:\/\/www.fedaiisf.it\/en\/wp-json\/wp\/v2\/media\/68283"}],"wp:attachment":[{"href":"https:\/\/www.fedaiisf.it\/en\/wp-json\/wp\/v2\/media?parent=73008"}],"wp:term":[{"taxonomy":"category","embeddable":true,"href":"https:\/\/www.fedaiisf.it\/en\/wp-json\/wp\/v2\/categories?post=73008"},{"taxonomy":"post_tag","embeddable":true,"href":"https:\/\/www.fedaiisf.it\/en\/wp-json\/wp\/v2\/tags?post=73008"}],"curies":[{"name":"wp","href":"https:\/\/api.w.org\/{rel}","templated":true}]}}