{"id":73228,"date":"2023-09-06T19:42:20","date_gmt":"2023-09-06T17:42:20","guid":{"rendered":"https:\/\/www.fedaiisf.it\/?p=73228"},"modified":"2023-09-06T19:42:20","modified_gmt":"2023-09-06T17:42:20","slug":"al-ministero-della-salute-nuova-organizzazione-istituita-conferenza-permanente-dei-capi-dipartimento","status":"publish","type":"post","link":"https:\/\/www.fedaiisf.it\/en\/al-ministero-della-salute-nuova-organizzazione-istituita-conferenza-permanente-dei-capi-dipartimento\/","title":{"rendered":"Al Ministero della Salute nuova organizzazione. Istituita Conferenza Permanente dei Capi Dipartimento"},"content":{"rendered":"<p>Il Ministero della Salute ha emanato un Decreto che disciplina l&#8217;organizzazione dello stesso Ministero.<\/p>\n<p><img loading=\"lazy\" decoding=\"async\" class=\"size-full wp-image-70168 alignright\" src=\"https:\/\/www.fedaiisf.it\/wp-content\/uploads\/2023\/01\/Orazio_Schillaci_200x200.jpeg\" alt=\"\" width=\"200\" height=\"200\" srcset=\"https:\/\/www.fedaiisf.it\/wp-content\/uploads\/2023\/01\/Orazio_Schillaci_200x200.jpeg 200w, https:\/\/www.fedaiisf.it\/wp-content\/uploads\/2023\/01\/Orazio_Schillaci_200x200-150x150.jpeg 150w\" sizes=\"auto, (max-width: 200px) 100vw, 200px\" \/>Il Ministero della salute, si articola in quattro Dipartimenti e dodici direzioni generali. Ciascun Dipartimento coordina, sovrintende e controlla l&#8217;operato di tre direzioni generali cui sono demandati compiti e funzioni afferenti a materie omogenee ovvero affini.<\/p>\n<p>\u00c8 istituita la \u00abConferenza permanente dei Capi Dipartimento\u00bb, la quale svolge funzioni di coordinamento generale sulle questioni comuni alle attivit\u00e0 di pi\u00f9 Dipartimenti e pu\u00f2 formulare proposte al Ministro per l&#8217;emanazione di indirizzi e direttive al fine di assicurare il raccordo operativo tra i Dipartimenti medesimi.<\/p>\n<p>La Conferenza elabora linee e strategie generali in materia di coordinamento delle attivit\u00e0 informatiche, di organizzazione e di bilancio, nonch\u00e9 in materia di gestione delle risorse umane, di servizi comuni e affari generali svolti in gestione unificata.<\/p>\n<p>La Conferenza, alla quale possono essere invitati a partecipare i direttori generali per i profili di rispettiva competenza, si riunisce, in via ordinaria. almeno una volta ogni due mesi e, in via straordinaria, su richiesta di almeno un Capo dipartimento e si riunisce, inoltre, su richiesta del Ministro.<\/p>\n<p>La Conferenza, quando non sia presente il Ministro, \u00e8 presieduta dal Capo dipartimento con maggiore anzianit\u00e0 di incarico o, a parit\u00e0 di anzianit\u00e0 di incarico, dal Capo dipartimento pi\u00f9 anziano.<\/p>\n<p>Per lo svolgimento dei propri compiti e funzioni, alla Conferenza partecipano le autorit\u00e0 politiche di riferimento; le riunioni si terranno al ministero della Salute e ai componenti non sono corrisposti gettoni, compensi o altri emolumenti, n\u00e9 rimborsi spese, precisa il decreto.<\/p>\n<p>il Presso il Ministero operano, inoltre. il Consiglio superiore di il sanit\u00e0, il Comitato tecnico sanitario. il Comitato nazionale per la sicurezza alimentare, gli altri organi collegiali e gli organismi di cui al decreto del Presidente della Repubblica 28 marzo 2013, n. 44. nonch\u00e9 il Comitato di supporto strategico degli istituti zooprofilattici sperimentali di cui all&#8217;articolo 13 del decreto legislativo 28 giugno 2012, n.106.<\/p>\n<p><img loading=\"lazy\" decoding=\"async\" class=\"size-full wp-image-69645 alignleft\" src=\"https:\/\/www.fedaiisf.it\/wp-content\/uploads\/2022\/12\/nas-internet.jpeg\" alt=\"\" width=\"150\" height=\"150\" \/>Il Ministero si avvale del Comando Carabinieri per la tutela della salute ai fini della repressione delle attivit\u00e0 illecite in materia sanitaria, ai sensi ai dell&#8217;art. 8, comma 2, del decreto legislativo 30 giugno 1993, n. 266, e nell&#8217;esercizio delle proprie potest\u00e0 di vigilanza e controllo ai sensi degli articoli 4 e 5 del decreto e ministeriale 26 febbraio 2008, come successivamente modificato ed integrato.<\/p>\n<p>Il Comando carabinieri per la tutela della salute \u00e8 posto alle dipendenze funzionali del Ministro, conformemente a quanto disposto dall&#8217;art. 3 del decreto ministeriale 26 febbraio 2008, come successivamente modificato ed integrato.<\/p>\n<p><a href=\"https:\/\/www.fedaiisf.it\/wp-content\/uploads\/2023\/09\/allegato1693928281-1.pdf\" target=\"_blank\" rel=\"noopener\">Decreto Ministeriale Organizzazione<\/a><\/p>\n<p><a href=\"https:\/\/www.salute.gov.it\/portale\/ministro\/p4_5_5_1.jsp?lingua=italiano&amp;label=org&amp;menu=organizzazione\" target=\"_blank\" rel=\"noopener\">Organigramma<\/a><\/p>\n<p>&nbsp;<\/p>","protected":false},"excerpt":{"rendered":"<p>Il Ministero della Salute ha emanato un Decreto che disciplina l&#8217;organizzazione dello stesso Ministero. Il Ministero della salute, si articola in quattro Dipartimenti e dodici direzioni generali. Ciascun Dipartimento coordina, sovrintende e controlla l&#8217;operato di tre direzioni generali cui sono demandati compiti e funzioni afferenti a materie omogenee ovvero affini. \u00c8 istituita la \u00abConferenza permanente &hellip;<\/p>","protected":false},"author":4,"featured_media":73236,"comment_status":"closed","ping_status":"closed","sticky":false,"template":"","format":"standard","meta":{"footnotes":""},"categories":[1],"tags":[41,79],"class_list":["post-73228","post","type-post","status-publish","format-standard","has-post-thumbnail","hentry","category-notizie","tag-leggisentenze","tag-ssn"],"amp_enabled":true,"_links":{"self":[{"href":"https:\/\/www.fedaiisf.it\/en\/wp-json\/wp\/v2\/posts\/73228","targetHints":{"allow":["GET"]}}],"collection":[{"href":"https:\/\/www.fedaiisf.it\/en\/wp-json\/wp\/v2\/posts"}],"about":[{"href":"https:\/\/www.fedaiisf.it\/en\/wp-json\/wp\/v2\/types\/post"}],"author":[{"embeddable":true,"href":"https:\/\/www.fedaiisf.it\/en\/wp-json\/wp\/v2\/users\/4"}],"replies":[{"embeddable":true,"href":"https:\/\/www.fedaiisf.it\/en\/wp-json\/wp\/v2\/comments?post=73228"}],"version-history":[{"count":6,"href":"https:\/\/www.fedaiisf.it\/en\/wp-json\/wp\/v2\/posts\/73228\/revisions"}],"predecessor-version":[{"id":73235,"href":"https:\/\/www.fedaiisf.it\/en\/wp-json\/wp\/v2\/posts\/73228\/revisions\/73235"}],"wp:featuredmedia":[{"embeddable":true,"href":"https:\/\/www.fedaiisf.it\/en\/wp-json\/wp\/v2\/media\/73236"}],"wp:attachment":[{"href":"https:\/\/www.fedaiisf.it\/en\/wp-json\/wp\/v2\/media?parent=73228"}],"wp:term":[{"taxonomy":"category","embeddable":true,"href":"https:\/\/www.fedaiisf.it\/en\/wp-json\/wp\/v2\/categories?post=73228"},{"taxonomy":"post_tag","embeddable":true,"href":"https:\/\/www.fedaiisf.it\/en\/wp-json\/wp\/v2\/tags?post=73228"}],"curies":[{"name":"wp","href":"https:\/\/api.w.org\/{rel}","templated":true}]}}