{"id":73272,"date":"2023-09-08T18:10:53","date_gmt":"2023-09-08T16:10:53","guid":{"rendered":"https:\/\/www.fedaiisf.it\/?p=73272"},"modified":"2023-09-08T19:29:42","modified_gmt":"2023-09-08T17:29:42","slug":"schillaci-guardare-al-domani-con-una-visione-one-health","status":"publish","type":"post","link":"https:\/\/www.fedaiisf.it\/en\/schillaci-guardare-al-domani-con-una-visione-one-health\/","title":{"rendered":"Schillaci: &#8220;guardare al domani con una visione One Health&#8221;"},"content":{"rendered":"<h2 class=\"Title\">Schillaci su approccio \u2018One Health&#8217;: \u201cLa salute umana e quella ambientale sono inscindibili\u201d<\/h2>\n<p><a href=\"https:\/\/www.federfarma.it\/Edicola\/Filodiretto\/VediNotizia.aspx?id=25181\" target=\"_blank\" rel=\"noopener\">Federfarma &#8211; 8 settembre 2023<\/a><\/p>\n<p><img loading=\"lazy\" decoding=\"async\" class=\"wp-image-73278 alignright\" src=\"https:\/\/www.fedaiisf.it\/wp-content\/uploads\/2023\/09\/gruppo-one-health.jpeg\" alt=\"\" width=\"370\" height=\"209\" srcset=\"https:\/\/www.fedaiisf.it\/wp-content\/uploads\/2023\/09\/gruppo-one-health.jpeg 1098w, https:\/\/www.fedaiisf.it\/wp-content\/uploads\/2023\/09\/gruppo-one-health-300x170.jpeg 300w, https:\/\/www.fedaiisf.it\/wp-content\/uploads\/2023\/09\/gruppo-one-health-1024x579.jpeg 1024w, https:\/\/www.fedaiisf.it\/wp-content\/uploads\/2023\/09\/gruppo-one-health-768x434.jpeg 768w, https:\/\/www.fedaiisf.it\/wp-content\/uploads\/2023\/09\/gruppo-one-health-18x10.jpeg 18w, https:\/\/www.fedaiisf.it\/wp-content\/uploads\/2023\/09\/gruppo-one-health-390x220.jpeg 390w\" sizes=\"auto, (max-width: 370px) 100vw, 370px\" \/>\u201cI cambiamenti climatici, il riscaldamento globale, la perdita di biodiversit\u00e0, l&#8217;antibiotico-resistenza e l&#8217;inquinamento atmosferico, che rappresenta il principale fattore di rischio ambientale per la salute, confermano l&#8217;urgenza di guardare al domani con una visione One Health, implementando un approccio integrato, inclusivo e multidisciplinare per tutelare la salute degli ecosistemi e di tutti gli esseri viventi\u201d.<\/p>\n<p>\u00c8 quanto ha spiegato il ministro della Salute, <strong>Horace Schillaci<\/strong>, intervenendo all&#8217;evento <em>Le due culture<\/em> dell&#8217;Istituto Biogem di Ariano Irpino che si \u00e8 svolto il 6 settembre.<\/p>\n<p>\u201cIl concetto di salute planetaria &#8211; sottolinea Schillaci &#8211; \u00e8 un principio inderogabile da seguire: \u00e8 solo in quest&#8217;ottica che \u00e8 possibile affrontare le principali sfide sanitarie e ambientali del presente e del futuro\u201d. Questo approccio, ha proseguito il ministro, \u201c\u00e8 valorizzato nella Missione Salute del Pnrr, nonch\u00e9 all&#8217;interno del Piano Nazionale della Prevenzione 2020-2025, per promuovere la salute attraverso stili di vita corretti e sani e un modello di sviluppo sociale ed economico basato sull&#8217;uso sostenibile delle risorse ambientali\u201d.<\/p>\n<p><strong><img loading=\"lazy\" decoding=\"async\" class=\"size-full wp-image-73275 alignleft\" src=\"https:\/\/www.fedaiisf.it\/wp-content\/uploads\/2023\/09\/one-health.png\" alt=\"\" width=\"268\" height=\"266\" srcset=\"https:\/\/www.fedaiisf.it\/wp-content\/uploads\/2023\/09\/one-health.png 268w, https:\/\/www.fedaiisf.it\/wp-content\/uploads\/2023\/09\/one-health-150x150.png 150w, https:\/\/www.fedaiisf.it\/wp-content\/uploads\/2023\/09\/one-health-12x12.png 12w\" sizes=\"auto, (max-width: 268px) 100vw, 268px\" \/>Roberto Tobia<\/strong>, segretario di Federfarma nazionale e componente del Tavolo One Health Alliance Italia che affianca l\u2019omonimo intergruppo parlamentare, ha commentato cos\u00ec le parole del Ministro: \u201cL\u2019approccio integrato One Health si sposa bene con l\u2019evoluzione della farmacia, che vede la collaborazione tra tutti i professionisti della salute per un\u2019efficace presa in carico del paziente in un\u2019ottica interdisciplinare. Penso anche che la farmacia e il farmacista possano avere un ruolo nella sensibilizzazione dei cittadini sulle tematiche One Health.<\/p>\n<p>Negli anni della pandemia abbiamo svolto un importante lavoro di informazione ed educazione dei cittadini, con i quali manteniamo un canale di comunicazione preferenziale e un rapporto di fiducia costante. Siamo pronti a mettere a disposizione la nostra esperienza e le nostre farmacie\u201d.<\/p>\n<p>Related news:\u00a0<a href=\"https:\/\/www.iss.it\/one-health\" target=\"_blank\" rel=\"noopener\">ISS. One Health<\/a><\/p>\n<p class=\"elementor-heading-title elementor-size-default\"><a href=\"https:\/\/www.fortuneita.com\/2023\/06\/22\/salute-umana-animale-e-dellambiente-nasce-lintergruppo-parlamentare-one-health\/\" target=\"_blank\" rel=\"noopener\">Salute umana, animale e dell\u2019ambiente, nasce l\u2019Intergruppo parlamentare One Health<\/a><\/p>\n<p><a href=\"https:\/\/digitalhealthitalia.com\/parte-oggi-one-health-project-un-percorso-innovativo-che-coinvolge-le-persone-nella-trasformazione-della-salute\/\" target=\"_blank\" rel=\"noopener\">Gli italiani non conoscono il modello One Health ma il 75% crede che il benessere di esseri umani, animali, piante e ambiente sia fortemente interconnesso<\/a><\/p>\n<hr \/>\n<p>Note<\/p>\n<p><em>Al patologo tedesco Rudolf Virchow si attribuisce la paternit\u00e0 del termine \u201c<strong><a href=\"https:\/\/www.fondazioneveronesi.it\/magazine\/articoli\/lesperto-risponde\/zoonosi-come-avviene-il-salto-di-specie-di-un-virus-dagli-animali-alluomo\" target=\"_blank\" rel=\"noopener\">zoonosi<\/a><\/strong>\u201d, per indicare le infezioni trasmissibili fra animali ed esseri umani, attraverso il fenomemo dello <strong>spillover<\/strong>. Gi\u00e0 nel diciannovesimo secolo Virchow sosteneva che fra<strong> salute umana e salute animale<\/strong> non c\u2019erano e non avrebbero dovuto esserci linee di demarcazione. Il concetto di \u201cmedicina unica\u201d era comunemente accettato, cos\u00ec come le ricerche collaborative fra veterinari e medici. Nei decenni successivi questo modello cadde perlopi\u00f9 nel dimenticatoio, risorgendo di tanto in tanto, in concomitanza di nuove minacce infettive. Poi, soprattutto in risposta all\u2019<a class=\"tm-hl\" title=\"influence\" href=\"https:\/\/www.fondazioneveronesi.it\/magazine\/tools-della-salute\/glossario-delle-malattie\/influenza\" target=\"_blank\" rel=\"noopener\"><strong>influence<\/strong><\/a> aviaria, <strong>negli anni Duemila<\/strong> le principali istituzioni internazionali iniziarono ad incoraggiare ogni paese ad adottare e sviluppare \u00ab<strong>il concetto di One Health<\/strong>, consolidando i legami fra i sistemi sanitari umani e veterinari, per migliorare la preparazione nei confronti dei rischi pandemici e per la sicurezza dell\u2019umanit\u00e0\u00bb (dalla conferenza ministeriale internazionale di New Dehli, 2007). Negli anni pi\u00f9 recenti, il concetto di \u201c<strong>una salute<\/strong>\u201d si amplia, accogliendo oltre alla salute umana e a quella animale, l\u2019altrettanto inscindibile salute degli <strong>ecosistemi<\/strong> in cui viviamo.<\/em><\/p>\n<p><em>The <strong>modello One Health<\/strong> si applica a molte problematiche diverse, fra cui:<\/em><\/p>\n<ul>\n<li><em>there <a href=\"https:\/\/www.fondazioneveronesi.it\/magazine\/articoli\/da-non-perdere\/antibiotico-resistenza-unemergenza-per-tutto-il-pianeta\" target=\"_blank\" rel=\"noopener\">resistenza agli antibiotici<\/a><\/em><\/li>\n<li><em>le malattie zoonotiche, come <a href=\"https:\/\/www.fondazioneveronesi.it\/magazine\/articoli\/da-non-perdere\/rabbia-la-malattia-dimenticata-che-si-vince-con-linformazione\" target=\"_blank\" rel=\"noopener\">la rabbia<\/a> e l\u2019antrace<\/em><\/li>\n<li><em>le malattie trasmesse da vettori, come la malattia di Lyme, la dengue, chikungunya e la malattia di Chagas<\/em><\/li>\n<li><em>le infezioni alimentari (la campilobatteriosi \u00e8 la pi\u00f9 diffusa in Europa) e la sicurezza alimentare.<\/em><\/li>\n<\/ul>\n<p>(Source: <a href=\"https:\/\/www.fondazioneveronesi.it\/magazine\/articoli\/da-non-perdere\/che-cose-e-perche-ci-riguarda-il-modello-one-health\" target=\"_blank\" rel=\"noopener\">Fondazione Veronesi<\/a>)<\/p>\n<p>Editor&#039;s note: <em>Sembra di dire una banalit\u00e0, ma ci sembrerebbe opportuno cominciare a far funzionare il nostro Servizio Sanitario Nazionale<\/em><\/p>","protected":false},"excerpt":{"rendered":"<p>Schillaci su approccio \u2018One Health&#8217;: \u201cLa salute umana e quella ambientale sono inscindibili\u201d Federfarma &#8211; 8 settembre 2023 \u201cI cambiamenti climatici, il riscaldamento globale, la perdita di biodiversit\u00e0, l&#8217;antibiotico-resistenza e l&#8217;inquinamento atmosferico, che rappresenta il principale fattore di rischio ambientale per la salute, confermano l&#8217;urgenza di guardare al domani con una visione One Health, implementando &hellip;<\/p>","protected":false},"author":4,"featured_media":73276,"comment_status":"closed","ping_status":"closed","sticky":false,"template":"","format":"standard","meta":{"footnotes":""},"categories":[1],"tags":[232,79],"class_list":["post-73272","post","type-post","status-publish","format-standard","has-post-thumbnail","hentry","category-notizie","tag-schillaci","tag-ssn"],"amp_enabled":true,"_links":{"self":[{"href":"https:\/\/www.fedaiisf.it\/en\/wp-json\/wp\/v2\/posts\/73272","targetHints":{"allow":["GET"]}}],"collection":[{"href":"https:\/\/www.fedaiisf.it\/en\/wp-json\/wp\/v2\/posts"}],"about":[{"href":"https:\/\/www.fedaiisf.it\/en\/wp-json\/wp\/v2\/types\/post"}],"author":[{"embeddable":true,"href":"https:\/\/www.fedaiisf.it\/en\/wp-json\/wp\/v2\/users\/4"}],"replies":[{"embeddable":true,"href":"https:\/\/www.fedaiisf.it\/en\/wp-json\/wp\/v2\/comments?post=73272"}],"version-history":[{"count":9,"href":"https:\/\/www.fedaiisf.it\/en\/wp-json\/wp\/v2\/posts\/73272\/revisions"}],"predecessor-version":[{"id":73293,"href":"https:\/\/www.fedaiisf.it\/en\/wp-json\/wp\/v2\/posts\/73272\/revisions\/73293"}],"wp:featuredmedia":[{"embeddable":true,"href":"https:\/\/www.fedaiisf.it\/en\/wp-json\/wp\/v2\/media\/73276"}],"wp:attachment":[{"href":"https:\/\/www.fedaiisf.it\/en\/wp-json\/wp\/v2\/media?parent=73272"}],"wp:term":[{"taxonomy":"category","embeddable":true,"href":"https:\/\/www.fedaiisf.it\/en\/wp-json\/wp\/v2\/categories?post=73272"},{"taxonomy":"post_tag","embeddable":true,"href":"https:\/\/www.fedaiisf.it\/en\/wp-json\/wp\/v2\/tags?post=73272"}],"curies":[{"name":"wp","href":"https:\/\/api.w.org\/{rel}","templated":true}]}}