{"id":73323,"date":"2023-09-13T06:34:40","date_gmt":"2023-09-13T04:34:40","guid":{"rendered":"https:\/\/www.fedaiisf.it\/?p=73323"},"modified":"2023-09-14T11:50:48","modified_gmt":"2023-09-14T09:50:48","slug":"covid-scotti-serve-un-chiarimento-sui-certificati-di-malattia-per-gli-asintomatici-ritornano-i-tamponi","status":"publish","type":"post","link":"https:\/\/www.fedaiisf.it\/en\/covid-scotti-serve-un-chiarimento-sui-certificati-di-malattia-per-gli-asintomatici-ritornano-i-tamponi\/","title":{"rendered":"Covid, Scotti: \u00abServe un chiarimento sui certificati di malattia per gli asintomatici\u00bb. Ritornano i tamponi"},"content":{"rendered":"<p><span style=\"font-size: 14pt;\">\u00abServe un chiarimento sui certificati di malattia per gli asintomatici\u00bb<\/span><\/p>\n<p><a href=\"https:\/\/www.fimmg.org\/index.php?action=pages&amp;m=view&amp;p=30584&amp;art=5450\" target=\"_blank\" rel=\"noopener\">Fimmg &#8211; 12 settembre 2023<\/a><\/p>\n<p>\u00abNel fare un certificato medico per malattia, io devo valutare l&#8217;inabilit\u00e0 temporanea al lavoro. Se il paziente \u00e8 <img loading=\"lazy\" decoding=\"async\" class=\"wp-image-59328 alignright\" src=\"https:\/\/www.fedaiisf.it\/wp-content\/uploads\/2021\/07\/Scotti-Fimmg.png\" alt=\"\" width=\"259\" height=\"204\" srcset=\"https:\/\/www.fedaiisf.it\/wp-content\/uploads\/2021\/07\/Scotti-Fimmg.png 545w, https:\/\/www.fedaiisf.it\/wp-content\/uploads\/2021\/07\/Scotti-Fimmg-300x237.png 300w\" sizes=\"auto, (max-width: 259px) 100vw, 259px\" \/>asintomatico, anche se \u00e8 portatore della malattia, non si rileva una condizione che gli impedisca il lavoro. Perci\u00f2 io non posso emettere nessun certificato che consenta al lavoratore di assentarsi\u00bb.<\/p>\n<p>Lo ha precisato il segretario generale della Fimmg, Silvestro Scotti, intervistato dall\u2019Ansa sulle conseguenze dell&#8217;abolizione dell&#8217;obbligo di isolamento delle persone positive al Covid. Scotti ha spiegato che \u00abquello che permetteva di estendere anche agli asintomatici la possibilit\u00e0 di assentarsi dal lavoro mantenendo la retribuzione era l&#8217;obbligo di isolamento.<\/p>\n<p>Oggi ci\u00f2 non \u00e8 possibile\u00bb, ha detto il segretario della Fimmg, che per questo motivo invita il Governo e l&#8217;Inps a chiarire la situazione per evitare un corto circuito soprattutto in un momento di ripresa dei contagi. Se bisogna andare a lavoro anche in presenza di una positivit\u00e0 al tampone, infatti, si rischia di fare da volano alla diffusione del virus. \u00abNon si tratta di una critica alla decisione di abolire l&#8217;isolamento. \u00c8 per\u00f2 uno di quei problemi con cui si confronta chi lavora quotidianamente sul territorio\u00bb.<\/p>\n<p>Ci sono problemi anche per chi ha sintomi: \u00abIl tampone in autodiagnosi non ha nessun valore legale. Per emettere un certificato di malattia per Covid dovremmo chiedere al paziente di eseguire un tampone in un centro certificato: in tal caso per\u00f2 i costi dell&#8217;indagine sarebbe a suo carico\u00bb, ha concluso Scotti, secondo il quale una soluzione potrebbe essere quella di coinvolgere i medici di famiglia. Ma anche in questo caso va precisato chi debba farsi carico dei costi del tampone.<\/p>\n<hr \/>\n<p><a href=\"https:\/\/www.trovanorme.salute.gov.it\/norme\/renderNormsanPdf?anno=2023&amp;codLeg=96149&amp;parte=1%20&amp;serie=null\" target=\"_blank\" rel=\"noopener\"><strong>Circolare del Ministero della Salute n. 27648<\/strong><\/a><\/p>\n<hr \/>\n<h2 class=\"Title\">Covid, circolare del Ministero: obbligo tampone in ospedale. Oms: pochi vaccinati tra le persone a rischio<\/h2>\n<p><a href=\"https:\/\/www.federfarma.it\/Edicola\/Filodiretto\/VediNotizia.aspx?id=25192\" target=\"_blank\" rel=\"noopener\">Federfarma 12 settembre 2023<\/a><\/p>\n<p>Con l\u2019impennata dei casi di Covid rilevata di recente in Italia, un aumento del 44% registrato in sette giorni, la settimana scorsa, il ministero della Salute, in una Circolare diramata venerd\u00ec 8 settembre, ha reintrodotto l\u2019obbligo dei tamponi per chi accede al Pronto Soccorso con i sintomi del Covid-19.<\/p>\n<p><img loading=\"lazy\" decoding=\"async\" class=\"wp-image-48930 alignleft\" src=\"https:\/\/www.fedaiisf.it\/wp-content\/uploads\/2020\/03\/tampone-coronavirus-1.jpg\" alt=\"\" width=\"331\" height=\"221\" srcset=\"https:\/\/www.fedaiisf.it\/wp-content\/uploads\/2020\/03\/tampone-coronavirus-1.jpg 1500w, https:\/\/www.fedaiisf.it\/wp-content\/uploads\/2020\/03\/tampone-coronavirus-1-300x200.jpg 300w, https:\/\/www.fedaiisf.it\/wp-content\/uploads\/2020\/03\/tampone-coronavirus-1-1024x684.jpg 1024w, https:\/\/www.fedaiisf.it\/wp-content\/uploads\/2020\/03\/tampone-coronavirus-1-768x513.jpg 768w, https:\/\/www.fedaiisf.it\/wp-content\/uploads\/2020\/03\/tampone-coronavirus-1-274x183.jpg 274w, https:\/\/www.fedaiisf.it\/wp-content\/uploads\/2020\/03\/tampone-coronavirus-1-80x54.jpg 80w, https:\/\/www.fedaiisf.it\/wp-content\/uploads\/2020\/03\/tampone-coronavirus-1-130x87.jpg 130w, https:\/\/www.fedaiisf.it\/wp-content\/uploads\/2020\/03\/tampone-coronavirus-1-359x240.jpg 359w, https:\/\/www.fedaiisf.it\/wp-content\/uploads\/2020\/03\/tampone-coronavirus-1-85x57.jpg 85w, https:\/\/www.fedaiisf.it\/wp-content\/uploads\/2020\/03\/tampone-coronavirus-1-546x365.jpg 546w, https:\/\/www.fedaiisf.it\/wp-content\/uploads\/2020\/03\/tampone-coronavirus-1-266x179.jpg 266w, https:\/\/www.fedaiisf.it\/wp-content\/uploads\/2020\/03\/tampone-coronavirus-1-165x109.jpg 165w, https:\/\/www.fedaiisf.it\/wp-content\/uploads\/2020\/03\/tampone-coronavirus-1-347x233.jpg 347w, https:\/\/www.fedaiisf.it\/wp-content\/uploads\/2020\/03\/tampone-coronavirus-1-112x75.jpg 112w, https:\/\/www.fedaiisf.it\/wp-content\/uploads\/2020\/03\/tampone-coronavirus-1-179x120.jpg 179w, https:\/\/www.fedaiisf.it\/wp-content\/uploads\/2020\/03\/tampone-coronavirus-1-170x113.jpg 170w, https:\/\/www.fedaiisf.it\/wp-content\/uploads\/2020\/03\/tampone-coronavirus-1-81x55.jpg 81w, https:\/\/www.fedaiisf.it\/wp-content\/uploads\/2020\/03\/tampone-coronavirus-1-765x510.jpg 765w\" sizes=\"auto, (max-width: 331px) 100vw, 331px\" \/>Test necessario anche per chi si deve trasferire da una struttura ad un\u2019altra e per l\u2019ingresso nelle residenze per anziani (Rsa). \u201cEsaminato l\u2019attuale andamento clinico-epidemiologico e considerate le indicazioni contenute nei documenti nazionali e internazionali, anche al fine di rendere omogenea la pratica dell\u2019effettuazione dei test a livello nazionale, si forniscono raccomandazioni in merito ai casi nei quali \u00e8 opportuno procedere all\u2019approfondimento diagnostico per SARS-CoV-2\u201d.<\/p>\n<p>\u00c8 quanto si legge nella <a href=\"https:\/\/www.trovanorme.salute.gov.it\/norme\/renderNormsanPdf?anno=2023&amp;codLeg=96149&amp;parte=1%20&amp;serie=null\" target=\"_blank\" rel=\"noopener\">circolare<\/a> firmata dal Dg della prevenzione del Ministero, <strong>Francesco Vaia<\/strong>, nella quale si sottolinea che resta la possibilit\u00e0 \u201cda parte del direttore sanitario della struttura o del clinico che ne ravvisi la necessit\u00e0, di definire ulteriori indicazioni per l\u2019effettuazione dei test e misure di prevenzione e protezione aggiuntive rispetto a quelle riportate\u201d.<\/p>\n<p>Per i pazienti che non presentano sintomi compatibili con COVID-19, dunque, non \u00e8 indicata l\u2019esecuzione del test per SARS-CoV-2 al triage, mentre per i pazienti con sintomi e con un quadro clinico compatibile con COVID-19 \u00e8 indicata l\u2019effettuazione di test diagnostici.<\/p>\n<p>Laddove possibile, inoltre, la circolare invita ad attivare\/mantenere un percorso pi\u00f9 ampio di sorveglianza epidemiologica, con la ricerca di altri virus, quali quelli dell\u2019influenza A e B, il virus respiratorio sinciziale, i virus parainfluenzali, i rinovirus, gli adenovirus e gli enterovirus. Il tampone \u00e8 richiesto anche ai pazienti che, all\u2019anamnesi, dichiarano di aver avuto contatti stretti con un caso confermato di COVID-19 negli ultimi 5 giorni.<\/p>\n<p><strong>L\u2019effettuazione dei test diagnostici per SARS-CoV-2 \u00e8 indicata, poi, ai pazienti, anche asintomatici, che devono effettuare un ricovero o un trasferimento<\/strong>, sia programmato che in emergenza, in contesti assistenziali ad alto rischio, quindi reparti in cui sono ricoverati pazienti immunocompromessi e fragili, strutture <img loading=\"lazy\" decoding=\"async\" class=\"wp-image-60640 alignright\" src=\"https:\/\/www.fedaiisf.it\/wp-content\/uploads\/2021\/10\/DG-OMS.png\" alt=\"\" width=\"222\" height=\"224\" srcset=\"https:\/\/www.fedaiisf.it\/wp-content\/uploads\/2021\/10\/DG-OMS.png 296w, https:\/\/www.fedaiisf.it\/wp-content\/uploads\/2021\/10\/DG-OMS-150x150.png 150w\" sizes=\"auto, (max-width: 222px) 100vw, 222px\" \/>protette e Rsa. In queste strutture, \u00e8 indicata l\u2019effettuazione di test diagnostici per SARS-CoV-2 anche agli ospiti che vi accedono.<\/p>\n<p>L\u2019Organizzazione Mondiale della Sanit\u00e0 (OMS) continua a incoraggiare le vaccinazioni, soprattutto per le persone a rischio. \u201cUna delle maggiori preoccupazioni per medici ed esperti \u00e8 il basso numero di persone a rischio che hanno ricevuto recentemente una dose di vaccino contro il Covid\u201d, come ha sottolineato <strong>Tedros Adhanom Ghebreyesus<\/strong>, direttore generale dell&#8217;Oms, nel corso di una conferenza stampa a Ginevra. \u201cIl nostro messaggio \u00e8 di non aspettare per ricevere un richiamo, se \u00e8 stato consigliato\u201d.<\/p>\n<p>Related news: <a href=\"https:\/\/www.salute.gov.it\/imgs\/C_17_bollettini_49_fileBollettino.pdf\" target=\"_blank\" rel=\"noopener\">Bollettino Covid n. 45 Settimana dal <strong>31\u00a0agosto\u00a02023<\/strong> to the <strong>6\u00a0settembre\u00a02023<\/strong> <\/a><\/p>\n<p><a href=\"https:\/\/www.salute.gov.it\/imgs\/C_17_monitoraggi_193_0_fileNazionale.pdf\" target=\"_blank\" rel=\"noopener\">Monitoraggio fase 3 Report Settimanale<\/a><\/p>\n<p class=\"entry-title\"><a href=\"https:\/\/portale.fnomceo.it\/covid-la-fnomceo-in-audizione-alla-camera-investire-sul-ssn-anche-par-far-fronte-a-nuove-emergenze-senza-restrizioni\/\" target=\"_blank\" rel=\"noopener\">Covid, la FNOMCeO in audizione alla Camera: \u201cInvestire sul SSN anche par far fronte a nuove emergenze senza restrizioni\u201d<\/a><\/p>\n<p><img loading=\"lazy\" decoding=\"async\" class=\"size-full wp-image-73330 aligncenter\" src=\"https:\/\/www.fedaiisf.it\/wp-content\/uploads\/2023\/09\/Diffusione-Conid-ad-agosto-23.png\" alt=\"\" width=\"895\" height=\"734\" srcset=\"https:\/\/www.fedaiisf.it\/wp-content\/uploads\/2023\/09\/Diffusione-Conid-ad-agosto-23.png 895w, https:\/\/www.fedaiisf.it\/wp-content\/uploads\/2023\/09\/Diffusione-Conid-ad-agosto-23-300x246.png 300w, https:\/\/www.fedaiisf.it\/wp-content\/uploads\/2023\/09\/Diffusione-Conid-ad-agosto-23-768x630.png 768w, https:\/\/www.fedaiisf.it\/wp-content\/uploads\/2023\/09\/Diffusione-Conid-ad-agosto-23-15x12.png 15w\" sizes=\"auto, (max-width: 895px) 100vw, 895px\" \/><\/p>","protected":false},"excerpt":{"rendered":"<p>\u00abServe un chiarimento sui certificati di malattia per gli asintomatici\u00bb Fimmg &#8211; 12 settembre 2023 \u00abNel fare un certificato medico per malattia, io devo valutare l&#8217;inabilit\u00e0 temporanea al lavoro. Se il paziente \u00e8 asintomatico, anche se \u00e8 portatore della malattia, non si rileva una condizione che gli impedisca il lavoro. Perci\u00f2 io non posso emettere &hellip;<\/p>","protected":false},"author":4,"featured_media":73332,"comment_status":"closed","ping_status":"closed","sticky":false,"template":"","format":"standard","meta":{"footnotes":""},"categories":[1],"tags":[79,39],"class_list":["post-73323","post","type-post","status-publish","format-standard","has-post-thumbnail","hentry","category-notizie","tag-ssn","tag-vaccini"],"amp_enabled":true,"_links":{"self":[{"href":"https:\/\/www.fedaiisf.it\/en\/wp-json\/wp\/v2\/posts\/73323","targetHints":{"allow":["GET"]}}],"collection":[{"href":"https:\/\/www.fedaiisf.it\/en\/wp-json\/wp\/v2\/posts"}],"about":[{"href":"https:\/\/www.fedaiisf.it\/en\/wp-json\/wp\/v2\/types\/post"}],"author":[{"embeddable":true,"href":"https:\/\/www.fedaiisf.it\/en\/wp-json\/wp\/v2\/users\/4"}],"replies":[{"embeddable":true,"href":"https:\/\/www.fedaiisf.it\/en\/wp-json\/wp\/v2\/comments?post=73323"}],"version-history":[{"count":9,"href":"https:\/\/www.fedaiisf.it\/en\/wp-json\/wp\/v2\/posts\/73323\/revisions"}],"predecessor-version":[{"id":73356,"href":"https:\/\/www.fedaiisf.it\/en\/wp-json\/wp\/v2\/posts\/73323\/revisions\/73356"}],"wp:featuredmedia":[{"embeddable":true,"href":"https:\/\/www.fedaiisf.it\/en\/wp-json\/wp\/v2\/media\/73332"}],"wp:attachment":[{"href":"https:\/\/www.fedaiisf.it\/en\/wp-json\/wp\/v2\/media?parent=73323"}],"wp:term":[{"taxonomy":"category","embeddable":true,"href":"https:\/\/www.fedaiisf.it\/en\/wp-json\/wp\/v2\/categories?post=73323"},{"taxonomy":"post_tag","embeddable":true,"href":"https:\/\/www.fedaiisf.it\/en\/wp-json\/wp\/v2\/tags?post=73323"}],"curies":[{"name":"wp","href":"https:\/\/api.w.org\/{rel}","templated":true}]}}