{"id":73391,"date":"2023-09-17T18:42:04","date_gmt":"2023-09-17T16:42:04","guid":{"rendered":"https:\/\/www.fedaiisf.it\/?p=73391"},"modified":"2023-09-17T19:50:02","modified_gmt":"2023-09-17T17:50:02","slug":"sez-aiisf-napoli-partecipazione-il-23-e-24-settembre-a-salute-per-tutti-in-piazza-plebiscito","status":"publish","type":"post","link":"https:\/\/www.fedaiisf.it\/en\/sez-aiisf-napoli-partecipazione-il-23-e-24-settembre-a-salute-per-tutti-in-piazza-plebiscito\/","title":{"rendered":"Sez. AIISF Napoli. Partecipazione il 23 e 24 settembre a &#8220;Salute per tutti&#8221; in Piazza Plebiscito"},"content":{"rendered":"<p>Il 23 e 24 settembre 2023, dalle ore 10:00 alle ore 18:00, in Piazza del Plebiscito, avr\u00e0 luogo l\u2019iniziativa &#8220;<strong class=\"userFormat1\">The<\/strong><br \/>\n<strong class=\"userFormat1\"><img loading=\"lazy\" decoding=\"async\" class=\"wp-image-73401 alignright\" src=\"https:\/\/www.fedaiisf.it\/wp-content\/uploads\/2023\/09\/salute-per-tutti-foto-e-logo.png\" alt=\"\" width=\"414\" height=\"235\" srcset=\"https:\/\/www.fedaiisf.it\/wp-content\/uploads\/2023\/09\/salute-per-tutti-foto-e-logo.png 691w, https:\/\/www.fedaiisf.it\/wp-content\/uploads\/2023\/09\/salute-per-tutti-foto-e-logo-300x170.png 300w, https:\/\/www.fedaiisf.it\/wp-content\/uploads\/2023\/09\/salute-per-tutti-foto-e-logo-18x10.png 18w, https:\/\/www.fedaiisf.it\/wp-content\/uploads\/2023\/09\/salute-per-tutti-foto-e-logo-390x220.png 390w\" sizes=\"auto, (max-width: 414px) 100vw, 414px\" \/>Giornate napoletane della salute, prevenzione e benessere&#8221;.<\/strong><\/p>\n<p><strong class=\"userFormat1\">the<\/strong><strong class=\"userFormat1\">l Comune di Napoli <\/strong>si \u00e8 fatto promotore delle Giornate Napoletane della salute, prevenzione e benessere, durante le quali i cittadini avranno la possibilit\u00e0 di effettuare gratuitamente screening medici e visite specialistiche \u2013 ha detto il <strong>Sindaco Gaetano Manfredi<\/strong> &#8211; Un\u2019iniziativa che l&#8217;Amministrazione ha voluto rinnovare dopo la massiccia adesione riscontrata nell\u2019edizione dello scorso anno e che oggi appare ancora pi\u00f9 utile.<br \/>\nDopo la pandemia, non va dimenticato che la prevenzione gioca un ruolo determinante per individuare tempestivamente potenziali fattori di rischio. Grazie all\u2019imprescindibile supporto degli istituti e delle professionalit\u00e0 coinvolte nel progetto, si rende fruibile gratuitamente un servizio fondamentale per l\u2019intera comunit\u00e0\u201d.<\/p>\n<p>&#8220;I cittadini &#8211; come ha sottolineato l&#8217;<strong class=\"userFormat1\">assessore alla Salute<\/strong>, <strong class=\"userFormat1\">Vincenzo Santagada<\/strong> &#8211; potranno gratuitamente effettuare screening in molteplici ambiti sanitari e ricevere informazioni sull&#8217;importanza della prevenzione.<br \/>\nQuesta iniziativa \u00e8 un modo per essere vicini alle persone pi\u00f9 fragili e per dare una risposta di salute a tutti. Lo scopo \u00e8 di contribuire ad aumentare la partecipazione ai Programmi di Screening e di promuovere l\u2019importanza della diagnosi precoce<em class=\"userFormat2\">&#8220;.<\/em><\/p>\n<p>I cittadini potranno <strong class=\"userFormat1\">for free<\/strong> effettuare <strong class=\"userFormat1\">visite mediche<\/strong> e ricevere informazioni sull\u2019importanza della prevenzione attraverso la collaborazione delle Aziende Sanitarie Locali, dell\u2019AOU Federico II e dell\u2019Universit\u00e0 degli Studi di Napoli \u201cFederico II\u201d, dell\u2019Universit\u00e0 degli Studi della Campania \u201cLuigi Vanvitelli\u201d, delle Aziende Ospedaliere, degli Ordini Professionali, delle Associazioni e Societ\u00e0 Scientifiche, delle Municipalit\u00e0.<\/p>\n<p><strong>la Sezione AIISF di Napoli, in rappresentanza di Fedaiisf nazionale a cui \u00e8 federata, \u00e8 stata invitata ad essere presente con un proprio stand con lo scopo di informare i cittadini sulla vera attivit\u00e0 e funzione degli informatori scientifici del farmaco.<\/strong><\/p>\n<p><a href=\"https:\/\/youtu.be\/fxUASofuJjY?si=9rgVTe1W0vy07A1-\" target=\"_blank\" rel=\"noopener\"><img loading=\"lazy\" decoding=\"async\" class=\"size-full wp-image-73392 aligncenter\" src=\"https:\/\/www.fedaiisf.it\/wp-content\/uploads\/2023\/09\/Schermata-2023-09-17-alle-18.24.57.png\" alt=\"\" width=\"844\" height=\"471\" srcset=\"https:\/\/www.fedaiisf.it\/wp-content\/uploads\/2023\/09\/Schermata-2023-09-17-alle-18.24.57.png 844w, https:\/\/www.fedaiisf.it\/wp-content\/uploads\/2023\/09\/Schermata-2023-09-17-alle-18.24.57-300x167.png 300w, https:\/\/www.fedaiisf.it\/wp-content\/uploads\/2023\/09\/Schermata-2023-09-17-alle-18.24.57-768x429.png 768w, https:\/\/www.fedaiisf.it\/wp-content\/uploads\/2023\/09\/Schermata-2023-09-17-alle-18.24.57-18x10.png 18w\" sizes=\"auto, (max-width: 844px) 100vw, 844px\" \/><\/a><\/p>\n<p>Numero Speciale &#8220;Medical BRAIN Juice (cliccare sopra l&#8217;immagine per aprire).<a href=\"https:\/\/www.fedaiisf.it\/wp-content\/uploads\/2023\/09\/DOC-20230913-WA0026.pdf\"><img loading=\"lazy\" decoding=\"async\" class=\"size-full wp-image-73394 aligncenter\" src=\"https:\/\/www.fedaiisf.it\/wp-content\/uploads\/2023\/09\/Schermata-2023-09-17-alle-18.29.42.png\" alt=\"\" width=\"545\" height=\"772\" srcset=\"https:\/\/www.fedaiisf.it\/wp-content\/uploads\/2023\/09\/Schermata-2023-09-17-alle-18.29.42.png 545w, https:\/\/www.fedaiisf.it\/wp-content\/uploads\/2023\/09\/Schermata-2023-09-17-alle-18.29.42-212x300.png 212w, https:\/\/www.fedaiisf.it\/wp-content\/uploads\/2023\/09\/Schermata-2023-09-17-alle-18.29.42-8x12.png 8w\" sizes=\"auto, (max-width: 545px) 100vw, 545px\" \/><\/a><\/p>","protected":false},"excerpt":{"rendered":"<p>Il 23 e 24 settembre 2023, dalle ore 10:00 alle ore 18:00, in Piazza del Plebiscito, avr\u00e0 luogo l\u2019iniziativa &#8220;Le Giornate napoletane della salute, prevenzione e benessere&#8221;. il Comune di Napoli si \u00e8 fatto promotore delle Giornate Napoletane della salute, prevenzione e benessere, durante le quali i cittadini avranno la possibilit\u00e0 di effettuare gratuitamente screening &hellip;<\/p>","protected":false},"author":4,"featured_media":73397,"comment_status":"closed","ping_status":"closed","sticky":false,"template":"","format":"standard","meta":{"footnotes":""},"categories":[1,14],"tags":[45],"class_list":["post-73391","post","type-post","status-publish","format-standard","has-post-thumbnail","hentry","category-notizie","category-news-fedaiisf","tag-fedaiisf"],"amp_enabled":true,"_links":{"self":[{"href":"https:\/\/www.fedaiisf.it\/en\/wp-json\/wp\/v2\/posts\/73391","targetHints":{"allow":["GET"]}}],"collection":[{"href":"https:\/\/www.fedaiisf.it\/en\/wp-json\/wp\/v2\/posts"}],"about":[{"href":"https:\/\/www.fedaiisf.it\/en\/wp-json\/wp\/v2\/types\/post"}],"author":[{"embeddable":true,"href":"https:\/\/www.fedaiisf.it\/en\/wp-json\/wp\/v2\/users\/4"}],"replies":[{"embeddable":true,"href":"https:\/\/www.fedaiisf.it\/en\/wp-json\/wp\/v2\/comments?post=73391"}],"version-history":[{"count":9,"href":"https:\/\/www.fedaiisf.it\/en\/wp-json\/wp\/v2\/posts\/73391\/revisions"}],"predecessor-version":[{"id":73407,"href":"https:\/\/www.fedaiisf.it\/en\/wp-json\/wp\/v2\/posts\/73391\/revisions\/73407"}],"wp:featuredmedia":[{"embeddable":true,"href":"https:\/\/www.fedaiisf.it\/en\/wp-json\/wp\/v2\/media\/73397"}],"wp:attachment":[{"href":"https:\/\/www.fedaiisf.it\/en\/wp-json\/wp\/v2\/media?parent=73391"}],"wp:term":[{"taxonomy":"category","embeddable":true,"href":"https:\/\/www.fedaiisf.it\/en\/wp-json\/wp\/v2\/categories?post=73391"},{"taxonomy":"post_tag","embeddable":true,"href":"https:\/\/www.fedaiisf.it\/en\/wp-json\/wp\/v2\/tags?post=73391"}],"curies":[{"name":"wp","href":"https:\/\/api.w.org\/{rel}","templated":true}]}}