{"id":73540,"date":"2023-10-02T11:28:12","date_gmt":"2023-10-02T09:28:12","guid":{"rendered":"https:\/\/www.fedaiisf.it\/?p=73540"},"modified":"2023-10-02T11:43:24","modified_gmt":"2023-10-02T09:43:24","slug":"sez-aiisf-lecce-e-smg-corso-informazione-scientifica-sul-farmaco-e-parafarmaco-tra-normative-e-pandemia-per-un-migliore-accesso-alle-cure","status":"publish","type":"post","link":"https:\/\/www.fedaiisf.it\/en\/sez-aiisf-lecce-e-smg-corso-informazione-scientifica-sul-farmaco-e-parafarmaco-tra-normative-e-pandemia-per-un-migliore-accesso-alle-cure\/","title":{"rendered":"Sez. AIISF Lecce e SIMG. &#8220;Corso Informazione scientifica sul farmaco e parafarmaco &#8211; tra normative e pandemia per un migliore accesso alle cure&#8221;"},"content":{"rendered":"<p>Il 30 settembre 2023, presso le aule del polo didattico della ASL di Lecce, si \u00e8 tenuto il corso dal titolo &#8220;<em>Informazione scientifica sul farmaco e parafarmaco &#8211; tra normative e pandemia per un migliore accesso alle <img loading=\"lazy\" decoding=\"async\" class=\"wp-image-73367 alignright\" src=\"https:\/\/www.fedaiisf.it\/wp-content\/uploads\/2023\/09\/lecce-programma-fedaiisf-simg.png\" alt=\"\" width=\"284\" height=\"648\" srcset=\"https:\/\/www.fedaiisf.it\/wp-content\/uploads\/2023\/09\/lecce-programma-fedaiisf-simg.png 422w, https:\/\/www.fedaiisf.it\/wp-content\/uploads\/2023\/09\/lecce-programma-fedaiisf-simg-131x300.png 131w, https:\/\/www.fedaiisf.it\/wp-content\/uploads\/2023\/09\/lecce-programma-fedaiisf-simg-5x12.png 5w\" sizes=\"auto, (max-width: 284px) 100vw, 284px\" \/>cure<\/em>&#8221; organizzato dalla sezione Aiisf di Lecce, federata Fedaiisf, presieduta da Pasquale Malinconico in stretta collaborazione con la societ\u00e0 scientifica SIMG ottenendo il fondamentale patrocinio dalla direzione generale dell&#8217; ASL di Lecce.<\/p>\n<p>Altri importanti patrocini, Ordine Medici, Ordine Farmacisti e di tutti i sindacati dei medici.Erano presenti oltre 50 partecipanti, tra medici e Informatori Scientifici e farmacisti, oltre ai relatori come da programma allegato.<\/p>\n<p>Era presente anche il Direttore Generale Avv. Stefano Rossi il quale, vista l&#8217;importanza dell&#8217;argomento, ha voluto ascoltare anche le prime 2 relazioni, oltre che portare i saluti istituzionali, e fare un suo intervento riconoscendo il nostro ruolo importante per l&#8217;appropriatezza prescrittiva e l&#8217;aderenza alla terapia.<\/p>\n<p>Durante la trattazione della mia relazione, relativa alle normative nazionali e regionali, ho avuto l&#8217;opportunit\u00e0 di chedere collaborazione al DG per quanto riguarda gli accessi alle strutture sanitarie provinciali e la riattivazione della Commissione tecnica sull&#8217;informazione scientifica prevista dal regolamento della Regione Puglia.<\/p>\n<p>Tante le indicazioni, i suggerimenti e i riconoscimenti giunti dai partecipanti. In particolare il dr. Antonio Metrucci, presidente SIMG provinciale e presidente del corso, ha chiesto alla dr.ssa Daniela Fusco, MMG membro della Commissione comunicazione OMCeO Lecce, di prevedere anche alcune sezioni sull&#8217;informazione scientifica nel corso di specializzazione in medicina generale.<\/p>\n<p>Il nostro ruolo \u00e8 stato riconosciuto e messo in risalto anche dal direttore di distretto di Galatina, Dr Cosimo Esposito, evidenziando la necessit\u00e0 di inserire gli ISF nei tavoli tecnici inerenti alla razionalizzazione della spesa farmaceutica regionale.<\/p>\n<p>Lo stesso Dr Esposito ha espressamente chiesto di rifare il corso nel suo distretto obbligando i medici alla partecipazione con un evento ECM. Cosa molto importante, \u00e8 anche la proposta di sondare l&#8217;opportunit\u00e0 di una collaborazione con la facolt\u00e0 di Medicina.<\/p>\n<p><img loading=\"lazy\" decoding=\"async\" class=\"wp-image-73545 alignleft\" src=\"https:\/\/www.fedaiisf.it\/wp-content\/uploads\/2023\/10\/Schermata-2023-10-02-alle-11.21.05.png\" alt=\"\" width=\"378\" height=\"246\" srcset=\"https:\/\/www.fedaiisf.it\/wp-content\/uploads\/2023\/10\/Schermata-2023-10-02-alle-11.21.05.png 803w, https:\/\/www.fedaiisf.it\/wp-content\/uploads\/2023\/10\/Schermata-2023-10-02-alle-11.21.05-300x195.png 300w, https:\/\/www.fedaiisf.it\/wp-content\/uploads\/2023\/10\/Schermata-2023-10-02-alle-11.21.05-768x500.png 768w, https:\/\/www.fedaiisf.it\/wp-content\/uploads\/2023\/10\/Schermata-2023-10-02-alle-11.21.05-18x12.png 18w\" sizes=\"auto, (max-width: 378px) 100vw, 378px\" \/>Tutti i relatori hanno anche colto l&#8217;occasione, vista la presenza del Direttore Generale per gran parte dell&#8217;incontro, per mostrare le criticit\u00e0 nella sanit\u00e0 locale proponendo sempre la collaborazione di Fedaiisf nell&#8217;attuazione delle soluzioni, laddove possibile.<\/p>\n<p>La tavola rotonda conclusiva \u00e8 stata condotta dalla Dr.ssa Maddalena Mongi\u00f2, giornalista della Gazzetta del Mezzogiorno, la quale ha sottolineato come la figura dell&#8217;informatore scientifico era quasi un fantasma, nel SSN, ma in poche ore si \u00e8 invertita la situazione con un netto miglioramento dell&#8217;immagine della categoria.<\/p>\n<p>\u00c8 stato un evento che ha creato grandi opportunit\u00e0 dandoci la possibilit\u00e0 di dimostrare l&#8217;affidabilit\u00e0 della nostra categoria e gettare le fondamenta per future collaborazioni con i pi\u00f9 alti vertici sanitari locali, gli ordini dei medici e dei farmacisti, le societ\u00e0 scientifiche e i sindacati dei medici.<\/p>\n<p>Un grande e forte ringraziamento va a Pasquale Malinconico la cui professionalit\u00e0 \u00e8 stata determinante nell&#8217;organizzazione della giornata. \u00c8 stato l&#8217;inizio di un nuovo corso che porter\u00e0 certamente a grandi risultati.<\/p>\n<p>Antonio Mazzarella &#8211; Presidente Federale Fedaiisf &#8211; 1 ottobre 2023<\/p>\n<p><img loading=\"lazy\" decoding=\"async\" class=\"wp-image-73544 aligncenter\" src=\"https:\/\/www.fedaiisf.it\/wp-content\/uploads\/2023\/10\/Schermata-2023-10-02-alle-11.10.55.png\" alt=\"\" width=\"658\" height=\"902\" srcset=\"https:\/\/www.fedaiisf.it\/wp-content\/uploads\/2023\/10\/Schermata-2023-10-02-alle-11.10.55.png 616w, https:\/\/www.fedaiisf.it\/wp-content\/uploads\/2023\/10\/Schermata-2023-10-02-alle-11.10.55-219x300.png 219w, https:\/\/www.fedaiisf.it\/wp-content\/uploads\/2023\/10\/Schermata-2023-10-02-alle-11.10.55-9x12.png 9w\" sizes=\"auto, (max-width: 658px) 100vw, 658px\" \/><\/p>","protected":false},"excerpt":{"rendered":"<p>Il 30 settembre 2023, presso le aule del polo didattico della ASL di Lecce, si \u00e8 tenuto il corso dal titolo &#8220;Informazione scientifica sul farmaco e parafarmaco &#8211; tra normative e pandemia per un migliore accesso alle cure&#8221; organizzato dalla sezione Aiisf di Lecce, federata Fedaiisf, presieduta da Pasquale Malinconico in stretta collaborazione con la &hellip;<\/p>","protected":false},"author":4,"featured_media":73548,"comment_status":"closed","ping_status":"closed","sticky":false,"template":"","format":"standard","meta":{"footnotes":""},"categories":[1,14],"tags":[45],"class_list":["post-73540","post","type-post","status-publish","format-standard","has-post-thumbnail","hentry","category-notizie","category-news-fedaiisf","tag-fedaiisf"],"amp_enabled":true,"_links":{"self":[{"href":"https:\/\/www.fedaiisf.it\/en\/wp-json\/wp\/v2\/posts\/73540","targetHints":{"allow":["GET"]}}],"collection":[{"href":"https:\/\/www.fedaiisf.it\/en\/wp-json\/wp\/v2\/posts"}],"about":[{"href":"https:\/\/www.fedaiisf.it\/en\/wp-json\/wp\/v2\/types\/post"}],"author":[{"embeddable":true,"href":"https:\/\/www.fedaiisf.it\/en\/wp-json\/wp\/v2\/users\/4"}],"replies":[{"embeddable":true,"href":"https:\/\/www.fedaiisf.it\/en\/wp-json\/wp\/v2\/comments?post=73540"}],"version-history":[{"count":4,"href":"https:\/\/www.fedaiisf.it\/en\/wp-json\/wp\/v2\/posts\/73540\/revisions"}],"predecessor-version":[{"id":73549,"href":"https:\/\/www.fedaiisf.it\/en\/wp-json\/wp\/v2\/posts\/73540\/revisions\/73549"}],"wp:featuredmedia":[{"embeddable":true,"href":"https:\/\/www.fedaiisf.it\/en\/wp-json\/wp\/v2\/media\/73548"}],"wp:attachment":[{"href":"https:\/\/www.fedaiisf.it\/en\/wp-json\/wp\/v2\/media?parent=73540"}],"wp:term":[{"taxonomy":"category","embeddable":true,"href":"https:\/\/www.fedaiisf.it\/en\/wp-json\/wp\/v2\/categories?post=73540"},{"taxonomy":"post_tag","embeddable":true,"href":"https:\/\/www.fedaiisf.it\/en\/wp-json\/wp\/v2\/tags?post=73540"}],"curies":[{"name":"wp","href":"https:\/\/api.w.org\/{rel}","templated":true}]}}