{"id":73591,"date":"2023-10-05T06:13:01","date_gmt":"2023-10-05T04:13:01","guid":{"rendered":"https:\/\/www.fedaiisf.it\/?p=73591"},"modified":"2023-10-05T11:45:26","modified_gmt":"2023-10-05T09:45:26","slug":"meloni-obiettivo-sostenibilita-per-il-sistema-sanitario","status":"publish","type":"post","link":"https:\/\/www.fedaiisf.it\/en\/meloni-obiettivo-sostenibilita-per-il-sistema-sanitario\/","title":{"rendered":"Meloni: \u00abObiettivo sostenibilit\u00e0 per il sistema sanitario\u00bb. Fp, Ssn verso default programmato"},"content":{"rendered":"<p class=\"SubTitle\"><a href=\"https:\/\/stream24.ilsole24ore.com\/video\/italia\/meloni-la-sanita-tema-non-e-aumentare-risorse-ma-come-impiegarle\/AFfacX5\" target=\"_blank\" rel=\"noopener\">Il Sole 24 Ore, 04\/10\/2023<\/a><br \/>\nBarbara Fiammeri<\/p>\n<p class=\"Summary\"><img loading=\"lazy\" decoding=\"async\" class=\"wp-image-73597 alignright\" src=\"https:\/\/www.fedaiisf.it\/wp-content\/uploads\/2023\/10\/meloni-a-torino-ssn.jpeg\" alt=\"\" width=\"447\" height=\"245\" srcset=\"https:\/\/www.fedaiisf.it\/wp-content\/uploads\/2023\/10\/meloni-a-torino-ssn.jpeg 1280w, https:\/\/www.fedaiisf.it\/wp-content\/uploads\/2023\/10\/meloni-a-torino-ssn-300x164.jpeg 300w, https:\/\/www.fedaiisf.it\/wp-content\/uploads\/2023\/10\/meloni-a-torino-ssn-1024x561.jpeg 1024w, https:\/\/www.fedaiisf.it\/wp-content\/uploads\/2023\/10\/meloni-a-torino-ssn-768x421.jpeg 768w, https:\/\/www.fedaiisf.it\/wp-content\/uploads\/2023\/10\/meloni-a-torino-ssn-18x10.jpeg 18w\" sizes=\"auto, (max-width: 447px) 100vw, 447px\" \/>Sarebbe miope pensare di realizzare un sistema sanitario nazionale efficiente ed efficace soltanto sulla base delle risorse: lo ha affermato la presidente del Consiglio Giorgia Meloni intervenendo al Festival delle Regioni. Meloni ha assicurato che la manovra conterr\u00e0 un \u201cintervento deciso per le liste di attesa\u201d e risorse per il personale. La premier non \u00e8 per\u00f2 entrata nel dettaglio dei numeri, visto che le disponibilit\u00e0 sono ancora da quantificare.<\/p>\n<hr \/>\n<p><a href=\"https:\/\/www.ilroma.net\/news\/attualit\u00e0\/sanit\u00e0-meloni-sostenibilit\u00e0-ssn-priorit\u00e0-miope-focalizzarsi-sui-tagli\" target=\"_blank\" rel=\"noopener\">Il Roma &#8211; 3 ottobre 2023<\/a><\/p>\n<p>Le risorse nella sanit\u00e0 pubblica, dopo l&#8217;approvazione della Nadef 2023, tra i temi affrontati oggi dalla presidente del Consiglio, Giorgia Meloni, a Torino per il Festival delle Regioni. &#8220;Il governo sta lavorando per garantire il diritto alla salute a tutti i cittadini: su questo siamo aperti e pronti a qualsiasi tavolo di confronto per studiare quali siano, nella condizione a cui siamo chiamati ad operare, le modalit\u00e0 per raggiungere questo obiettivo. Io credo che l&#8217;obiettivo principale sia la sostenibilit\u00e0 del Servizio sanitario nazionale, consapevoli che ci muoviamo in contesto molto complesso che \u00e8 caratterizzato da elementi che rendono la materia sempre pi\u00f9 difficile da affrontare&#8221;, dice la premier.<\/p>\n<p>Quella della sanit\u00e0 &#8220;\u00e8 una situazione complessa che bisogna gestire con attenzione e capacit\u00e0 di coesione. Parto dal presupposto che una sanit\u00e0 efficiente e efficace \u00e8 l&#8217;obiettivo di tutti&#8221; ma &#8220;sarebbe miope perseguire questo obiettivo e concentrare tutta la discussione sull&#8217;aumento o meno delle risorse. Dobbiamo avere un approccio diverso, pi\u00f9 profondo, provare a concentrarci tutti, con coraggio, lealt\u00e0 e verit\u00e0 &#8211; invita la premier &#8211; su come le risorse vengono spese. Perch\u00e9 non basta necessariamente spendere di pi\u00f9 se poi quelle risorse venissero utilizzate in modo inefficiente. E allora io credo che la sfida, da affrontare insieme, sia questa. Sono pronta a fare insieme questo lavoro e certa che avremo al nostro fianco regioni e province autonome&#8221;.<\/p>\n<p>Articolo integrale sul<a href=\"https:\/\/www.ilroma.net\/news\/attualit\u00e0\/sanit\u00e0-meloni-sostenibilit\u00e0-ssn-priorit\u00e0-miope-focalizzarsi-sui-tagli\" target=\"_blank\" rel=\"noopener\"> Rome<\/a><\/p>\n<hr \/>\n<div>Related news:<\/div>\n<p><a href=\"https:\/\/www.collettiva.it\/copertine\/welfare\/2023\/10\/03\/news\/sanita-fp-default-programmato-3453625\/\" target=\"_blank\" rel=\"noopener\"><span style=\"font-size: 14pt; font-weight: bold;\">Fp Cgil, Ssn verso default programmato<\/span><\/a><\/p>\n<p>\u201cIl governo sta creando le condizioni per portare il finanziamento alla sanit\u00e0 pubblica ai livelli pi\u00f9 bassi dall&#8217;emergenza Covid\u201d. A dirlo \u00e8 <strong>Michele Vannini<\/strong>, segretario nazionale di Fp Cgil, commentando la Nota di aggiornamento del documento di economia e finanza (Nadef) 2023 e l&#8217;analisi della Fondazione Gimbe sulle risorse alla sanit\u00e0.<\/p>\n<p><img loading=\"lazy\" decoding=\"async\" class=\"wp-image-5300 alignleft\" src=\"https:\/\/www.fedaiisf.it\/wp-content\/uploads\/2014\/11\/Salviamo-SSN.jpg\" alt=\"\" width=\"364\" height=\"150\" srcset=\"https:\/\/www.fedaiisf.it\/wp-content\/uploads\/2014\/11\/Salviamo-SSN.jpg 684w, https:\/\/www.fedaiisf.it\/wp-content\/uploads\/2014\/11\/Salviamo-SSN-300x124.jpg 300w\" sizes=\"auto, (max-width: 364px) 100vw, 364px\" \/>\u201cSiamo di fronte a un <strong>default programmato per la sanit\u00e0<\/strong> quando il ministro Schillaci ha chiesto 4 miliardi e gliene daranno 2,5, non c&#8217;\u00e8 nessuna risposta sullo sblocco delle assunzioni e i prossimi rinnovi dei contratti\u201d. Prosegue: \u201cL&#8217;impressione \u00e8 che il governo stia mettendo in campo una privatizzazione del Ssn senza il coraggio di dirlo\u201d.<\/p>\n<p>Vannini cos\u00ec conclude: \u201cGimbe fotografa un disastro, ma ci dice anche che 4 milioni di persone hanno <strong>rinunciato alle cure<\/strong>, che i professionisti non ce la fanno pi\u00f9 e quello che si offre loro \u00e8 un incentivo economico a lavorare di pi\u00f9, sempre di pi\u00f9. Per questo torneremo in piazza il 7 ottobre a Roma per difendere la Costituzione che vuol dire difendere la sanit\u00e0 pubblica\u201d.<\/p>\n<p><img loading=\"lazy\" decoding=\"async\" class=\"wp-image-73605 alignright\" src=\"https:\/\/www.fedaiisf.it\/wp-content\/uploads\/2023\/10\/spesa-ssnpil.png\" alt=\"\" width=\"493\" height=\"217\" srcset=\"https:\/\/www.fedaiisf.it\/wp-content\/uploads\/2023\/10\/spesa-ssnpil.png 663w, https:\/\/www.fedaiisf.it\/wp-content\/uploads\/2023\/10\/spesa-ssnpil-300x132.png 300w, https:\/\/www.fedaiisf.it\/wp-content\/uploads\/2023\/10\/spesa-ssnpil-18x8.png 18w\" sizes=\"auto, (max-width: 493px) 100vw, 493px\" \/>Related news: <a href=\"https:\/\/www.salviamo-ssn.it\/var\/contenuti\/Piano_di_rilancio_GIMBE_SSN23_manifesto.pdf\" target=\"_blank\" rel=\"noopener\">Gimbe. Piano di rilancio<\/a><\/p>\n<p><a href=\"https:\/\/salviamo-ssn.it\/attivita\/rapporto\/6-rapporto-gimbe\" target=\"_blank\" rel=\"noopener\">6\u00b0 Rapporto Gimbe sul SSN<\/a><\/p>\n<p><a href=\"http:\/\/www.salviamo-ssn.it\/attivita\/osservatorio\" target=\"_blank\" rel=\"noopener\">Osservatorio Gimbe<\/a><\/p>\n<p><a href=\"https:\/\/www.collettiva.it\/copertine\/welfare\/2023\/10\/05\/news\/la-via-maestra-della-salute-3458943\/\" target=\"_blank\" rel=\"noopener\">La Cgil lancia una piattaforma in dieci punti per salvare Il Servizio sanitario pubblico<\/a><\/p>\n<p><a href=\"https:\/\/www.collettiva.it\/copertine\/italia\/2023\/10\/03\/news\/salute-diritto-via-maestra-manifgestazione-7-ottobre-3450092\/\" target=\"_blank\" rel=\"noopener\">7 ottobre a Roma &#8211; Salute diritto fondamentale<\/a><\/p>\n<p>&nbsp;<\/p>","protected":false},"excerpt":{"rendered":"<p>Il Sole 24 Ore, 04\/10\/2023 Barbara Fiammeri Sarebbe miope pensare di realizzare un sistema sanitario nazionale efficiente ed efficace soltanto sulla base delle risorse: lo ha affermato la presidente del Consiglio Giorgia Meloni intervenendo al Festival delle Regioni. Meloni ha assicurato che la manovra conterr\u00e0 un \u201cintervento deciso per le liste di attesa\u201d e risorse &hellip;<\/p>","protected":false},"author":4,"featured_media":73599,"comment_status":"closed","ping_status":"closed","sticky":false,"template":"","format":"standard","meta":{"footnotes":""},"categories":[1],"tags":[79],"class_list":["post-73591","post","type-post","status-publish","format-standard","has-post-thumbnail","hentry","category-notizie","tag-ssn"],"amp_enabled":true,"_links":{"self":[{"href":"https:\/\/www.fedaiisf.it\/en\/wp-json\/wp\/v2\/posts\/73591","targetHints":{"allow":["GET"]}}],"collection":[{"href":"https:\/\/www.fedaiisf.it\/en\/wp-json\/wp\/v2\/posts"}],"about":[{"href":"https:\/\/www.fedaiisf.it\/en\/wp-json\/wp\/v2\/types\/post"}],"author":[{"embeddable":true,"href":"https:\/\/www.fedaiisf.it\/en\/wp-json\/wp\/v2\/users\/4"}],"replies":[{"embeddable":true,"href":"https:\/\/www.fedaiisf.it\/en\/wp-json\/wp\/v2\/comments?post=73591"}],"version-history":[{"count":12,"href":"https:\/\/www.fedaiisf.it\/en\/wp-json\/wp\/v2\/posts\/73591\/revisions"}],"predecessor-version":[{"id":73607,"href":"https:\/\/www.fedaiisf.it\/en\/wp-json\/wp\/v2\/posts\/73591\/revisions\/73607"}],"wp:featuredmedia":[{"embeddable":true,"href":"https:\/\/www.fedaiisf.it\/en\/wp-json\/wp\/v2\/media\/73599"}],"wp:attachment":[{"href":"https:\/\/www.fedaiisf.it\/en\/wp-json\/wp\/v2\/media?parent=73591"}],"wp:term":[{"taxonomy":"category","embeddable":true,"href":"https:\/\/www.fedaiisf.it\/en\/wp-json\/wp\/v2\/categories?post=73591"},{"taxonomy":"post_tag","embeddable":true,"href":"https:\/\/www.fedaiisf.it\/en\/wp-json\/wp\/v2\/tags?post=73591"}],"curies":[{"name":"wp","href":"https:\/\/api.w.org\/{rel}","templated":true}]}}