{"id":7362,"date":"2015-01-20T11:25:53","date_gmt":"2015-01-20T10:25:53","guid":{"rendered":"http:\/\/www.fedaiisf.it\/?p=7362"},"modified":"2015-01-20T11:25:53","modified_gmt":"2015-01-20T10:25:53","slug":"medici-di-famiglia-fuga-prepensionamenti-accelerano-lesodo","status":"publish","type":"post","link":"https:\/\/www.fedaiisf.it\/en\/medici-di-famiglia-fuga-prepensionamenti-accelerano-lesodo\/","title":{"rendered":"Family doctors on the run, early retirement accelerates the exodus"},"content":{"rendered":"<p>I medici di famiglia scappano prima del tempo, e cos\u00ec a Genova ci sono 20 mila pazienti privi di un curante. Il problema \u00e8 nazionale: l&#8217;et\u00e0 media della categoria \u00e8 gi\u00e0 alta, entro il 2020 dovrebbe pensionarsi il 50% degli attivi, se utilizziamo i 67-68 anni come et\u00e0 media dell&#8217;esodo. Se per\u00f2 ci si mettono i prepensionamenti c&#8217;\u00e8 il rischio di un maremoto.<\/p>\n<p><i><a href=\"http:\/\/www.doctor33.it\/medici-di-famiglia-in-fuga-prepensionamenti-accelerano-lesodo\/politica-e-sanita\/news--26858.html?xrtd=TXARRTXPPVPYTSVLVRRVPSV\" target=\"_blank\" rel=\"noopener\">Mauro Miserendino &#8211; Marted\u00ec, 20 Gennaio 2015 \u2013 Doctr33<\/a><\/i><\/p>\n<p><img loading=\"lazy\" decoding=\"async\" class=\"alignleft\" alt=\"\" src=\"http:\/\/www.quotidianosanita.it\/img_prima\/front6749521.jpg\" width=\"150\" height=\"150\" \/>Lo conferma\u00a0<b>Alexander Dabbene<\/b>\u00a0della Continuit\u00e0 assistenziale Fimmg: \u00abIn Piemonte avevamo previsto un esodo del 66% dei medici in attivit\u00e0 entro il 2024 partendo da un dato di 65 anni: gi\u00e0 entro il 2018 dovrebbero andarsene via tanti medici da lasciar sguarnito un milione di pazienti, che diventerebbero due dopo il 2020 in una regione da 5 milioni di abitanti.<\/p>\n<p>Ora per\u00f2 veniamo a sapere che c&#8217;\u00e8 un&#8217;emergenza sia in uscita sia in entrata: in particolare, per mancanza di medici con titolo di diploma di formazione specifica o equipollente, nel Cuneese, Verbano, Biellese, Alessandrino e persino nel Torinese si ricorre al conferimento di incarichi provvisori a colleghi sprovvisti del titolo per occupare la carenza. La normativa tratta dalle direttive dell&#8217;Unione Europea non prevede che questi medici possano occupare l&#8217;incarico a titolo definitivo, gli incarichi non possono durare oltre l&#8217;anno\u00bb conferma Dabbene. \u00abDopo questo periodo, il diplomato si riesce a trovare, per fortuna in tutte le zone citate alla fine dei colleghi hanno trovato la titolarit\u00e0\u00bb.<\/p>\n<p>Ma l&#8217;emergenza \u00e8 anche data dal fattore prepensionamento: molti medici di famiglia si stancano e scelgono di pensionarsi per sviluppare un&#8217;attivit\u00e0 libero professionale. \u00abPer quanto ne so, investono nella specialit\u00e0 dove si sono diplomati o in specializzazioni acquisite strada facendo. Andrebbero subito sostituiti, ma qui la normativa \u00e8 complicata\u00bb.<\/p>\n<p>Di recente il Tar Lombardia ha negato che i titolari di diploma triennale in MG abbiano requisiti tali da passare davanti agli altri specializzandi nella possibilit\u00e0 di ottenere incarichi, almeno in guardia medica, a tempo determinato.<\/p>\n<p>\u00abLa Finanziaria 2002 (legge 28 dicembre 2001) impone un punteggio uguale per tirocinanti ed altri specializzandi. Invece, oltre a rendere compatibile il tirocinio triennale con ogni altra attivit\u00e0 profesionale, andrebbe riconosciuta la specificit\u00e0 delle materie in cui si forma l&#8217;aspirante mmg\u00bb.<\/p>\n<p>Altro intoppo: dalla bozza tratta dal Patto salute che detta le regole d&#8217;ingresso nel Ssn ai neolaureati \u00e8 stata tolta la parte relativa ai medici del tirocinio e alla loro conseguente possibilit\u00e0 di svolgere sul territorio attivit\u00e0 professionalizzanti ricompensate. \u00abPeraltro &#8211; ricorda Dabbene &#8211; la stessa <a href=\"http:\/\/www.gazzettaufficiale.it\/atto\/serie_generale\/caricaArticolo?art.progressivo=0&amp;art.idArticolo=1&amp;art.versione=1&amp;art.codiceRedazionale=012G0212&amp;art.dataPubblicazioneGazzetta=2012-11-10&amp;art.idGruppo=0&amp;art.idSottoArticolo1=10&amp;art.idSottoArticolo=1&amp;art.flagTipoArticolo=1#art\" target=\"_blank\" rel=\"noopener\">legge Balduzzi 189\/2012<\/a> all&#8217;articolo 1 comma 5 prevede si possa valorizzare l&#8217;attivit\u00e0 remunerata svolta dai medici in formazione presso i servizi Asl: parole alle quali le regioni dovrebbero dare subito seguito\u00bb.<\/p>","protected":false},"excerpt":{"rendered":"<p>I medici di famiglia scappano prima del tempo, e cos\u00ec a Genova ci sono 20 mila pazienti privi di un curante. Il problema \u00e8 nazionale: l&#8217;et\u00e0 media della categoria \u00e8 gi\u00e0 alta, entro il 2020 dovrebbe pensionarsi il 50% degli attivi, se utilizziamo i 67-68 anni come et\u00e0 media dell&#8217;esodo. Se per\u00f2 ci si mettono &hellip;<\/p>","protected":false},"author":4,"featured_media":1454,"comment_status":"closed","ping_status":"closed","sticky":false,"template":"","format":"standard","meta":{"footnotes":""},"categories":[1],"tags":[79],"class_list":["post-7362","post","type-post","status-publish","format-standard","has-post-thumbnail","hentry","category-notizie","tag-ssn"],"amp_enabled":true,"_links":{"self":[{"href":"https:\/\/www.fedaiisf.it\/en\/wp-json\/wp\/v2\/posts\/7362","targetHints":{"allow":["GET"]}}],"collection":[{"href":"https:\/\/www.fedaiisf.it\/en\/wp-json\/wp\/v2\/posts"}],"about":[{"href":"https:\/\/www.fedaiisf.it\/en\/wp-json\/wp\/v2\/types\/post"}],"author":[{"embeddable":true,"href":"https:\/\/www.fedaiisf.it\/en\/wp-json\/wp\/v2\/users\/4"}],"replies":[{"embeddable":true,"href":"https:\/\/www.fedaiisf.it\/en\/wp-json\/wp\/v2\/comments?post=7362"}],"version-history":[{"count":0,"href":"https:\/\/www.fedaiisf.it\/en\/wp-json\/wp\/v2\/posts\/7362\/revisions"}],"wp:featuredmedia":[{"embeddable":true,"href":"https:\/\/www.fedaiisf.it\/en\/wp-json\/wp\/v2\/media\/1454"}],"wp:attachment":[{"href":"https:\/\/www.fedaiisf.it\/en\/wp-json\/wp\/v2\/media?parent=7362"}],"wp:term":[{"taxonomy":"category","embeddable":true,"href":"https:\/\/www.fedaiisf.it\/en\/wp-json\/wp\/v2\/categories?post=7362"},{"taxonomy":"post_tag","embeddable":true,"href":"https:\/\/www.fedaiisf.it\/en\/wp-json\/wp\/v2\/tags?post=7362"}],"curies":[{"name":"wp","href":"https:\/\/api.w.org\/{rel}","templated":true}]}}