{"id":73654,"date":"2023-10-11T10:30:04","date_gmt":"2023-10-11T08:30:04","guid":{"rendered":"https:\/\/www.fedaiisf.it\/?p=73654"},"modified":"2023-10-11T10:30:35","modified_gmt":"2023-10-11T08:30:35","slug":"sez-aiisf-mimmo-lenzi-di-lecce-corso-di-bls-blsd","status":"publish","type":"post","link":"https:\/\/www.fedaiisf.it\/en\/sez-aiisf-mimmo-lenzi-di-lecce-corso-di-bls-blsd\/","title":{"rendered":"Sez. AIISF &#8220;Mimmo Lenzi&#8221; di Lecce. Corso di BLS\/BLSD"},"content":{"rendered":"<p>In data 07 ottobre 2023 nelle aule della Croce Rossa Italiana di Lecce s\u00ec \u00e8 svolto il I Corso di BLS\/BLSD organizzato dalla Sez. AIISF Lecce &#8220;Mimmo Lenzi&#8221;.<\/p>\n<p><img loading=\"lazy\" decoding=\"async\" class=\"size-full wp-image-64613 alignright\" src=\"https:\/\/www.fedaiisf.it\/wp-content\/uploads\/2022\/05\/BLSD.jpeg\" alt=\"\" width=\"271\" height=\"186\" srcset=\"https:\/\/www.fedaiisf.it\/wp-content\/uploads\/2022\/05\/BLSD.jpeg 271w, https:\/\/www.fedaiisf.it\/wp-content\/uploads\/2022\/05\/BLSD-220x150.jpeg 220w\" sizes=\"auto, (max-width: 271px) 100vw, 271px\" \/>Sono stati 16 discenti e con concorde giudizio, hanno dichiarato: &#8220;<em>Corso molto interessante e ben organizzato. Operatori preparati cordiali e disponibili che hanno reso comprensibile, soprattutto nella pratica, un argomento complicato e non semplice<\/em>&#8221;<\/p>\n<p>Sono state fornite nozioni teorico pratiche su come riconoscere e comportarsi in presenza di un soggetto in arresto cardiocircolatorio, sia adulto che pediatrico. Ognuno ha praticato le manovre di rianimazione come la respirazione bocca a bocca ed il massaggio cardiaco ed ha utilizzato il defibrillatore. Tutto ci\u00f2 seguendo il protocollo internazionale.<\/p>\n<p>Inoltre sono state impartite lezioni teorico pratiche sulle manovre di disostruzione delle vie aeree sia nell&#8217;adulto ma anche nel bambino e nel lattante.<\/p>\n<p>Un corso per noi isf molto importante svolgendo una professione che ci fa stare sempre a contatto con la gente. E la conoscenza di alcune semplici manovre di rianimazione pu\u00f2 essere decisiva per salvare una vita.<\/p>\n<p>Quindi tutto positivo sia per la qualit\u00e0 del corso, sia perch\u00e9 \u00e8 sempre utile imparare cose nuove&#8230;..bravi gli operatori che hanno fatto il corso&#8230;..e bravi anche gli Isf&#8230;.abbiamo dimostrato la professionalit\u00e0 che merita il nostro lavoro<\/p>\n<p>\u00c8 previsto spero a breve un altro corso per chi non ha trovato spazio in questo.<br \/>\nUn sentito grazie ai partecipanti che hanno rappresentato degnamente la Sezione AIISF di Lecce<\/p>\n<p>Il presidente<br \/>\nPasquale Melancholy<\/p>","protected":false},"excerpt":{"rendered":"<p>In data 07 ottobre 2023 nelle aule della Croce Rossa Italiana di Lecce s\u00ec \u00e8 svolto il I Corso di BLS\/BLSD organizzato dalla Sez. AIISF Lecce &#8220;Mimmo Lenzi&#8221;. Sono stati 16 discenti e con concorde giudizio, hanno dichiarato: &#8220;Corso molto interessante e ben organizzato. Operatori preparati cordiali e disponibili che hanno reso comprensibile, soprattutto nella &hellip;<\/p>","protected":false},"author":4,"featured_media":73656,"comment_status":"closed","ping_status":"closed","sticky":false,"template":"","format":"standard","meta":{"footnotes":""},"categories":[1],"tags":[45],"class_list":["post-73654","post","type-post","status-publish","format-standard","has-post-thumbnail","hentry","category-notizie","tag-fedaiisf"],"amp_enabled":true,"_links":{"self":[{"href":"https:\/\/www.fedaiisf.it\/en\/wp-json\/wp\/v2\/posts\/73654","targetHints":{"allow":["GET"]}}],"collection":[{"href":"https:\/\/www.fedaiisf.it\/en\/wp-json\/wp\/v2\/posts"}],"about":[{"href":"https:\/\/www.fedaiisf.it\/en\/wp-json\/wp\/v2\/types\/post"}],"author":[{"embeddable":true,"href":"https:\/\/www.fedaiisf.it\/en\/wp-json\/wp\/v2\/users\/4"}],"replies":[{"embeddable":true,"href":"https:\/\/www.fedaiisf.it\/en\/wp-json\/wp\/v2\/comments?post=73654"}],"version-history":[{"count":3,"href":"https:\/\/www.fedaiisf.it\/en\/wp-json\/wp\/v2\/posts\/73654\/revisions"}],"predecessor-version":[{"id":73658,"href":"https:\/\/www.fedaiisf.it\/en\/wp-json\/wp\/v2\/posts\/73654\/revisions\/73658"}],"wp:featuredmedia":[{"embeddable":true,"href":"https:\/\/www.fedaiisf.it\/en\/wp-json\/wp\/v2\/media\/73656"}],"wp:attachment":[{"href":"https:\/\/www.fedaiisf.it\/en\/wp-json\/wp\/v2\/media?parent=73654"}],"wp:term":[{"taxonomy":"category","embeddable":true,"href":"https:\/\/www.fedaiisf.it\/en\/wp-json\/wp\/v2\/categories?post=73654"},{"taxonomy":"post_tag","embeddable":true,"href":"https:\/\/www.fedaiisf.it\/en\/wp-json\/wp\/v2\/tags?post=73654"}],"curies":[{"name":"wp","href":"https:\/\/api.w.org\/{rel}","templated":true}]}}