{"id":73679,"date":"2023-10-13T12:11:31","date_gmt":"2023-10-13T10:11:31","guid":{"rendered":"https:\/\/www.fedaiisf.it\/?p=73679"},"modified":"2023-10-13T17:12:31","modified_gmt":"2023-10-13T15:12:31","slug":"fondazione-gimbe-presentato-il-6-rapporto-sul-ssn-siamo-al-capolinea","status":"publish","type":"post","link":"https:\/\/www.fedaiisf.it\/en\/fondazione-gimbe-presentato-il-6-rapporto-sul-ssn-siamo-al-capolinea\/","title":{"rendered":"Fondazione Gimbe. Presentato il 6\u00b0 Rapporto sul SSN. Siamo al capolinea"},"content":{"rendered":"<h2>6\u00b0 Rapporto GIMBE sul Servizio Sanitario Nazionale<\/h2>\n<p><a href=\"https:\/\/www.salviamo-ssn.it\/attivita\/rapporto\/6-rapporto-gimbe\" target=\"_blank\" rel=\"noopener\">GIMBE<\/a><\/p>\n<p>La Fondazione GIMBE ha presentato il 10 ottobre 2023 presso la Sala Capitolare del Senato della Repubblica il <a href=\"https:\/\/www.salviamo-ssn.it\/attivita\/rapporto\/6-rapporto-gimbe\/download.it-IT.html\" target=\"_blank\" rel=\"noopener\">6\u00b0 Rapporto sul Servizio Sanitario Nazionale<\/a> (SSN) rilevando, innanzitutto, che i princ\u00ecpi fondanti del SSN, <img loading=\"lazy\" decoding=\"async\" class=\"wp-image-73694 alignright\" src=\"https:\/\/www.fedaiisf.it\/wp-content\/uploads\/2023\/10\/senato-gimbe.png\" alt=\"\" width=\"502\" height=\"268\" srcset=\"https:\/\/www.fedaiisf.it\/wp-content\/uploads\/2023\/10\/senato-gimbe.png 834w, https:\/\/www.fedaiisf.it\/wp-content\/uploads\/2023\/10\/senato-gimbe-300x160.png 300w, https:\/\/www.fedaiisf.it\/wp-content\/uploads\/2023\/10\/senato-gimbe-768x410.png 768w, https:\/\/www.fedaiisf.it\/wp-content\/uploads\/2023\/10\/senato-gimbe-18x10.png 18w\" sizes=\"auto, (max-width: 502px) 100vw, 502px\" \/>universalit\u00e0, uguaglianza, equit\u00e0 sono stati traditi.<\/p>\n<p>Oggi sono ben altre le parole chiave che definiscono un SSN ormai al capolinea e condizionano la vita quotidiana delle persone, in particolare delle fasce socio-economiche meno abbienti: interminabili tempi di attesa, affollamento dei pronto soccorso, impossibilit\u00e0 di trovare un medico o un pediatra di famiglia vicino casa, inaccettabili diseguaglianze regionali e locali sino alla migrazione sanitaria, aumento della spesa privata sino all\u2019impoverimento delle famiglie e alla rinuncia alle cure.<\/p>\n<p>A quasi 45 anni dalla legge istitutiva del SSN la Fondazione GIMBE invoca un patto sociale e politico che, prescindendo da ideologie partitiche e avvicendamenti di Governi, rilanci quel modello di sanit\u00e0 pubblica, equa e universalistica, pilastro della nostra democrazia, conquista sociale irrinunciabile e grande leva per lo sviluppo economico del Paese.<\/p>\n<p>Il preoccupante \u201cstato di salute\u201d del SSN impone infatti una profonda riflessione politica: il tempo della \u201cmanutenzione ordinaria\u201d \u00e8 ormai scaduto, visto che ha sgretolato i princ\u00ecpi fondanti del SSN e mina il diritto costituzionale alla tutela della Salute.<\/p>\n<p>\u00c8 giunto ora il tempo delle scelte: o si avvia una stagione di coraggiose riforme e investimenti in grado di restituire al SSN la sua missione originale, oppure occorre ammettere apertamente che il nostro Paese non pu\u00f2 pi\u00f9 permettersi quel modello di SSN. In questo (non auspicabile) caso la politica non pu\u00f2 sottrarsi dal gravoso compito di governare un rigoroso processo di privatizzazione, che ormai da anni si sta insinuando in maniera strisciante approfittando dell\u2019indebolimento della sanit\u00e0 pubblica.<\/p>\n<p>La Fondazione GIMBE, con il <a href=\"https:\/\/www.salviamo-ssn.it\/salviamo-ssn\/piano-di-rilancio\" target=\"_blank\" rel=\"noopener\">Piano di Rilancio del SSN<\/a>, conferma che la bussola deve rimanere sempre e comunque l\u2019articolo 32 della Costituzione: perch\u00e9 se la Costituzione tutela il diritto alla salute di tutti, la sanit\u00e0 deve essere per tutti.<\/p>\n<p class=\"scarica-pdf-rapporto\"><strong><a href=\"https:\/\/salviamo-ssn.it\/var\/contenuti\/CS_%206_Rapporto_GIMBE_SSN_2023.pdf\" target=\"_blank\" rel=\"noopener\">Press release <i class=\"fa fa-download\" aria-hidden=\"true\"><\/i><\/a><\/strong><\/p>\n<p class=\"scarica-pdf-rapporto\"><strong><a href=\"https:\/\/salviamo-ssn.it\/var\/contenuti\/6%20Rapporto%20GIMBE_slide.pdf\" target=\"_blank\" rel=\"noopener\">La presentazione del Presidente Cartabellotta <i class=\"fa fa-download\" aria-hidden=\"true\"><\/i><\/a><\/strong><\/p>\n<p><img loading=\"lazy\" decoding=\"async\" class=\"wp-image-73695 alignleft\" src=\"https:\/\/www.fedaiisf.it\/wp-content\/uploads\/2023\/10\/epesa-pubblica-pro-capite.png\" alt=\"\" width=\"595\" height=\"444\" srcset=\"https:\/\/www.fedaiisf.it\/wp-content\/uploads\/2023\/10\/epesa-pubblica-pro-capite.png 826w, https:\/\/www.fedaiisf.it\/wp-content\/uploads\/2023\/10\/epesa-pubblica-pro-capite-300x224.png 300w, https:\/\/www.fedaiisf.it\/wp-content\/uploads\/2023\/10\/epesa-pubblica-pro-capite-768x573.png 768w, https:\/\/www.fedaiisf.it\/wp-content\/uploads\/2023\/10\/epesa-pubblica-pro-capite-16x12.png 16w\" sizes=\"auto, (max-width: 595px) 100vw, 595px\" \/>SPESA SANITARIA. La spesa sanitaria totale (sistema ISTAT-SHA) per il 2022 e\u0300 pari a \u20ac 171.867 milioni di cui \u20ac 130.364 milioni di spesa pubblica (75,9%), \u20ac 36.835 milioni di spesa out-of-pocket (21,4%), ovvero a carico delle famiglie e \u20ac 4.668 milioni di spesa intermediata da fondi sanitari e assicurazioni (2,7%).<\/p>\n<p>La spesa sanitaria pubblica del nostro Paese nel 2022 si attesta al 6,8% del PIL, sotto di 0,3 punti percentuali sia rispetto alla media OCSE (7,1%) che alla media europea (7,1%). Il gap con la media dei paesi europei dell\u2019area OCSE e\u0300 di $ 873 pro-capite ($ 873, pari a \u20ac 829) che, tenendo conto di una popolazione residente ISTAT al 1\u00b0 gennaio 2023 di oltre 58,8 milioni di abitanti, per l\u2019anno 2022 corrisponde ad un gap di quasi $ 51,4 miliardi, pari a \u20ac 48,8 miliardi. Il progressivo aumento del gap della spesa sanitaria con la media dei paesi europei e\u0300 perfettamente in linea con l\u2019entita\u0300 del definanziamento pubblico relativo al decennio 2010-2019, ma poi si e\u0300 sorprendentemente ampliato nel triennio 2020-2022 durante l\u2019emergenza pandemica.<\/p>\n<p>Complessivamente, rispetto alla media dei paesi europei, nel periodo 2010-2022 la spesa sanitaria pubblica <img loading=\"lazy\" decoding=\"async\" class=\"wp-image-73698 alignleft\" src=\"https:\/\/www.fedaiisf.it\/wp-content\/uploads\/2023\/10\/gap-cumulativo.png\" alt=\"\" width=\"435\" height=\"279\" srcset=\"https:\/\/www.fedaiisf.it\/wp-content\/uploads\/2023\/10\/gap-cumulativo.png 826w, https:\/\/www.fedaiisf.it\/wp-content\/uploads\/2023\/10\/gap-cumulativo-300x192.png 300w, https:\/\/www.fedaiisf.it\/wp-content\/uploads\/2023\/10\/gap-cumulativo-768x493.png 768w, https:\/\/www.fedaiisf.it\/wp-content\/uploads\/2023\/10\/gap-cumulativo-18x12.png 18w\" sizes=\"auto, (max-width: 435px) 100vw, 435px\" \/>italiana e\u0300 stata inferiore di $ 363 miliardi (pari a \u20ac 345 miliardi). E, per colmare il divario pro-capite con la media dei paesi europei attestato nel 2022 ($ 873, pari a \u20ac 829), al 2030 si stima un incremento totale di $ 122 miliardi (pari a \u20ac 115,9 miliardi), ovvero a partire dal 2023 un finanziamento costante di $ 15,25 miliardi, pari a \u20ac 14,49 miliardi per anno.<\/p>\n<p>\u00abSe queste cifre da un lato sono palesemente irraggiungibili per la nostra finanza pubblica \u2013 ha commentato Cartabellotta \u2013 dall\u2019altro forniscono la dimensione di quanto tutti i Governi abbiano utilizzato la spesa sanitaria come un bancomat, dirottando le risorse su altre priorita\u0300 mirate a soddisfare il proprio elettorato. Considerando sempre la spesa sanitaria come un costo e mai come un investimento e ignorando che la salute e il benessere della popolazione condizionano la crescita del PIL\u00bb.<\/p>\n<p>Personal<\/p>\n<p>\u201cLe fonti disponibili \u2013 spiega il presidente di Gimbe <strong>Nino Cartabellotta<\/strong> \u2013 non permettono di analizzare in maniera univoca, sistematica e aggiornata la reale &#8216;forza lavoro&#8217;\u00a0del Ssn impegnata nell\u2019erogazione dei Lea. Inoltre, i dati relativi al 2021 verosimilmente sottostimano la carenza di personale, in conseguenza di licenziamenti volontari e pensionamenti anticipati negli anni 2022-2023. Ancora, le differenze regionali sono molto rilevanti, in particolare per il personale infermieristico, maggiormente sacrificato nelle Regioni in Piano di rientro. Infine, i benchmark internazionali relativi a medici e infermieri collocano il nostro Paese poco sopra la media Ocse per i medici e molto al di sotto per il personale infermieristico, restituendo di conseguenza un rapporto infermieri\/medici tra i pi\u00f9 bassi d\u2019Europa\u201d.<\/p>\n<p class=\"titoletto2\">21 servizi sanitari regionali<\/p>\n<p><img loading=\"lazy\" decoding=\"async\" class=\"wp-image-73696 alignright\" src=\"https:\/\/www.fedaiisf.it\/wp-content\/uploads\/2023\/10\/trend-spesa.png\" alt=\"\" width=\"531\" height=\"348\" srcset=\"https:\/\/www.fedaiisf.it\/wp-content\/uploads\/2023\/10\/trend-spesa.png 1215w, https:\/\/www.fedaiisf.it\/wp-content\/uploads\/2023\/10\/trend-spesa-300x197.png 300w, https:\/\/www.fedaiisf.it\/wp-content\/uploads\/2023\/10\/trend-spesa-1024x671.png 1024w, https:\/\/www.fedaiisf.it\/wp-content\/uploads\/2023\/10\/trend-spesa-768x503.png 768w, https:\/\/www.fedaiisf.it\/wp-content\/uploads\/2023\/10\/trend-spesa-18x12.png 18w\" sizes=\"auto, (max-width: 531px) 100vw, 531px\" \/>Questa \u00e8 l\u2019amara verit\u00e0 raccontata dai numeri: non esiste pi\u00f9 un servizio sanitario nazionale ma 21 servizi regionali, molto differenziati tra loro non solo per capacit\u00e0 di erogazione delle prestazioni e dei Lea, ma anche dal punto di vista di modello organizzativo. E a farne le spese sono utenti e personale. Dice ancora Cartabellotta: \u201cStiamo inesorabilmente scivolando da un Servizio\u00a0sanitario nazionale fondato sulla tutela di un diritto costituzionale a 21 sistemi sanitari regionali regolati dalle leggi del libero mercato. Con una frattura strutturale Nord-Sud che sta per essere normativamente legittimata dall\u2019autonomia differenziata\u201d.<\/p>\n<p>Cartabellotta avvisa: \u201cIl preoccupante \u2018stato di salute\u2019 impone una profonda riflessione politica: il tempo della manutenzione ordinaria per il Snn \u00e8 ormai scaduto, visto che ne ha sgretolato i princ\u00ecpi fondanti e mina il diritto costituzionale alla tutela della Salute. \u00c8 giunto ora il tempo delle scelte: o si avvia una stagione di coraggiose riforme e investimenti in grado di restituire al Ssn la sua missione originale, oppure si ammetta\u00a0apertamente che il nostro Paese non pu\u00f2 pi\u00f9 permettersi quel modello di Ssn\u201d.<\/p>\n<p>Related news:\u00a0<a href=\"https:\/\/www.collettiva.it\/copertine\/welfare\/2023\/10\/12\/news\/servizio-sanitario-capolinea-3483140\/\" target=\"_blank\" rel=\"noopener\">Il Servizio sanitario \u00e8 al capolinea<\/a><\/p>\n<p class=\"entry-title\"><a href=\"https:\/\/portale.fnomceo.it\/valore-salute-al-via-la-nuova-campagna-fnomceo-a-sostegno-del-ssn\/\" target=\"_blank\" rel=\"noopener\">\u201cValore Salute\u201d: al via la nuova campagna FNOMCeO a sostegno del SSN<\/a><\/p>\n<p>&nbsp;<\/p>\n<p style=\"padding-left: 40px; text-align: justify;\"><span style=\"color: #003366;\"><strong>Siamo di fronte ad una crisi di sostenibilit\u00e0 senza precedenti di un Servizio Sanitario Nazionale vicino al punto di non ritorno e il diritto costituzionale alla tutela della salute si sta trasformando in un privilegio per pochi, lasciando indietro le persone pi\u00f9 fragili e svantaggiate, in particolare nel Sud del Paese. (GIMBE)<\/strong><\/span><\/p>\n<p>&nbsp;<\/p>","protected":false},"excerpt":{"rendered":"<p>6\u00b0 Rapporto GIMBE sul Servizio Sanitario Nazionale GIMBE La Fondazione GIMBE ha presentato il 10 ottobre 2023 presso la Sala Capitolare del Senato della Repubblica il 6\u00b0 Rapporto sul Servizio Sanitario Nazionale (SSN) rilevando, innanzitutto, che i princ\u00ecpi fondanti del SSN, universalit\u00e0, uguaglianza, equit\u00e0 sono stati traditi. Oggi sono ben altre le parole chiave che &hellip;<\/p>","protected":false},"author":4,"featured_media":73700,"comment_status":"closed","ping_status":"closed","sticky":false,"template":"","format":"standard","meta":{"footnotes":""},"categories":[1],"tags":[26,79],"class_list":["post-73679","post","type-post","status-publish","format-standard","has-post-thumbnail","hentry","category-notizie","tag-spesa-farmaceutica","tag-ssn"],"amp_enabled":true,"_links":{"self":[{"href":"https:\/\/www.fedaiisf.it\/en\/wp-json\/wp\/v2\/posts\/73679","targetHints":{"allow":["GET"]}}],"collection":[{"href":"https:\/\/www.fedaiisf.it\/en\/wp-json\/wp\/v2\/posts"}],"about":[{"href":"https:\/\/www.fedaiisf.it\/en\/wp-json\/wp\/v2\/types\/post"}],"author":[{"embeddable":true,"href":"https:\/\/www.fedaiisf.it\/en\/wp-json\/wp\/v2\/users\/4"}],"replies":[{"embeddable":true,"href":"https:\/\/www.fedaiisf.it\/en\/wp-json\/wp\/v2\/comments?post=73679"}],"version-history":[{"count":12,"href":"https:\/\/www.fedaiisf.it\/en\/wp-json\/wp\/v2\/posts\/73679\/revisions"}],"predecessor-version":[{"id":73704,"href":"https:\/\/www.fedaiisf.it\/en\/wp-json\/wp\/v2\/posts\/73679\/revisions\/73704"}],"wp:featuredmedia":[{"embeddable":true,"href":"https:\/\/www.fedaiisf.it\/en\/wp-json\/wp\/v2\/media\/73700"}],"wp:attachment":[{"href":"https:\/\/www.fedaiisf.it\/en\/wp-json\/wp\/v2\/media?parent=73679"}],"wp:term":[{"taxonomy":"category","embeddable":true,"href":"https:\/\/www.fedaiisf.it\/en\/wp-json\/wp\/v2\/categories?post=73679"},{"taxonomy":"post_tag","embeddable":true,"href":"https:\/\/www.fedaiisf.it\/en\/wp-json\/wp\/v2\/tags?post=73679"}],"curies":[{"name":"wp","href":"https:\/\/api.w.org\/{rel}","templated":true}]}}