{"id":73790,"date":"2023-10-20T16:42:07","date_gmt":"2023-10-20T14:42:07","guid":{"rendered":"https:\/\/www.fedaiisf.it\/?p=73790"},"modified":"2023-10-20T16:45:29","modified_gmt":"2023-10-20T14:45:29","slug":"pharmexpo-le-novita-dalla-farmacia-dei-sevizi-allintelligenza-artificiale","status":"publish","type":"post","link":"https:\/\/www.fedaiisf.it\/en\/pharmexpo-le-novita-dalla-farmacia-dei-sevizi-allintelligenza-artificiale\/","title":{"rendered":"Pharmexpo: le novit\u00e0, dalla farmacia dei sevizi all&#8217;intelligenza artificiale"},"content":{"rendered":"<p style=\"text-align: center;\"><span style=\"font-size: 14pt; color: #000000;\"><strong>FARMACIA DEI SERVIZI E INTELLIGENZA ARTIFICIALE<\/strong><\/span><\/p>\n<p style=\"text-align: center;\"><span style=\"font-size: 14pt; color: #000000;\"><strong>A PHARMEXPO SI FA IL PUNTO SULL&#8217;ATTUALIT\u00c0<\/strong><\/span><\/p>\n<p style=\"text-align: justify;\"><span style=\"color: #000000;\">Napoli, 20 ottobre &#8211; &#8216;Da farmacista a manager&#8217;, &#8216;cannabis medicinale&#8217;, &#8216;la farmacia online&#8217;, &#8216;l&#8217;e-commerce farmaceutico&#8217;, &#8216;social e mamme&#8217;, &#8216;intelligenza artificiale&#8217;: questi e molti altri sono gli argomenti su cui ruotano i convegni che verranno offerti a farmacisti e operatori nel corso della tre giorni di Pharmexpo &#8211; il salone dell&#8217;industria farmaceutica &#8211; in programma dal 27 al 29 ottobre alla Mostra d&#8217;Oltremare di Napoli (viale Kennedy, 52). Tutte le informazioni sono sul sito<\/span> <a href=\"https:\/\/r.newsletter.dire.it\/mk\/cl\/f\/sh\/7nVU1aA2nfsTTCy0ukoGVYv8olMNAW2\/_gILtdybUTCg\" target=\"_blank\" rel=\"noopener\">www.pharmexpo.it<\/a>.<\/p>\n<p style=\"text-align: justify;\"><span style=\"color: #000000;\">&#8220;Tra le principali iniziative fieristiche di Progecta \u2013 spiega il patron Angioletto <strong>de Negri<\/strong> &#8211; quindici anni fa nacque Pharmexpo. Non poteva mancare in un Centro-Sud Italia sempre pi\u00f9 esigente, in un territorio cos\u00ec vasto e cos\u00ec densamente popolato, una manifestazione fieristica b2b dedicata al settore che mette in contatto farmacisti, medici e operatori con le aziende. Il concetto moderno di Pharmexpo \u00e8 quello di una <strong>&#8216;nuova farmacia<\/strong>&#8216; che deve diversificarsi creando dei settori. Alla Progecta \u2013 rimarca &#8211; gi\u00e0 si parla di ulteriori <strong>novit\u00e0 <\/strong>come &#8216;Pharm open space&#8217; da presentare in fiera e rappresentata da vari corner di assistenza con servizi di accoglienza per ogni esigenza&#8221;.<\/span><\/p>\n<p style=\"text-align: justify;\"><span style=\"color: #000000;\">Pharmexpo, giunta alla sua quindicesima edizione, \u00e8 realizzata in stretta sinergia con l&#8217;Ordine dei Farmacisti, Federfarma e con la Facolt\u00e0 di Farmacia per una interdisciplinarit\u00e0 ideale. La <strong>collaborazione con la Regione Campania e con il Servizio Sanitario Nazionale <\/strong>permette azioni specifiche su ricerca, formazione ed innovazione, unitamente ad azioni commerciali e di marketing.<\/span><\/p>\n<hr \/>\n<p style=\"text-align: justify;\"><em>Comunicato ricevuto in Redazione 20 ottobre 2023<\/em><\/p>","protected":false},"excerpt":{"rendered":"<p>FARMACIA DEI SERVIZI E INTELLIGENZA ARTIFICIALE A PHARMEXPO SI FA IL PUNTO SULL&#8217;ATTUALIT\u00c0 Napoli, 20 ottobre &#8211; &#8216;Da farmacista a manager&#8217;, &#8216;cannabis medicinale&#8217;, &#8216;la farmacia online&#8217;, &#8216;l&#8217;e-commerce farmaceutico&#8217;, &#8216;social e mamme&#8217;, &#8216;intelligenza artificiale&#8217;: questi e molti altri sono gli argomenti su cui ruotano i convegni che verranno offerti a farmacisti e operatori nel corso della &hellip;<\/p>","protected":false},"author":4,"featured_media":73538,"comment_status":"closed","ping_status":"closed","sticky":false,"template":"","format":"standard","meta":{"footnotes":""},"categories":[1],"tags":[227],"class_list":["post-73790","post","type-post","status-publish","format-standard","has-post-thumbnail","hentry","category-notizie","tag-comunicato"],"amp_enabled":true,"_links":{"self":[{"href":"https:\/\/www.fedaiisf.it\/en\/wp-json\/wp\/v2\/posts\/73790","targetHints":{"allow":["GET"]}}],"collection":[{"href":"https:\/\/www.fedaiisf.it\/en\/wp-json\/wp\/v2\/posts"}],"about":[{"href":"https:\/\/www.fedaiisf.it\/en\/wp-json\/wp\/v2\/types\/post"}],"author":[{"embeddable":true,"href":"https:\/\/www.fedaiisf.it\/en\/wp-json\/wp\/v2\/users\/4"}],"replies":[{"embeddable":true,"href":"https:\/\/www.fedaiisf.it\/en\/wp-json\/wp\/v2\/comments?post=73790"}],"version-history":[{"count":6,"href":"https:\/\/www.fedaiisf.it\/en\/wp-json\/wp\/v2\/posts\/73790\/revisions"}],"predecessor-version":[{"id":73796,"href":"https:\/\/www.fedaiisf.it\/en\/wp-json\/wp\/v2\/posts\/73790\/revisions\/73796"}],"wp:featuredmedia":[{"embeddable":true,"href":"https:\/\/www.fedaiisf.it\/en\/wp-json\/wp\/v2\/media\/73538"}],"wp:attachment":[{"href":"https:\/\/www.fedaiisf.it\/en\/wp-json\/wp\/v2\/media?parent=73790"}],"wp:term":[{"taxonomy":"category","embeddable":true,"href":"https:\/\/www.fedaiisf.it\/en\/wp-json\/wp\/v2\/categories?post=73790"},{"taxonomy":"post_tag","embeddable":true,"href":"https:\/\/www.fedaiisf.it\/en\/wp-json\/wp\/v2\/tags?post=73790"}],"curies":[{"name":"wp","href":"https:\/\/api.w.org\/{rel}","templated":true}]}}