{"id":73799,"date":"2023-10-21T12:13:14","date_gmt":"2023-10-21T10:13:14","guid":{"rendered":"https:\/\/www.fedaiisf.it\/?p=73799"},"modified":"2023-10-21T12:13:14","modified_gmt":"2023-10-21T10:13:14","slug":"curiosita-si-candida-via-instagram-e-diventa-il-nuovo-medico-di-famiglia-a-mira-ve","status":"publish","type":"post","link":"https:\/\/www.fedaiisf.it\/en\/curiosita-si-candida-via-instagram-e-diventa-il-nuovo-medico-di-famiglia-a-mira-ve\/","title":{"rendered":"Curiosit\u00e0. Si candida via Instagram e diventa il nuovo medico di famiglia a Mira (VE)"},"content":{"rendered":"<div class=\"title\">\n<p><span style=\"font-size: 18pt;\">Una nuova dottoressa di famiglia a Mira<\/span><\/p>\n<\/div>\n<div class=\"secondary-text h4\"><span style=\"font-size: 14pt;\">da Roma alla Terraferma veneziana grazie alla Campagna per i MMG a Venezia<\/span><\/div>\n<div><\/div>\n<p><a href=\"https:\/\/www.aulss3.veneto.it\/dettaglio\/contenuto\/una-nuova-dottoressa-di-famiglia-a-mira\" target=\"_blank\" rel=\"noopener\">ULSS3 Serenissima<\/a><\/p>\n<p dir=\"ltr\">Si candida via Instagram e diventa il nuovo medico di famiglia di Mira. Eleonora Pagliaro si trasferisce da Roma alla Terraferma veneziana grazie alla Campagna di reclutamento dei medici dell&#8217;Ulss 3 Serenissima: \u00e8 la <img loading=\"lazy\" decoding=\"async\" class=\"wp-image-73804 alignright\" src=\"https:\/\/www.fedaiisf.it\/wp-content\/uploads\/2023\/10\/Pagliaro-2-VE.png\" alt=\"\" width=\"223\" height=\"237\" srcset=\"https:\/\/www.fedaiisf.it\/wp-content\/uploads\/2023\/10\/Pagliaro-2-VE.png 371w, https:\/\/www.fedaiisf.it\/wp-content\/uploads\/2023\/10\/Pagliaro-2-VE-282x300.png 282w, https:\/\/www.fedaiisf.it\/wp-content\/uploads\/2023\/10\/Pagliaro-2-VE-11x12.png 11w\" sizes=\"auto, (max-width: 223px) 100vw, 223px\" \/>terza professionista individuata tra le quasi quattrocento candidature, dopo i nuovi dottori di base gi\u00e0 assegnati ai sestieri di San Marco e Castello, ma \u00e8 la prima a scegliere la provincia. (I prossimi si insedieranno nel sestiere della Giudecca e al Lido di Venezia).<\/p>\n<p dir=\"ltr\">Dottoressa di famiglia a tutti i costi: due anni di tentativi per entrare a Medicina; un trasferimento a Roma per studiarla; sei anni sui libri sostenuti da due carrozzieri miresi, mamma e pap\u00e0; un cuore salvato al padre grazie a quei libri; una tesi in anatomia patologica; il sogno di tornare a casa; l\u2019illustrazione della campagna reclutamento medici dell\u2019Ulss 3 che gira tra i neolaureati dell\u2019Universit\u00e0 della capitale e un suo messaggio via Instagram per candidarsi.<\/p>\n<p dir=\"ltr\">Da questa settimana la dottoressa Eleonora Pagliaro \u00e8 il nuovo medico di famiglia di Mira. Parte con 1.140 assistiti. Ex campionessa agonistica di nuoto (fondista), 29 anni, ultima di tre sorelle. \u201cSono corsa subito da Roma (citt\u00e0 in cui immaginavo di fermarmi ancora un po\u2019 per il proseguimento del mio percorso professionale) attratta dalla campagna internazionale di reclutamento dei medici dell\u2019azienda sanitaria veneziana &#8211; racconta al tavolo del suo primo (\u201ce io spero anche ultimo\u201d commenta speranzosa) studio medico di via XXV aprile -. Questa responsabilit\u00e0 e questa fiducia che mi sta dando il mio Veneto, che mi ha permesso cos\u00ec velocemente di rientrare a casa a svolgere la professione per cui ho studiato, non esiste ancora in altre parti d\u2019Italia. Tutti i miei colleghi di Roma elogiano questa iniziativa. La campagna dice \u2018Dottoressa, la citt\u00e0 pi\u00f9 bella del mondo ti aspetta\u2019: eccomi qui, io voglio fare la mia parte, e voglio ricordare che la citt\u00e0 pi\u00f9 bella del mondo, Venezia, lo \u00e8 anche nella sua terraferma, nella sua provincia, anche questa ha bisogno di medici, e anche a questo la campagna sta servendo. Se penso che \u00e8 partito tutto da un mio messaggio via social e che dopo poche settimane mi trovo a fare il lavoro dei miei sogni, proprio qui, ancora non ci credo. Io vorrei seguire i miei nuovi pazienti, che sono anche miei concittadini, per tutto il loro percorso di vita\u201d.<\/p>\n<p dir=\"ltr\">Nei due anni di tentativi per entrare alla facolt\u00e0 di medicina \u201cmi sono rimboccata le maniche lavorando alla carrozzeria di famiglia e continuando a studiare per passare il test\u201d racconta. \u201cQuesto \u00e8 un sogno che non ha valore. Sapevo di non potermi accontentare di nient\u2019altro e ho tentato e ritentato. Poi le spese, l\u2019affitto, il vivere, i libri, la nostalgia di casa: tutto mi \u00e8 pesato e nulla mi ha fermato. Per questo devo ringraziare i miei genitori: persone umili, sensibili e forti, che hanno capito da subito l\u2019importanza del mio percorso e a ogni inciampo non mi hanno mai scoraggiata, anzi, mi spronavano a riprovarci\u201d.<\/p>\n<p dir=\"ltr\"><img loading=\"lazy\" decoding=\"async\" class=\"wp-image-73805 alignleft\" src=\"https:\/\/www.fedaiisf.it\/wp-content\/uploads\/2023\/10\/Pagliaro-3-VE.png\" alt=\"\" width=\"220\" height=\"238\" srcset=\"https:\/\/www.fedaiisf.it\/wp-content\/uploads\/2023\/10\/Pagliaro-3-VE.png 371w, https:\/\/www.fedaiisf.it\/wp-content\/uploads\/2023\/10\/Pagliaro-3-VE-277x300.png 277w, https:\/\/www.fedaiisf.it\/wp-content\/uploads\/2023\/10\/Pagliaro-3-VE-11x12.png 11w\" sizes=\"auto, (max-width: 220px) 100vw, 220px\" \/>C\u2019\u00e8 anche lo zampino del suo pediatra. \u201cQuando stavo male da bambina, correva a casa mia con la valigetta e lo stetoscopio. Giocavo con i suoi strumenti. Mi chiamava dottoressa. Mi diceva \u2018Da grande lavorerai con me\u2019. Non c\u2019\u00e8 pi\u00f9. Gli ho dedicato la tesi. Mi ha fatto innamorare della professione. Non tanto quella con il camice, ma proprio quella di chi va a visitare porta a porta i propri pazienti. Sono questi gli ideali che mi muovono ed \u00e8 questo quello che mi chiedono i miei nuovi pazienti. \u2018Rimane dottoressa, vero?\u2019, \u2018Lei \u00e8 il terzo medico che cambio, vorrei continuit\u00e0\u2019, oppure \u2018Finalmente un volto giovane\u2019, \u2018Ma lo sa che assomiglia a mia nipote?\u2019. Fare il medico di medicina generale in provincia permette anche un rapporto medico paziente pi\u00f9 diretto, continuativo e dedicato\u201d.<\/p>\n<p dir=\"ltr\">Mentre studiava per l\u2019esame di Cardiologia ha salvato la vita al padre. \u201cMi sono accorta di alcuni sintomi. Ne ho subito parlato con il suo medico di base, che mi ha trattata con la seriet\u00e0 con cui si tratta una collega. Posso dire che se non fosse stato per la \u2018nostra diagnosi\u2019, pap\u00e0 probabilmente non sarebbe arrivato alla mia laurea. Questo mi ha fatto capire ancora di pi\u00f9 quanto sia importante il ruolo del medico di famiglia, della prevenzione, della presa in cura a tutto tondo del paziente\u201d.<\/p>\n<p>Related news: <a href=\"https:\/\/www.aulss3.veneto.it\/news\/sebastiano-bianchi-nuovo-medico-di-famiglia-a-venezia-e-il-primo-arruolato-con-la-campagna-dellulss-3\" target=\"_blank\" rel=\"noopener\">Sebastiano Bianchi, nuovo medico di famiglia a Venezia, \u00e8 il primo arruolato con la campagna dell&#8217;Ulss 3<\/a><\/p>","protected":false},"excerpt":{"rendered":"<p>Una nuova dottoressa di famiglia a Mira da Roma alla Terraferma veneziana grazie alla Campagna per i MMG a Venezia ULSS3 Serenissima Si candida via Instagram e diventa il nuovo medico di famiglia di Mira. Eleonora Pagliaro si trasferisce da Roma alla Terraferma veneziana grazie alla Campagna di reclutamento dei medici dell&#8217;Ulss 3 Serenissima: \u00e8 &hellip;<\/p>","protected":false},"author":4,"featured_media":73806,"comment_status":"closed","ping_status":"closed","sticky":false,"template":"","format":"standard","meta":{"footnotes":""},"categories":[1],"tags":[134,79],"class_list":["post-73799","post","type-post","status-publish","format-standard","has-post-thumbnail","hentry","category-notizie","tag-medici","tag-ssn"],"amp_enabled":true,"_links":{"self":[{"href":"https:\/\/www.fedaiisf.it\/en\/wp-json\/wp\/v2\/posts\/73799","targetHints":{"allow":["GET"]}}],"collection":[{"href":"https:\/\/www.fedaiisf.it\/en\/wp-json\/wp\/v2\/posts"}],"about":[{"href":"https:\/\/www.fedaiisf.it\/en\/wp-json\/wp\/v2\/types\/post"}],"author":[{"embeddable":true,"href":"https:\/\/www.fedaiisf.it\/en\/wp-json\/wp\/v2\/users\/4"}],"replies":[{"embeddable":true,"href":"https:\/\/www.fedaiisf.it\/en\/wp-json\/wp\/v2\/comments?post=73799"}],"version-history":[{"count":5,"href":"https:\/\/www.fedaiisf.it\/en\/wp-json\/wp\/v2\/posts\/73799\/revisions"}],"predecessor-version":[{"id":73807,"href":"https:\/\/www.fedaiisf.it\/en\/wp-json\/wp\/v2\/posts\/73799\/revisions\/73807"}],"wp:featuredmedia":[{"embeddable":true,"href":"https:\/\/www.fedaiisf.it\/en\/wp-json\/wp\/v2\/media\/73806"}],"wp:attachment":[{"href":"https:\/\/www.fedaiisf.it\/en\/wp-json\/wp\/v2\/media?parent=73799"}],"wp:term":[{"taxonomy":"category","embeddable":true,"href":"https:\/\/www.fedaiisf.it\/en\/wp-json\/wp\/v2\/categories?post=73799"},{"taxonomy":"post_tag","embeddable":true,"href":"https:\/\/www.fedaiisf.it\/en\/wp-json\/wp\/v2\/tags?post=73799"}],"curies":[{"name":"wp","href":"https:\/\/api.w.org\/{rel}","templated":true}]}}