{"id":73880,"date":"2023-10-25T05:59:01","date_gmt":"2023-10-25T03:59:01","guid":{"rendered":"https:\/\/www.fedaiisf.it\/?p=73880"},"modified":"2023-10-28T10:48:59","modified_gmt":"2023-10-28T08:48:59","slug":"lema-adotta-ulteriori-misure-per-affrontare-la-grave-carenza-di-medicinali-nellue","status":"publish","type":"post","link":"https:\/\/www.fedaiisf.it\/en\/lema-adotta-ulteriori-misure-per-affrontare-la-grave-carenza-di-medicinali-nellue\/","title":{"rendered":"L\u2019EMA adotta ulteriori misure per affrontare la grave carenza di medicinali nell\u2019UE"},"content":{"rendered":"<p><a href=\"https:\/\/www.ema.europa.eu\/en\/news\/ema-takes-further-steps-address-critical-shortages-medicines-eu\" target=\"_blank\" rel=\"noopener\">EMA News\u00a0<span class=\"date-display-single\">24\/10\/2023<\/span><\/a><\/p>\n<p>Oggi, l\u2019EMA ha pubblicato i <a href=\"https:\/\/www.ema.europa.eu\/documents\/other\/mssg-solidarity-mechanism_en.pdf\" target=\"_blank\" rel=\"noopener\">dettagli del nuovo meccanismo di solidariet\u00e0<\/a> sviluppato dal <a href=\"https:\/\/www.ema.europa.eu\/en\/about-us\/what-we-do\/crisis-preparedness-management\/executive-steering-group-shortages-medicinal-products\" target=\"_blank\" rel=\"noopener\">Medicines Shortages Steering Group (MSSG)<\/a> dell\u2019EMA. Questo meccanismo volontario consente agli Stati membri di sostenersi a <img loading=\"lazy\" decoding=\"async\" class=\"wp-image-53288 alignright\" src=\"https:\/\/www.fedaiisf.it\/wp-content\/uploads\/2020\/10\/ema-agenzia-farmaco2.jpg\" alt=\"\" width=\"310\" height=\"219\" srcset=\"https:\/\/www.fedaiisf.it\/wp-content\/uploads\/2020\/10\/ema-agenzia-farmaco2.jpg 800w, https:\/\/www.fedaiisf.it\/wp-content\/uploads\/2020\/10\/ema-agenzia-farmaco2-300x212.jpg 300w, https:\/\/www.fedaiisf.it\/wp-content\/uploads\/2020\/10\/ema-agenzia-farmaco2-768x542.jpg 768w\" sizes=\"auto, (max-width: 310px) 100vw, 310px\" \/>vicenda di fronte a una grave carenza di medicinali.<\/p>\n<p>Il meccanismo di solidariet\u00e0, che si \u00e8 basata su una configurazione informale durante il COVID-19, consentir\u00e0 a qualsiasi Stato membro che si trova ad affrontare una carenza critica, che \u00e8 stata inoltrata al MSSG per il coordinamento a livello europeo, di richiedere assistenza ad altri Stati membri per ottenere scorte di medicinali. Questo meccanismo pu\u00f2 essere utilizzato solo a condizioni molto limitate ed \u00e8 stato sviluppato come ultima risorsa per gli Stati membri dopo che hanno esaurito tutte le altre possibilit\u00e0.<\/p>\n<p>Il meccanismo di solidariet\u00e0 integra una serie di azioni che l\u2019MSSG pu\u00f2 svolgere per affrontare le carenze critiche nell\u2019UE. Questi sono stati pubblicati oggi anche come parte <a href=\"https:\/\/www.ema.europa.eu\/documents\/other\/mssg-toolkit-recommendations-tackling-shortages-medicinal-products_en.pdf\" target=\"_blank\" rel=\"noopener\">MSSG Toolkit<\/a>. Il kit di strumenti include raccomandazioni per il monitoraggio della domanda e dell\u2019offerta, un approccio che \u00e8 stato utilizzato per affrontare le diffuse carenze critiche di antibiotici nelle stagioni autunno e inverno 2022\/2023. Il kit di strumenti fornisce inoltre indicazioni sulle interazioni con i titolari delle autorizzazioni all\u2019immissione in commercio e i produttori per aumentare e ridistribuire le scorte esistenti e l\u2019attuazione di flessibilit\u00e0 normative, come la fornitura eccezionale di determinati medicinali che potrebbero non essere autorizzati in un particolare Stato membro dell\u2019UE, o esenzioni totali o parziali a determinati requisiti di etichettatura e imballaggio per i medicinali.<\/p>\n<p><img loading=\"lazy\" decoding=\"async\" class=\"wp-image-73884 alignleft\" src=\"https:\/\/www.fedaiisf.it\/wp-content\/uploads\/2023\/10\/Medicine-farmaci-carenti.jpeg\" alt=\"\" width=\"357\" height=\"219\" srcset=\"https:\/\/www.fedaiisf.it\/wp-content\/uploads\/2023\/10\/Medicine-farmaci-carenti.jpeg 700w, https:\/\/www.fedaiisf.it\/wp-content\/uploads\/2023\/10\/Medicine-farmaci-carenti-300x184.jpeg 300w, https:\/\/www.fedaiisf.it\/wp-content\/uploads\/2023\/10\/Medicine-farmaci-carenti-18x12.jpeg 18w\" sizes=\"auto, (max-width: 357px) 100vw, 357px\" \/>I due documenti pubblicati oggi fanno parte di un chiaro insieme di azioni annunciate oggi dalla Commissione europea per proteggere l\u2019Europa dalla futura carenza di medicinali.<\/p>\n<p>Maggiori informazioni su MSSG<\/p>\n<p>L\u2019MSSG \u00e8 stato istituito ai sensi del <a href=\"https:\/\/eur-lex.europa.eu\/legal-content\/EN\/TXT\/?uri=CELEX%3A32022R0123\" target=\"_blank\" rel=\"noopener\">regolamento (UE) 2022\/123<\/a>, che rafforza il ruolo dell\u2019Agenzia nella preparazione e gestione delle crisi per i medicinali e i dispositivi medici al fine di monitorare le carenze e garantire una risposta efficace ai principali eventi o alle emergenze sanitarie pubbliche e per coordinare azioni urgenti sulla fornitura di medicinali all\u2019interno dell\u2019UE. Il regolamento formalizza e rafforza le strutture di governance che l\u2019EMA ha messo in atto per garantire un\u2019azione rapida e coordinata durante la <a href=\"https:\/\/www.ema.europa.eu\/en\/human-regulatory\/overview\/public-health-threats\/coronavirus-disease-covid-19\" target=\"_blank\" rel=\"noopener\">pandemia di COVID-19.<\/a><\/p>\n<p>Related news: <a href=\"https:\/\/www.aboutpharma.com\/legal-regulatory\/carenza-farmaci-via-libera-dellunione-europea-agli-appalti-congiunti-per-antibiotici-e-antivirali\/\" target=\"_blank\" rel=\"noopener\">Carenza farmaci: via libera dell\u2019Unione Europea agli appalti congiunti per antibiotici e antivirali<\/a><\/p>\n<p><a href=\"https:\/\/ec.europa.eu\/commission\/presscorner\/api\/files\/attachment\/876387\/Factsheet%20-%20Addressing%20medicine%20shortages%20in%20the%20EU_EN.pdf.pdf\" target=\"_blank\" rel=\"noopener\">Factsheet &#8211; Addressing medicine shortages in the EU_EN<\/a><\/p>\n<p class=\"articolo-titolo\"><a href=\"https:\/\/www.farmacista33.it\/industria-e-mercati\/27870\/carenza-farmaci-in-europa-moll-efpia-conciliare-autonomia-innovazione-e-competitivita.html\" target=\"_blank\" rel=\"noopener\">Carenza farmaci in Europa, Moll (Efpia): conciliare autonomia, innovazione e competitivit\u00e0<\/a><\/p>\n<p class=\"elementor-heading-title elementor-size-default\"><a href=\"https:\/\/www.ilgiornalediudine.com\/cronaca\/farmaci-salvavita-scomparsi-corsa-verso-la-slovenia-dove-pero-si-pagano\/\" target=\"_blank\" rel=\"noopener\">Farmaci salvavita scomparsi. Corsa verso la Slovenia dove per\u00f2 si pagano<\/a><\/p>\n<p>&nbsp;<\/p>","protected":false},"excerpt":{"rendered":"<p>EMA News\u00a024\/10\/2023 Oggi, l\u2019EMA ha pubblicato i dettagli del nuovo meccanismo di solidariet\u00e0 sviluppato dal Medicines Shortages Steering Group (MSSG) dell\u2019EMA. Questo meccanismo volontario consente agli Stati membri di sostenersi a vicenda di fronte a una grave carenza di medicinali. Il meccanismo di solidariet\u00e0, che si \u00e8 basata su una configurazione informale durante il COVID-19, &hellip;<\/p>","protected":false},"author":4,"featured_media":73885,"comment_status":"closed","ping_status":"closed","sticky":false,"template":"","format":"standard","meta":{"footnotes":""},"categories":[1],"tags":[49],"class_list":["post-73880","post","type-post","status-publish","format-standard","has-post-thumbnail","hentry","category-notizie","tag-aifa"],"amp_enabled":true,"_links":{"self":[{"href":"https:\/\/www.fedaiisf.it\/en\/wp-json\/wp\/v2\/posts\/73880","targetHints":{"allow":["GET"]}}],"collection":[{"href":"https:\/\/www.fedaiisf.it\/en\/wp-json\/wp\/v2\/posts"}],"about":[{"href":"https:\/\/www.fedaiisf.it\/en\/wp-json\/wp\/v2\/types\/post"}],"author":[{"embeddable":true,"href":"https:\/\/www.fedaiisf.it\/en\/wp-json\/wp\/v2\/users\/4"}],"replies":[{"embeddable":true,"href":"https:\/\/www.fedaiisf.it\/en\/wp-json\/wp\/v2\/comments?post=73880"}],"version-history":[{"count":8,"href":"https:\/\/www.fedaiisf.it\/en\/wp-json\/wp\/v2\/posts\/73880\/revisions"}],"predecessor-version":[{"id":73928,"href":"https:\/\/www.fedaiisf.it\/en\/wp-json\/wp\/v2\/posts\/73880\/revisions\/73928"}],"wp:featuredmedia":[{"embeddable":true,"href":"https:\/\/www.fedaiisf.it\/en\/wp-json\/wp\/v2\/media\/73885"}],"wp:attachment":[{"href":"https:\/\/www.fedaiisf.it\/en\/wp-json\/wp\/v2\/media?parent=73880"}],"wp:term":[{"taxonomy":"category","embeddable":true,"href":"https:\/\/www.fedaiisf.it\/en\/wp-json\/wp\/v2\/categories?post=73880"},{"taxonomy":"post_tag","embeddable":true,"href":"https:\/\/www.fedaiisf.it\/en\/wp-json\/wp\/v2\/tags?post=73880"}],"curies":[{"name":"wp","href":"https:\/\/api.w.org\/{rel}","templated":true}]}}