{"id":73899,"date":"2023-10-26T11:12:41","date_gmt":"2023-10-26T09:12:41","guid":{"rendered":"https:\/\/www.fedaiisf.it\/?p=73899"},"modified":"2023-10-26T11:12:41","modified_gmt":"2023-10-26T09:12:41","slug":"domani-al-via-a-napoli-pharmexpo-sabato-saluto-inaugurale-con-manfredi-sindaco-di-napoli","status":"publish","type":"post","link":"https:\/\/www.fedaiisf.it\/en\/domani-al-via-a-napoli-pharmexpo-sabato-saluto-inaugurale-con-manfredi-sindaco-di-napoli\/","title":{"rendered":"Domani al via a Napoli Pharmexpo, sabato saluto inaugurale con Manfredi (sindaco di Napoli)"},"content":{"rendered":"<p style=\"font-weight: 400;\"><strong>DOMANI AL VIA A NAPOLI PHARMEXPO, SABATO SALUTO INAUGURALE CON MANFREDI<\/strong><\/p>\n<p style=\"font-weight: 400;\">DE NEGRI: &#8220;GRAZIE A SALONE INCONTRO TRA ESPERIENZE E BUONE PRATICHE SETTORE DINAMICO&#8221;<\/p>\n<p style=\"font-weight: 400;\">Napoli, 26 ottobre \u2013 Tutto pronto per la\u00a0<strong>quindicesima edizione di Pharmexpo<\/strong>, il salone dell&#8217;industria farmaceutica in programma fino al 29 ottobre nei padiglioni 4-5-6 della Mostra d&#8217;Oltremare di Napoli (viale Kennedy, 52). Venerd\u00ec ore 10-18:30, sabato ore 9:30-18:30, domenica ore 9:30-15. Tutte le informazioni sono sul sito\u00a0<a href=\"https:\/\/r.newsletter.dire.it\/mk\/cl\/f\/sh\/7nVU1aA2nfsTTCy0ukoGVYv8olMNAW2\/wbddjYWGtrqq\" target=\"_blank\" rel=\"noopener\">www.pharmexpo.it<\/a>.<\/p>\n<p style=\"font-weight: 400;\">Da domani farmacisti e operatori del settore saranno impegnati nel polo fieristico di Fuorigrotta per confrontarsi sui temi di attualit\u00e0, ricerca, formazione ed innovazione, unitamente ad azioni commerciali e di marketing.<\/p>\n<p style=\"font-weight: 400;\">&#8220;Pharmexpo &#8211; evidenzia\u00a0<strong>Fabrizio Cantella<\/strong>, direttore della Progecta &#8211; \u00e8 l&#8217;appuntamento dedicato alla farmacia, punto di riferimento tradizionale per ogni comunit\u00e0, dal piccolo centro alla grande citt\u00e0<strong>. La professione del farmacista \u00e8 profondamente cambiata<\/strong>, soprattutto grazie alle opportunit\u00e0 offerte dalle nuove tecnologie, ed un incontro annuale dell&#8217;intera filiera permette un confronto diretto ed una concreta possibilit\u00e0 di aggiornamento grazie ai numerosi incontri in programma&#8221;.<\/p>\n<p style=\"font-weight: 400;\">The\u00a0<strong>saluto inaugurale delle autorit\u00e0 \u00e8 in programma sabato 28 settembre,<\/strong>\u00a0insieme al forum &#8216;La farmacia oggi&#8217;, alle 11:30 nella sala Capri del padiglione 5. Intervengono:\u00a0<strong>Gaetano Manfredi,<\/strong>\u00a0sindaco di Napoli;\u00a0<strong>Vincenzo Santagada<\/strong>, presidente Ordine dei Farmacisti della Provincia di Napoli e assessore alla Salute del Comune di Napoli;\u00a0<strong>Riccardo Iorio,<\/strong>\u00a0presidente Federfarma Napoli;\u00a0<strong>Ugo Trama<\/strong>, direzione generale per la tutela della Salute Regione Campania;<strong>\u00a0Ferdinando Maria De Francesco<\/strong>, delegato regionale Fofi;\u00a0<strong>Alfredo Procaccini,<\/strong>vicepresidente Federfarma nazionale;\u00a0<strong>Pierluigi Petrone,<\/strong>\u00a0presidente Assoram e vicepresidente Farmindustria.<\/p>\n<p style=\"font-weight: 400;\">E a poche ore dall&#8217;inizio del salone dell&#8217;industria farmaceutica il patron di Progecta\u00a0<strong>Angioletto de Negri<\/strong>\u00a0elegge &#8220;con orgoglio Pharmexpo secondogenita, per numero di edizioni e per brillantezza, dopo Bmt, la nostra storica Borsa Mediterranea del Turismo. Quello che inizia domani &#8211; rimarca &#8211; \u00e8 un appuntamento grazie al quale si realizza l&#8217;<strong>incontro tra esperienze, buone pratiche e progetti futuri\u00a0<\/strong>di un settore in continua evoluzione. Io e tutto il mio staff di Progecta, forti anche delle performance fieristiche di Gustus a novembre e di Arkeda a dicembre, viviamo con entusiasmo il prossimo futuro che porter\u00e0 &#8211; anticipa de Negri &#8211; anche nuove iniziative su quello che \u00e8 il fertile terreno di business rappresentato dalla Campania&#8221;.<\/p>\n<hr \/>\n<p style=\"font-weight: 400;\"><em>Comunicato dell&#8217;ufficio stampa Progecta per Pharmexpo ricevuto in Redazione 26 ottobre 2023<\/em><\/p>","protected":false},"excerpt":{"rendered":"<p>DOMANI AL VIA A NAPOLI PHARMEXPO, SABATO SALUTO INAUGURALE CON MANFREDI DE NEGRI: &#8220;GRAZIE A SALONE INCONTRO TRA ESPERIENZE E BUONE PRATICHE SETTORE DINAMICO&#8221; Napoli, 26 ottobre \u2013 Tutto pronto per la\u00a0quindicesima edizione di Pharmexpo, il salone dell&#8217;industria farmaceutica in programma fino al 29 ottobre nei padiglioni 4-5-6 della Mostra d&#8217;Oltremare di Napoli (viale Kennedy, &hellip;<\/p>","protected":false},"author":4,"featured_media":73538,"comment_status":"closed","ping_status":"closed","sticky":false,"template":"","format":"standard","meta":{"footnotes":""},"categories":[1],"tags":[227],"class_list":["post-73899","post","type-post","status-publish","format-standard","has-post-thumbnail","hentry","category-notizie","tag-comunicato"],"amp_enabled":true,"_links":{"self":[{"href":"https:\/\/www.fedaiisf.it\/en\/wp-json\/wp\/v2\/posts\/73899","targetHints":{"allow":["GET"]}}],"collection":[{"href":"https:\/\/www.fedaiisf.it\/en\/wp-json\/wp\/v2\/posts"}],"about":[{"href":"https:\/\/www.fedaiisf.it\/en\/wp-json\/wp\/v2\/types\/post"}],"author":[{"embeddable":true,"href":"https:\/\/www.fedaiisf.it\/en\/wp-json\/wp\/v2\/users\/4"}],"replies":[{"embeddable":true,"href":"https:\/\/www.fedaiisf.it\/en\/wp-json\/wp\/v2\/comments?post=73899"}],"version-history":[{"count":2,"href":"https:\/\/www.fedaiisf.it\/en\/wp-json\/wp\/v2\/posts\/73899\/revisions"}],"predecessor-version":[{"id":73901,"href":"https:\/\/www.fedaiisf.it\/en\/wp-json\/wp\/v2\/posts\/73899\/revisions\/73901"}],"wp:featuredmedia":[{"embeddable":true,"href":"https:\/\/www.fedaiisf.it\/en\/wp-json\/wp\/v2\/media\/73538"}],"wp:attachment":[{"href":"https:\/\/www.fedaiisf.it\/en\/wp-json\/wp\/v2\/media?parent=73899"}],"wp:term":[{"taxonomy":"category","embeddable":true,"href":"https:\/\/www.fedaiisf.it\/en\/wp-json\/wp\/v2\/categories?post=73899"},{"taxonomy":"post_tag","embeddable":true,"href":"https:\/\/www.fedaiisf.it\/en\/wp-json\/wp\/v2\/tags?post=73899"}],"curies":[{"name":"wp","href":"https:\/\/api.w.org\/{rel}","templated":true}]}}