{"id":74143,"date":"2023-11-14T11:22:31","date_gmt":"2023-11-14T10:22:31","guid":{"rendered":"https:\/\/www.fedaiisf.it\/?p=74143"},"modified":"2023-11-14T11:29:48","modified_gmt":"2023-11-14T10:29:48","slug":"importante-riconoscimento-un-informatore-chiamato-a-coadiuvare-la-filctem-nazionale-sui-problemi-della-categoria","status":"publish","type":"post","link":"https:\/\/www.fedaiisf.it\/en\/importante-riconoscimento-un-informatore-chiamato-a-coadiuvare-la-filctem-nazionale-sui-problemi-della-categoria\/","title":{"rendered":"Importante riconoscimento. Un Informatore chiamato a coadiuvare la Filctem nazionale sui problemi della categoria"},"content":{"rendered":"<p><em><span>THE<\/span><span style=\"font-size: 14pt; color: #000000;\">mportante riconoscimento per Antonio Daniele, informatore Scientifico, chiamato a coadiuvare la Filctem <img loading=\"lazy\" decoding=\"async\" class=\"wp-image-43994 alignright\" src=\"https:\/\/www.fedaiisf.it\/wp-content\/uploads\/2019\/06\/Antonio-Daniele-1.jpg\" alt=\"\" width=\"128\" height=\"149\" srcset=\"https:\/\/www.fedaiisf.it\/wp-content\/uploads\/2019\/06\/Antonio-Daniele-1.jpg 780w, https:\/\/www.fedaiisf.it\/wp-content\/uploads\/2019\/06\/Antonio-Daniele-1-258x300.jpg 258w, https:\/\/www.fedaiisf.it\/wp-content\/uploads\/2019\/06\/Antonio-Daniele-1-768x893.jpg 768w\" sizes=\"auto, (max-width: 128px) 100vw, 128px\" \/>CGIL \u00a0nazionale sulle tematiche e i problemi della categoria.<\/span><\/em><\/p>\n<p><span style=\"font-size: 14pt; color: #000000;\"><em>Il nostro auspicio \u00e8 che anche le altre Organizzazioni Sindacali mostrino una pari sensibilit\u00e0 nei confronti della categoria degli informatori. <\/em><\/span><\/p>\n<p><span style=\"font-size: 14pt; color: #000000;\"><em>\u00c8 fondamentale che in sede sindacale e di rinnovo dei contratti sia presente un informatore che rappresenti direttamente la categoria.<\/em><\/span><\/p>\n<hr \/>\n<p><img loading=\"lazy\" decoding=\"async\" class=\"size-full wp-image-74145 aligncenter\" src=\"https:\/\/www.fedaiisf.it\/wp-content\/uploads\/2023\/11\/nomina-a.-daniele.png\" alt=\"\" width=\"709\" height=\"894\" srcset=\"https:\/\/www.fedaiisf.it\/wp-content\/uploads\/2023\/11\/nomina-a.-daniele.png 709w, https:\/\/www.fedaiisf.it\/wp-content\/uploads\/2023\/11\/nomina-a.-daniele-238x300.png 238w, https:\/\/www.fedaiisf.it\/wp-content\/uploads\/2023\/11\/nomina-a.-daniele-10x12.png 10w\" sizes=\"auto, (max-width: 709px) 100vw, 709px\" \/><\/p>\n<p>&nbsp;<\/p>\n<hr \/>\n<p>&nbsp;<\/p>","protected":false},"excerpt":{"rendered":"<p>Importante riconoscimento per Antonio Daniele, informatore Scientifico, chiamato a coadiuvare la Filctem CGIL \u00a0nazionale sulle tematiche e i problemi della categoria. Il nostro auspicio \u00e8 che anche le altre Organizzazioni Sindacali mostrino una pari sensibilit\u00e0 nei confronti della categoria degli informatori. \u00c8 fondamentale che in sede sindacale e di rinnovo dei contratti sia presente un &hellip;<\/p>","protected":false},"author":4,"featured_media":66720,"comment_status":"closed","ping_status":"closed","sticky":false,"template":"","format":"standard","meta":{"footnotes":""},"categories":[1],"tags":[45,21],"class_list":["post-74143","post","type-post","status-publish","format-standard","has-post-thumbnail","hentry","category-notizie","tag-fedaiisf","tag-informatori-scientifici"],"amp_enabled":true,"_links":{"self":[{"href":"https:\/\/www.fedaiisf.it\/en\/wp-json\/wp\/v2\/posts\/74143","targetHints":{"allow":["GET"]}}],"collection":[{"href":"https:\/\/www.fedaiisf.it\/en\/wp-json\/wp\/v2\/posts"}],"about":[{"href":"https:\/\/www.fedaiisf.it\/en\/wp-json\/wp\/v2\/types\/post"}],"author":[{"embeddable":true,"href":"https:\/\/www.fedaiisf.it\/en\/wp-json\/wp\/v2\/users\/4"}],"replies":[{"embeddable":true,"href":"https:\/\/www.fedaiisf.it\/en\/wp-json\/wp\/v2\/comments?post=74143"}],"version-history":[{"count":4,"href":"https:\/\/www.fedaiisf.it\/en\/wp-json\/wp\/v2\/posts\/74143\/revisions"}],"predecessor-version":[{"id":74148,"href":"https:\/\/www.fedaiisf.it\/en\/wp-json\/wp\/v2\/posts\/74143\/revisions\/74148"}],"wp:featuredmedia":[{"embeddable":true,"href":"https:\/\/www.fedaiisf.it\/en\/wp-json\/wp\/v2\/media\/66720"}],"wp:attachment":[{"href":"https:\/\/www.fedaiisf.it\/en\/wp-json\/wp\/v2\/media?parent=74143"}],"wp:term":[{"taxonomy":"category","embeddable":true,"href":"https:\/\/www.fedaiisf.it\/en\/wp-json\/wp\/v2\/categories?post=74143"},{"taxonomy":"post_tag","embeddable":true,"href":"https:\/\/www.fedaiisf.it\/en\/wp-json\/wp\/v2\/tags?post=74143"}],"curies":[{"name":"wp","href":"https:\/\/api.w.org\/{rel}","templated":true}]}}