{"id":74150,"date":"2023-11-14T19:27:33","date_gmt":"2023-11-14T18:27:33","guid":{"rendered":"https:\/\/www.fedaiisf.it\/?p=74150"},"modified":"2023-11-14T19:48:20","modified_gmt":"2023-11-14T18:48:20","slug":"sez-aiisf-lecce-comunicato-omceo-e-dg-asl-sullevento-informazione-scientifica-del-farmaco-e-parafarmaco","status":"publish","type":"post","link":"https:\/\/www.fedaiisf.it\/en\/sez-aiisf-lecce-comunicato-omceo-e-dg-asl-sullevento-informazione-scientifica-del-farmaco-e-parafarmaco\/","title":{"rendered":"Sez. AIISF Lecce. Comunicato OMCeO e DG ASL sull&#8217;evento &#8220;Informazione Scientifica del Farmaco e Parafarmaco&#8221;"},"content":{"rendered":"<p>Facendo seguito all&#8217; evento del 30\/09\/23, &#8220;<em>THE<a href=\"https:\/\/www.fedaiisf.it\/en\/sez-aiisf-lecce-e-smg-corso-informazione-scientifica-sul-farmaco-e-parafarmaco-tra-normative-e-pandemia-per-un-migliore-accesso-alle-cure\/\" target=\"_blank\" rel=\"noopener\">nformazione scientifica sul farmaco e parafarmaco. Tra normative e pandemia per un migliore accesso alle cure<\/a><\/em>&#8221; tenutosi presso le aule del polo didattico dell&#8217; ASL di Lecce <img loading=\"lazy\" decoding=\"async\" class=\"wp-image-73548 alignright\" src=\"https:\/\/www.fedaiisf.it\/wp-content\/uploads\/2023\/10\/corso-lecce-2.png\" alt=\"\" width=\"380\" height=\"226\" srcset=\"https:\/\/www.fedaiisf.it\/wp-content\/uploads\/2023\/10\/corso-lecce-2.png 1038w, https:\/\/www.fedaiisf.it\/wp-content\/uploads\/2023\/10\/corso-lecce-2-300x179.png 300w, https:\/\/www.fedaiisf.it\/wp-content\/uploads\/2023\/10\/corso-lecce-2-1024x610.png 1024w, https:\/\/www.fedaiisf.it\/wp-content\/uploads\/2023\/10\/corso-lecce-2-768x457.png 768w, https:\/\/www.fedaiisf.it\/wp-content\/uploads\/2023\/10\/corso-lecce-2-18x12.png 18w\" sizes=\"auto, (max-width: 380px) 100vw, 380px\" \/>organizzato da A.I.I.S.F. Sez Lecce in stretta collaborazione con SIMG Lecce, patrocinato dalla Direzione Generale dell&#8217; ASL e coi patrocini degli ordini di Lecce, OMCeO e Farmacisti e delle sigle sindacali medici, si \u00e8 stilato un comunicato da diffondere ai medici e base per colloqui colle istituzioni.<\/p>\n<p>Detto comunicato \u00e8 stato condiviso ed approvato dalla Direzione Generale e la stessa invitava l&#8217; ordine dei medici per effettuare la divulgazione nelle modalit\u00e0 pi\u00f9 opportune. OMCeO Lecce nell&#8217; ultima riunione del suo consiglio direttivo ha fatto proprio il comunicato e condividendo i suggerimenti della direzione generale stabiliva le modalit\u00e0 divulgative.<\/p>\n<p>Il comunicato \u00e8 stato posto sul sito web e sar\u00e0 pubblicato sulla rivista &#8220;<em>Salento Medico<\/em>&#8221; nella prossima stesura di gennaio 24.<\/p>\n<p>L&#8217; ufficialit\u00e0 d\u00e0 alla Sezione AIISF la possibilit\u00e0 di attuare il programma nell&#8217;intento di migliorare i rapporti con la classe medica con una collaborazione sempre pi\u00f9 professionale garantita anche dalla massima autorit\u00e0 sanitaria locale&#8230;..una base importante per un futuro un po&#8217; pi\u00f9 tranquillo per chi si appresta alla professione.<\/p>\n<p style=\"text-align: left;\">Il presidente Sez. AIISF Lecce<br \/>\nPasquale Melancholy<\/p>\n<hr \/>\n<p style=\"font-weight: 400;\"><img loading=\"lazy\" decoding=\"async\" class=\"size-full wp-image-74154 aligncenter\" src=\"https:\/\/www.fedaiisf.it\/wp-content\/uploads\/2023\/11\/AIISFLecce-inntestazioe.png\" alt=\"\" width=\"1118\" height=\"152\" srcset=\"https:\/\/www.fedaiisf.it\/wp-content\/uploads\/2023\/11\/AIISFLecce-inntestazioe.png 1118w, https:\/\/www.fedaiisf.it\/wp-content\/uploads\/2023\/11\/AIISFLecce-inntestazioe-300x41.png 300w, https:\/\/www.fedaiisf.it\/wp-content\/uploads\/2023\/11\/AIISFLecce-inntestazioe-1024x139.png 1024w, https:\/\/www.fedaiisf.it\/wp-content\/uploads\/2023\/11\/AIISFLecce-inntestazioe-768x104.png 768w, https:\/\/www.fedaiisf.it\/wp-content\/uploads\/2023\/11\/AIISFLecce-inntestazioe-18x2.png 18w\" sizes=\"auto, (max-width: 1118px) 100vw, 1118px\" \/><\/p>\n<p>&nbsp;<\/p>\n<p style=\"font-weight: 400; text-align: justify;\">Il 30 settembre 2023 presso le aule del polo didattico dell\u2019ASL di Lecce si \u00e8 tenuto il corso dal titolo \u201c<a href=\"https:\/\/www.fedaiisf.it\/en\/sez-aiisf-lecce-e-smg-corso-informazione-scientifica-sul-farmaco-e-parafarmaco-tra-normative-e-pandemia-per-un-migliore-accesso-alle-cure\/\" target=\"_blank\" rel=\"noopener\"><em>Informazione Scientifica sul farmaco e parafarmaco tra normative e pandemia per un migliore accesso alle cure<\/em><\/a>\u201d organizzato dalla sezione A.I.I.S.F. di Lecce, federata Fedaiisf, in stretta collaborazione con la societ\u00e0 <img loading=\"lazy\" decoding=\"async\" class=\"wp-image-5243 alignright\" src=\"https:\/\/www.fedaiisf.it\/wp-content\/uploads\/2014\/11\/simg_logo.png\" alt=\"\" width=\"292\" height=\"75\" srcset=\"https:\/\/www.fedaiisf.it\/wp-content\/uploads\/2014\/11\/simg_logo.png 541w, https:\/\/www.fedaiisf.it\/wp-content\/uploads\/2014\/11\/simg_logo-300x77.png 300w\" sizes=\"auto, (max-width: 292px) 100vw, 292px\" \/>scientifica SIMG di Lecce ottenendo il fondamentale patrocinio della Direzione Generale dell\u2019ASL di Lecce.<\/p>\n<p style=\"font-weight: 400; text-align: justify;\">Altri importanti patrocini sono stati l\u2019Ordine dei Medici di Lecce, l\u2019Ordine Farmacisti di Lecce e tutti i sindacati dei medici. Presidente del corso dott. Antonio\u00a0 Metrucci, responsabile SIMG di Lecce.<\/p>\n<p style=\"font-weight: 400; text-align: justify;\">Un\u2019occasione per evidenziare le leggi nazionali e il Regolamento Regione Puglia che governano l\u2019attivit\u00e0 e l\u2019importanza dell\u2019informazione scientifica sul farmaco nella gestione quotidiana del paziente nel rispetto dell\u2019art. 32 Cost..<\/p>\n<p style=\"font-weight: 400; text-align: justify;\"><img loading=\"lazy\" decoding=\"async\" class=\"wp-image-74167 alignleft\" src=\"https:\/\/www.fedaiisf.it\/wp-content\/uploads\/2023\/11\/rossi-dg-lecce.png\" alt=\"\" width=\"220\" height=\"250\" srcset=\"https:\/\/www.fedaiisf.it\/wp-content\/uploads\/2023\/11\/rossi-dg-lecce.png 406w, https:\/\/www.fedaiisf.it\/wp-content\/uploads\/2023\/11\/rossi-dg-lecce-265x300.png 265w, https:\/\/www.fedaiisf.it\/wp-content\/uploads\/2023\/11\/rossi-dg-lecce-11x12.png 11w\" sizes=\"auto, (max-width: 220px) 100vw, 220px\" \/>Il Direttore Generale dell\u2019ASL di Lecce, avv. Stefano Rossi, intuendo l\u2019importanza dell\u2019argomento, dopo aver ascoltato attentamente le prime relazioni, ha voluto dare il proprio contributo alla riuscita del corso.<\/p>\n<p style=\"font-weight: 400; text-align: justify;\">Ha puntato l\u2019attenzione di tutti gli attori della sanit\u00e0 per la sostenibilit\u00e0 del SSN, chiedendo la collaborazione per poter garantire le cure ai pazienti. Grande attenzione alla diagnostica e alla terapia ribadendo come un\u2019informazione scientifica sul farmcaco corretta rappresenti uno degli elementi strategici per il perseguimento dell\u2019appropriatezza, dell\u2019efficacia e dell\u2019aderenza alla terapia portando cos\u00ec ad una razionalizzazione della spesa farmaceutica ed auspica con entusiasmo un rapporto pi\u00f9 collaborativo con i professionisti dell\u2019informazione scientifica.<\/p>\n<p style=\"font-weight: 400; text-align: justify;\">Il dott. Cosimo Esposito, facendo proprio il consiglio della Direzione Generale e facendo leva anche sul Regolamento della Regione Puglia, rimarca l\u2019importanza degli ISF nella gestione della spesa farmaceutica evidenziando la necessit\u00e0 di inserire gli stessi nei tavoli tecnici dedicati.<\/p>\n<p style=\"font-weight: 400; text-align: justify;\">Tutti i relatori hanno anche colto l\u2019occasione, vista la presenza del Direttore Generale per gran parte dell\u2019incontro, per lamentare le criticit\u00e0 nella sanit\u00e0 locale proponendo sempre la collaborazione di FEDAIISF nell\u2019attuare della soluzioni laddove possibili.<\/p>\n<p style=\"font-weight: 400; text-align: justify;\"><img loading=\"lazy\" decoding=\"async\" class=\"wp-image-74162 alignright\" src=\"https:\/\/www.fedaiisf.it\/wp-content\/uploads\/2023\/11\/Logo-OMCeO-Lecce-ritaglio-2.jpg\" alt=\"\" width=\"162\" height=\"162\" srcset=\"https:\/\/www.fedaiisf.it\/wp-content\/uploads\/2023\/11\/Logo-OMCeO-Lecce-ritaglio-2.jpg 923w, https:\/\/www.fedaiisf.it\/wp-content\/uploads\/2023\/11\/Logo-OMCeO-Lecce-ritaglio-2-300x300.jpg 300w, https:\/\/www.fedaiisf.it\/wp-content\/uploads\/2023\/11\/Logo-OMCeO-Lecce-ritaglio-2-150x150.jpg 150w, https:\/\/www.fedaiisf.it\/wp-content\/uploads\/2023\/11\/Logo-OMCeO-Lecce-ritaglio-2-768x766.jpg 768w, https:\/\/www.fedaiisf.it\/wp-content\/uploads\/2023\/11\/Logo-OMCeO-Lecce-ritaglio-2-12x12.jpg 12w\" sizes=\"auto, (max-width: 162px) 100vw, 162px\" \/>Tante le indicazioni e i suggerimenti dei partecipanti, per questo il dott. Antonio Metrucci ha chiesto alla dott.ssa Daniela Fusco, facente parte della commissione OMCeO di Lecce, di prevedere anche alcune sezioni sull\u2019informazione scientifica nel corso di specializzazione in medicina generale.<\/p>\n<p style=\"font-weight: 400; text-align: justify;\">I relatori della tavola rotonda conclusiva, condotta dalla dott.ssa Maddalena Mongi\u00f2, giornalista della Gazzetta del Mezzogiorno, hanno sottolineato come la collaborazione dei mmg, sempre pi\u00f9 vessati dai pazienti nella limitazione delle 100 note, con l\u2019informatore scientifico del farmaco sia fondamentale per l\u2019appropriatezza prescrittiva nella \u00a0cura dei pazienti.<\/p>\n<p style=\"font-weight: 400; text-align: justify;\">Alla fine dei lavori \u00e8 stata auspicata una maggiore collaborazione con tali professionisti.<\/p>\n<p style=\"font-weight: 400; text-align: justify;\"><span style=\"color: #000000;\">A tal fine si stabilisce che:<\/span><\/p>\n<p style=\"font-weight: 400; text-align: justify;\"><span style=\"color: #000000;\">&#8211; La <a href=\"https:\/\/www.medicoeleggi.com\/argomenti00\/italia2006\/19131-122.htm\" target=\"_blank\" rel=\"noopener\">legge \u00a0219\/2006<\/a> obbliga che gli informatori scientifici del farmaco siano in possesso di una Laurea in discipline scientifiche compresa quella in Medicina e Chirurgia;<\/span><\/p>\n<p style=\"font-weight: 400; text-align: justify;\"><span style=\"color: #000000;\">- The <a href=\"https:\/\/www.fedaiisf.it\/wp-content\/uploads\/2014\/07\/Regione-Puglia.-Regolamento-ISF.pdf\" target=\"_blank\" rel=\"noopener\">Regolamento della Regione Puglia (16\/07\/2007 n. 17),<\/a> modificato il <a href=\"https:\/\/www.consiglio.puglia.it\/documents\/20124\/132060\/Testo%20mozione%20Gabellone%20.pdf\/b6c91f3b-762a-ccde-108d-d74a2ef36615?download=true\" target=\"_blank\" rel=\"noopener\">13\/07\/2021 dalla mozione del consigliere Antonio Maria Gabellone<\/a>, dopo l\u2019art. 5 del Reg. aggiunge il 5 bis e stabilisce che \u201c<em>\u00e8 informatore scientifico del farmaco\u2026 colui che, quale consulente del medico e sulla base di un quotidiano rapporto con lo stesso, fornisce informazioni corrette sui farmaci, illustrandogli ogni aspetto di essi (azione, vantaggi e controindicazioni), lo aggiorna sull\u2019uscita di nuovo farmaci e offre notizie relative all\u2019uso di quelli qualora l\u2019esperienza avesse portato nuovi studi su di essi<\/em>\u201d. Stabilisce, inoltre, che\u2026 lo svolgimento dell\u2019attivit\u00e0 degli ISF deve avvenire nei giorni dal luned\u00ec al venerd\u00ec e comunque nel rispetto del CCNL.<\/span><\/p>\n<p style=\"text-align: justify;\">","protected":false},"excerpt":{"rendered":"<p>Facendo seguito all&#8217; evento del 30\/09\/23, &#8220;Informazione scientifica sul farmaco e parafarmaco. Tra normative e pandemia per un migliore accesso alle cure&#8221; tenutosi presso le aule del polo didattico dell&#8217; ASL di Lecce organizzato da A.I.I.S.F. Sez Lecce in stretta collaborazione con SIMG Lecce, patrocinato dalla Direzione Generale dell&#8217; ASL e coi patrocini degli ordini &hellip;<\/p>","protected":false},"author":4,"featured_media":74165,"comment_status":"closed","ping_status":"closed","sticky":false,"template":"","format":"standard","meta":{"footnotes":""},"categories":[1,14],"tags":[45],"class_list":["post-74150","post","type-post","status-publish","format-standard","has-post-thumbnail","hentry","category-notizie","category-news-fedaiisf","tag-fedaiisf"],"amp_enabled":true,"_links":{"self":[{"href":"https:\/\/www.fedaiisf.it\/en\/wp-json\/wp\/v2\/posts\/74150","targetHints":{"allow":["GET"]}}],"collection":[{"href":"https:\/\/www.fedaiisf.it\/en\/wp-json\/wp\/v2\/posts"}],"about":[{"href":"https:\/\/www.fedaiisf.it\/en\/wp-json\/wp\/v2\/types\/post"}],"author":[{"embeddable":true,"href":"https:\/\/www.fedaiisf.it\/en\/wp-json\/wp\/v2\/users\/4"}],"replies":[{"embeddable":true,"href":"https:\/\/www.fedaiisf.it\/en\/wp-json\/wp\/v2\/comments?post=74150"}],"version-history":[{"count":12,"href":"https:\/\/www.fedaiisf.it\/en\/wp-json\/wp\/v2\/posts\/74150\/revisions"}],"predecessor-version":[{"id":74168,"href":"https:\/\/www.fedaiisf.it\/en\/wp-json\/wp\/v2\/posts\/74150\/revisions\/74168"}],"wp:featuredmedia":[{"embeddable":true,"href":"https:\/\/www.fedaiisf.it\/en\/wp-json\/wp\/v2\/media\/74165"}],"wp:attachment":[{"href":"https:\/\/www.fedaiisf.it\/en\/wp-json\/wp\/v2\/media?parent=74150"}],"wp:term":[{"taxonomy":"category","embeddable":true,"href":"https:\/\/www.fedaiisf.it\/en\/wp-json\/wp\/v2\/categories?post=74150"},{"taxonomy":"post_tag","embeddable":true,"href":"https:\/\/www.fedaiisf.it\/en\/wp-json\/wp\/v2\/tags?post=74150"}],"curies":[{"name":"wp","href":"https:\/\/api.w.org\/{rel}","templated":true}]}}