{"id":74284,"date":"2023-11-24T12:18:54","date_gmt":"2023-11-24T11:18:54","guid":{"rendered":"https:\/\/www.fedaiisf.it\/?p=74284"},"modified":"2023-11-24T12:18:54","modified_gmt":"2023-11-24T11:18:54","slug":"vaccini-a-rilento-ecco-come-funziona-la-loro-distribuzione","status":"publish","type":"post","link":"https:\/\/www.fedaiisf.it\/en\/vaccini-a-rilento-ecco-come-funziona-la-loro-distribuzione\/","title":{"rendered":"Vaccini a rilento? Ecco come funziona la loro distribuzione&#8230;"},"content":{"rendered":"<p><strong>Silvestro Scotti:\u00a0\u00abVaccini a rilento? Ecco come funziona la loro distribuzione. Non c&#8217;\u00e8 governance, a <img loading=\"lazy\" decoding=\"async\" class=\"wp-image-59328 alignright\" src=\"https:\/\/www.fedaiisf.it\/wp-content\/uploads\/2021\/07\/Scotti-Fimmg.png\" alt=\"\" width=\"331\" height=\"261\" srcset=\"https:\/\/www.fedaiisf.it\/wp-content\/uploads\/2021\/07\/Scotti-Fimmg.png 545w, https:\/\/www.fedaiisf.it\/wp-content\/uploads\/2021\/07\/Scotti-Fimmg-300x237.png 300w\" sizes=\"auto, (max-width: 331px) 100vw, 331px\" \/>settembre bisognava unire tutti gli attori attorno a un tavolo\u00bb\u00a0<\/strong><\/p>\n<p><a href=\"https:\/\/www.fimmg.org\/index.php?action=pages&amp;m=view&amp;p=18&amp;art=5521\" target=\"_blank\" rel=\"noopener\">Fimmg &#8211; 23 novembre 2023<\/a><\/p>\n<p>Il segretario generale della Fimmg, Silvestro Scotti, in un&#8221;intervista ad HuffPost &#8211; che ha dedicato un approfondimento ai ritardi della campagna vaccinale &#8211; spiega il funzionamento della distribuzione dei sieri (ndr: <em>vaccines<\/em>): \u00abIn alcune realt\u00e0 \u00e8 gestita dai coordinatori che hanno rapporti con il distretto che a loro volta hanno rapporti con il Dipartimento di Prevenzione e con il farmaceutico che si approvvigiona dei vaccini. In alcuni casi, invece, i vaccini vengono distribuiti con la mediazione di un accordo fatto con le farmacie che, a mio avviso in maniera pi\u00f9 efficace, funzionano da sistemi di accumulo periferico rispetto alla logistica centrale di una Asl. Accordo che esiste, per\u00f2, in alcune parti, ma non in tutte. In altre parti ancora sono in essere degli accordi, come con Poste Italiane, per cui al medico di medicina generale viene consegnato il lotto di vaccini solo in determinati giorni e ad un orario preciso. In altri posti non c&#8217;\u00e8 assolutamente niente ed \u00e8 il medico che, a prescindere dai km e dagli orari, deve spostarsi per andare a recuperare i vaccini\u00bb.<\/p>\n<p>Il problema, dunque, \u00e8 la logistica di distribuzione dei vaccini: \u00abMa lo \u00e8 sempre stato, anche per la vaccinazione antinfluenzale. Mi sarei aspettato, leggendo il DM 77 che d\u00e0 centralit\u00e0 di governance della produttivit\u00e0 di territorio, sia nella committenza che nell&#8217;erogazione, al distretto dove ci sono dei punti vaccinali gestiti dal Dipartimento di Prevenzione, ma anche la Medicina Generale e i Farmacisti, una situazione strutturata, definita, ma questo non \u00e8 avvenuto. C&#8217;\u00e8 difformit\u00e0 di consegne fra antinfluenzali e anticovid, ad esempio, quando era stato detto agli italiani che avrebbero potuto farlo in un&#8217;unica soluzione\u00bb.<\/p>\n<p>C&#8221;\u00e8 anche il tema dell&#8217;approvvigionamento dei vaccini che dipende dalle singole Regioni e dalle singole Asl: \u00abIo credo, ma non ho le prove, che le Regioni sulla piattaforma vaccinale abbiano bisogno in tempo reale di sapere lotto per lotto come si stanno consumando i vaccini, perch\u00e9 fanno un accordo con le aziende farmaceutiche per una fornitura scaglionata sulla base dei consumi- dice ancora Scotti ad HuffPost &#8211; \u00c8 <img loading=\"lazy\" decoding=\"async\" class=\"wp-image-74286 alignleft\" src=\"https:\/\/www.fedaiisf.it\/wp-content\/uploads\/2023\/11\/vaccino-anti-covid-e1621427636605.png\" alt=\"\" width=\"384\" height=\"225\" srcset=\"https:\/\/www.fedaiisf.it\/wp-content\/uploads\/2023\/11\/vaccino-anti-covid-e1621427636605.png 500w, https:\/\/www.fedaiisf.it\/wp-content\/uploads\/2023\/11\/vaccino-anti-covid-e1621427636605-300x176.png 300w, https:\/\/www.fedaiisf.it\/wp-content\/uploads\/2023\/11\/vaccino-anti-covid-e1621427636605-18x12.png 18w\" sizes=\"auto, (max-width: 384px) 100vw, 384px\" \/>corretto, porta ad accordi economicamente vantaggiosi, ma non sempre collegabili con i motivi di salute rispetto alla copertura. Se ho a disposizione tanti vaccini riesco ad avere una maggior offerta. Se ho i vaccini contingentati rispetto alle forniture che la Regione ha chiuso nelle sue modalit\u00e0 di gara, sono limitato. A questo si aggiungono i problemi di logistica di cui abbiamo parlato\u00bb. Per il segretario della Fimmg \u00abbisognerebbe vedere come sono state fatte le gare: sul piano dell&#8217;appropriatezza economica rispetto alla spesa, \u00e8 pi\u00f9 conveniente per le aziende, invece di avere un carico che poi crea un reso, una spesa inutilizzata, fare accordi in base all&#8217;uso: praticamente come vedo che finiscono gli stoccaggi chiedo l&#8217;integrazione e non ho sprechi. Tutto questo, per\u00f2, rallenta tutta la filiera e non permette di avere un&#8217;organizzazione efficace\u00bb.<\/p>\n<p>Per Scotti, in conclusione, \u00abnon c&#8217;\u00e8 governance. A settembre bisognava riunire tutti gli attori attorno a un tavolo, sapere quando arrivavano i vaccini, come distribuirli, come determinarli, come fare gli avvisi comunicativi e forse avremmo raggiunto il risultato. Ad oggi invece \u00e8 tutto improvvisato e lasciato alle dinamiche periferiche e alle buone intenzioni che in alcuni distretti, medici, aziende ci sono. Ma non \u00e8 detto che ci siano ovunque. Se la responsabilit\u00e0 alla fine cade su singolo medico, che dipende dal modello logistico di fornitura dei vaccini, le cose non possono funzionare\u00bb.<\/p>\n<p>&nbsp;<\/p>","protected":false},"excerpt":{"rendered":"<p>Silvestro Scotti:\u00a0\u00abVaccini a rilento? Ecco come funziona la loro distribuzione. Non c&#8217;\u00e8 governance, a settembre bisognava unire tutti gli attori attorno a un tavolo\u00bb\u00a0 Fimmg &#8211; 23 novembre 2023 Il segretario generale della Fimmg, Silvestro Scotti, in un&#8221;intervista ad HuffPost &#8211; che ha dedicato un approfondimento ai ritardi della campagna vaccinale &#8211; spiega il funzionamento &hellip;<\/p>","protected":false},"author":4,"featured_media":74288,"comment_status":"closed","ping_status":"closed","sticky":false,"template":"","format":"standard","meta":{"footnotes":""},"categories":[1],"tags":[39],"class_list":["post-74284","post","type-post","status-publish","format-standard","has-post-thumbnail","hentry","category-notizie","tag-vaccini"],"amp_enabled":true,"_links":{"self":[{"href":"https:\/\/www.fedaiisf.it\/en\/wp-json\/wp\/v2\/posts\/74284","targetHints":{"allow":["GET"]}}],"collection":[{"href":"https:\/\/www.fedaiisf.it\/en\/wp-json\/wp\/v2\/posts"}],"about":[{"href":"https:\/\/www.fedaiisf.it\/en\/wp-json\/wp\/v2\/types\/post"}],"author":[{"embeddable":true,"href":"https:\/\/www.fedaiisf.it\/en\/wp-json\/wp\/v2\/users\/4"}],"replies":[{"embeddable":true,"href":"https:\/\/www.fedaiisf.it\/en\/wp-json\/wp\/v2\/comments?post=74284"}],"version-history":[{"count":2,"href":"https:\/\/www.fedaiisf.it\/en\/wp-json\/wp\/v2\/posts\/74284\/revisions"}],"predecessor-version":[{"id":74287,"href":"https:\/\/www.fedaiisf.it\/en\/wp-json\/wp\/v2\/posts\/74284\/revisions\/74287"}],"wp:featuredmedia":[{"embeddable":true,"href":"https:\/\/www.fedaiisf.it\/en\/wp-json\/wp\/v2\/media\/74288"}],"wp:attachment":[{"href":"https:\/\/www.fedaiisf.it\/en\/wp-json\/wp\/v2\/media?parent=74284"}],"wp:term":[{"taxonomy":"category","embeddable":true,"href":"https:\/\/www.fedaiisf.it\/en\/wp-json\/wp\/v2\/categories?post=74284"},{"taxonomy":"post_tag","embeddable":true,"href":"https:\/\/www.fedaiisf.it\/en\/wp-json\/wp\/v2\/tags?post=74284"}],"curies":[{"name":"wp","href":"https:\/\/api.w.org\/{rel}","templated":true}]}}