{"id":74352,"date":"2023-11-28T12:46:25","date_gmt":"2023-11-28T11:46:25","guid":{"rendered":"https:\/\/www.fedaiisf.it\/?p=74352"},"modified":"2023-11-28T17:40:41","modified_gmt":"2023-11-28T16:40:41","slug":"ausl-toscana-sud-est-pronta-a-sperimentare-la-prescrizione-infermieristica","status":"publish","type":"post","link":"https:\/\/www.fedaiisf.it\/en\/ausl-toscana-sud-est-pronta-a-sperimentare-la-prescrizione-infermieristica\/","title":{"rendered":"AUSL Toscana Sud Est pronta a sperimentare la prescrizione infermieristica"},"content":{"rendered":"<p dir=\"auto\">Al Forum Risk Management sanit\u00e0 2023 si \u00e8 parlato anche di prescrizione infermieristica di farmaci<\/p>\n<p><img loading=\"lazy\" decoding=\"async\" class=\"wp-image-74353 alignright\" src=\"https:\/\/www.fedaiisf.it\/wp-content\/uploads\/2023\/11\/sostegno.png\" alt=\"\" width=\"484\" height=\"259\" srcset=\"https:\/\/www.fedaiisf.it\/wp-content\/uploads\/2023\/11\/sostegno.png 881w, https:\/\/www.fedaiisf.it\/wp-content\/uploads\/2023\/11\/sostegno-300x160.png 300w, https:\/\/www.fedaiisf.it\/wp-content\/uploads\/2023\/11\/sostegno-768x411.png 768w, https:\/\/www.fedaiisf.it\/wp-content\/uploads\/2023\/11\/sostegno-18x10.png 18w\" sizes=\"auto, (max-width: 484px) 100vw, 484px\" \/>&#8220;La prescrizione infermieristica \u00e8 disciplinata e regolamentata in Europa da tanti anni, rientra nel riconoscere una professionalit\u00e0 negli infermieri in grado di svolgere una serie funzioni tra le quali alcune forme di prescrizione.&#8221; Ha detto <a class=\"x1i10hfl xjbqb8w x6umtig x1b1mbwd xaqea5y xav7gou x9f619 x1ypdohk xt0psk2 xe8uvvx xdj266r x11i5rnm xat24cr x1mh8g0r xexx8yu x4uap5 x18d9i69 xkhd6sd x16tdsg8 x1hl2dhg xggy1nq x1a2a7pz xt0b8zv x1qq9wsj xo1l8bm\" tabindex=\"0\" role=\"link\" href=\"https:\/\/www.facebook.com\/e.sostegni?__cft__[0]=AZXyKORdcfCbLy7G-ygMnw6HfjFXTFMxQxUmi7iZpM1y8mM4xYU_nRYGaU12WEnQU2pKrnimLmi3ZEPanPH6fF9PAW3KAAuvOp-Kz3Yl6-Jo0AsKR7-7tEQAlmskKtgQnwG7itS8QOJNU3zUm5S0WIEukS2diGsvFO06dlh-UQMCCByV_mpFHnTjwkAalDDU734&amp;__tn__=-]K-R\" target=\"_blank\" rel=\"noopener\"><span class=\"xt0psk2\">Enrico Sostegni<\/span><\/a> Presidente Commissione Sanit\u00e0 e Politiche sociali Consiglio della <a class=\"x1i10hfl xjbqb8w x6umtig x1b1mbwd xaqea5y xav7gou x9f619 x1ypdohk xt0psk2 xe8uvvx xdj266r x11i5rnm xat24cr x1mh8g0r xexx8yu x4uap5 x18d9i69 xkhd6sd x16tdsg8 x1hl2dhg xggy1nq x1a2a7pz xt0b8zv x1qq9wsj xo1l8bm\" tabindex=\"0\" role=\"link\" href=\"https:\/\/www.facebook.com\/regionetoscana.paginaufficiale?__cft__[0]=AZXyKORdcfCbLy7G-ygMnw6HfjFXTFMxQxUmi7iZpM1y8mM4xYU_nRYGaU12WEnQU2pKrnimLmi3ZEPanPH6fF9PAW3KAAuvOp-Kz3Yl6-Jo0AsKR7-7tEQAlmskKtgQnwG7itS8QOJNU3zUm5S0WIEukS2diGsvFO06dlh-UQMCCByV_mpFHnTjwkAalDDU734&amp;__tn__=-]K-R\" target=\"_blank\" rel=\"noopener\"><span class=\"xt0psk2\">Regione Toscana.\u00a0<\/span><\/a><\/p>\n<p>Sono tredici i Paesi europei dove \u00e8 attuata, ha proseguito Sostegno, e negli infermieri \u00e8 presente una professionalit\u00e0 che consente loro di effettuare alcune forme di prescrizione. Gli Ordini dei medici e degli infermieri sono d&#8217;accordo su questo punto. C&#8217;\u00e8 la disponibilit\u00e0 dell&#8217;azienda Sud Est Toscana di partire con una sperimentazione in questo senso. Il Consiglio Regionale auspica che si parta velocemente perch\u00e9 \u00e8 la strada per sostenere lo sviluppo del SSR.<\/p>\n<p>Antonio D&#8217;Urso, DG AUSL Toscana Sud Est, ha ribadito la disponibilit\u00e0 della sperimentazione che va definita dalla Direzione Generale e dall&#8217;Assessorato (Fonte <a href=\"https:\/\/www.facebook.com\/ForumRisk\/videos\/310555368616688?locale=it_IT\" target=\"_blank\" rel=\"noopener\">FaceBook<\/a>).<\/p>\n<p>&#8220;<a href=\"https:\/\/www.dimensioneinfermiere.it\/grasso-opi-toscana-pronti-alla-prescrizione-infermieristica\/\" target=\"_blank\" rel=\"noopener\">Dimensione Infermiere<\/a>&#8221; riporta che al <strong>Forum Risk Management di Arezzo<\/strong> il <strong>coordinatore Opi Toscana<\/strong> Giovanni Grasso, nell\u2019ambito della sessione \u201cLa Prescrizione medica e infermieristica: come possono coesistere\u201d ha dichiarato: <em>\u00abSiamo disponibili alla realizzazione di <\/em><strong><em>protocolli condivisi<\/em><\/strong><em> tra professionisti e istituzione in grado di regolamentare e indicare con chiarezza gli <\/em><strong><em>ambiti prescrittivi delle professioni infermieristiche <\/em><\/strong><em>attraverso un cambiamento che permetta l\u2018aderenza del paziente ai farmaci, la soddisfazione del paziente e la qualit\u00e0 della vita correlata alla salute\u00bb.<\/em><\/p>\n<p>Ha chiaramente specificato che gli infermieri non intendono sostituire i medici, ma la prescrizione infermieristica potrebbe rappresentare una soluzione pratica.<\/p>\n<p style=\"font-weight: 400;\">&#8220;Si tratta di guardare al futuro elevando la professionalit\u00e0 degli infermieri cos\u00ec come quella dei medici&#8221;, ha detto il presidente dell&#8217;Ordine dei medici Lorenzo Droandi, commentando &#8220;il progetto di sperimentazione che partir\u00e0 dalla prescrizione dei dispositivi, a cominciare da quelli pi\u00f9 semplici &#8211; spiega il Direttore dell&#8217;Asl Antonio D\u2019Urso -, lavorando sempre per sviluppare competenze ulteriori&#8221;.<\/p>\n<p>L\u2019assessore regionale alla sanit\u00e0 Simone Bezzini rispondendo a un\u2019interrogazione dei consiglieri Fantozzi e Veneri ad ottobre aveva affermato l&#8217;impegno della Regione Toscana nel percorso verso la prescrizione infermieristica di presidi sanitari.<\/p>\n<p>Notizie correlate: <a href=\"https:\/\/www.fnopi.it\/aree-tematiche\/prescrizione-infermieristica\/\" target=\"_blank\" rel=\"noopener\">Prescrizione infermieristica in Italia: la posizione di FNOPI<\/a><\/p>\n","protected":false},"excerpt":{"rendered":"<p>Al Forum Risk Management sanit\u00e0 2023 si \u00e8 parlato anche di prescrizione infermieristica di farmaci &#8220;La prescrizione infermieristica \u00e8 disciplinata e regolamentata in Europa da tanti anni, rientra nel riconoscere una professionalit\u00e0 negli infermieri in grado di svolgere una serie funzioni tra le quali alcune forme di prescrizione.&#8221; Ha detto Enrico Sostegni Presidente Commissione Sanit\u00e0 &hellip;<\/p>","protected":false},"author":4,"featured_media":74354,"comment_status":"closed","ping_status":"closed","sticky":false,"template":"","format":"standard","meta":{"footnotes":""},"categories":[1],"tags":[41],"class_list":["post-74352","post","type-post","status-publish","format-standard","has-post-thumbnail","hentry","category-notizie","tag-leggisentenze"],"amp_enabled":true,"_links":{"self":[{"href":"https:\/\/www.fedaiisf.it\/en\/wp-json\/wp\/v2\/posts\/74352","targetHints":{"allow":["GET"]}}],"collection":[{"href":"https:\/\/www.fedaiisf.it\/en\/wp-json\/wp\/v2\/posts"}],"about":[{"href":"https:\/\/www.fedaiisf.it\/en\/wp-json\/wp\/v2\/types\/post"}],"author":[{"embeddable":true,"href":"https:\/\/www.fedaiisf.it\/en\/wp-json\/wp\/v2\/users\/4"}],"replies":[{"embeddable":true,"href":"https:\/\/www.fedaiisf.it\/en\/wp-json\/wp\/v2\/comments?post=74352"}],"version-history":[{"count":12,"href":"https:\/\/www.fedaiisf.it\/en\/wp-json\/wp\/v2\/posts\/74352\/revisions"}],"predecessor-version":[{"id":74366,"href":"https:\/\/www.fedaiisf.it\/en\/wp-json\/wp\/v2\/posts\/74352\/revisions\/74366"}],"wp:featuredmedia":[{"embeddable":true,"href":"https:\/\/www.fedaiisf.it\/en\/wp-json\/wp\/v2\/media\/74354"}],"wp:attachment":[{"href":"https:\/\/www.fedaiisf.it\/en\/wp-json\/wp\/v2\/media?parent=74352"}],"wp:term":[{"taxonomy":"category","embeddable":true,"href":"https:\/\/www.fedaiisf.it\/en\/wp-json\/wp\/v2\/categories?post=74352"},{"taxonomy":"post_tag","embeddable":true,"href":"https:\/\/www.fedaiisf.it\/en\/wp-json\/wp\/v2\/tags?post=74352"}],"curies":[{"name":"wp","href":"https:\/\/api.w.org\/{rel}","templated":true}]}}