{"id":74433,"date":"2023-12-04T06:24:28","date_gmt":"2023-12-04T05:24:28","guid":{"rendered":"https:\/\/www.fedaiisf.it\/?p=74433"},"modified":"2023-12-03T12:25:25","modified_gmt":"2023-12-03T11:25:25","slug":"ritirate-quello-spot-codacons-contro-pfizer-per-pubblicita-scorretta-al-vaccino","status":"publish","type":"post","link":"https:\/\/www.fedaiisf.it\/en\/ritirate-quello-spot-codacons-contro-pfizer-per-pubblicita-scorretta-al-vaccino\/","title":{"rendered":"&#8220;Ritirate quello spot&#8221;. Codacons contro Pfizer per pubblicit\u00e0 scorretta al vaccino"},"content":{"rendered":"<h2>Vaccino Pfizer, &#8220;ritirate quello spot&#8221;: cosa va in onda su Rai e Mediaset<\/h2>\n<p><a href=\"https:\/\/www.liberoquotidiano.it\/news\/italia\/37726742\/vaccino-covid-pfizer-codacons-ritirate-spot-rai-mediaset.html\" target=\"_blank\" rel=\"noopener\">Libero &#8211; 02 dicembre 2023<\/a><\/p>\n<p><strong>Codacons <\/strong>against <strong>Pfizer<\/strong>: l&#8217;associazione dei consumatori ha presentato un esposto e contestuale diffida a sospendere la messa in onda dello spot pubblicitario relativo alla campagna &#8220;Affrontiamo insieme la Nuova <a href=\"https:\/\/www.youtube.com\/watch?v=svTKEfWQni8\" target=\"_blank\" rel=\"noopener\"><img loading=\"lazy\" decoding=\"async\" class=\"size-full wp-image-74435 aligncenter\" src=\"https:\/\/www.fedaiisf.it\/wp-content\/uploads\/2023\/12\/Placido-spot.png\" alt=\"\" width=\"612\" height=\"327\" srcset=\"https:\/\/www.fedaiisf.it\/wp-content\/uploads\/2023\/12\/Placido-spot.png 612w, https:\/\/www.fedaiisf.it\/wp-content\/uploads\/2023\/12\/Placido-spot-300x160.png 300w, https:\/\/www.fedaiisf.it\/wp-content\/uploads\/2023\/12\/Placido-spot-18x10.png 18w\" sizes=\"auto, (max-width: 612px) 100vw, 612px\" \/><\/a>Normalit\u00e0&#8221; promossa dall&#8217;industria farmaceutica in Italia. La pubblicit\u00e0 va in onda sulle reti <strong>Mediaset, Rai e La7<\/strong>. Il Codacons &#8220;segnala innanzitutto come la campagna sia promossa dalla societ\u00e0 Pfizer e non, come ci si aspetterebbe, dal Ministero della Salute &#8211; che ne conduce una, del tutto diversa, soprattutto sui canali Rai&#8221;.<\/p>\n<p>Nell&#8217;atto inviato sia all&#8217;azienda che alle reti televisive, l&#8217;Associazione sottolinea &#8220;le due principali <strong>anomalie <\/strong>dello spot con protagonista <strong>Michele Placido<\/strong>: in primis <strong>l&#8217;ambiguit\u00e0 <\/strong>della campagna che potrebbe farla rientrare nell&#8217;alveo delle pratiche commerciali scorrette, visto che le sue &#8216;modalit\u00e0 di costruzione e realizzazione la rendono simile alle campagne del Ministero della Salute, cos\u00ec che lo spettatore pu\u00f2 facilmente cadere nell&#8217;equivoco, pensando che il messaggio sia trasmesso dal Governo&#8217;, mentre invece &#8216;la prevenzione del Covid 19 sembra, di fatto, sfociare in un invito a vaccinarsi&#8217; e l&#8217;utente &#8216;potrebbe essere indotto al vaccino <img loading=\"lazy\" decoding=\"async\" class=\"wp-image-54575 alignleft\" src=\"https:\/\/www.fedaiisf.it\/wp-content\/uploads\/2020\/11\/codacons-pfizer.480x0.jpg\" alt=\"\" width=\"331\" height=\"174\" srcset=\"https:\/\/www.fedaiisf.it\/wp-content\/uploads\/2020\/11\/codacons-pfizer.480x0.jpg 480w, https:\/\/www.fedaiisf.it\/wp-content\/uploads\/2020\/11\/codacons-pfizer.480x0-300x158.jpg 300w\" sizes=\"auto, (max-width: 331px) 100vw, 331px\" \/>solo in ragione dalla provenienza, in verit\u00e0 non vera, del messaggio di sensibilizzazione dal Ministero della Salute'&#8221;, si legge nel documento.<\/p>\n<p>In secondo luogo, il Codacons solleva un&#8217;altra possibilit\u00e0: che &#8220;la campagna si ponga in contrasto con le prescrizioni in materia di <strong>pubblicit\u00e0 dei farmaci:<\/strong> la pubblicit\u00e0 dei vaccini, infatti, \u00e8 vietata a meno che non si sia in presenza di una campagna di vaccinazione autorizzata specificatamente da Ministero della Salute (autorizzazione che, in questo caso, non risulta esserci)&#8221;. &#8220;Si tratta &#8211; continua l&#8217;Associazione &#8211; di due<strong> ipotesi di illegittimit\u00e0<\/strong> che risulterebbero, ove accertate, di <strong>particolare gravit\u00e0 <\/strong>perch\u00e9 riguardano un diritto, quello alla salute, intangibile e tutelato costituzionalmente&#8221;. La richiesta, nel caso in cui ricorrano i presupposti, \u00e8 di procedere alla sospensione, entro 15 giorni, della messa in onda dello spot. L&#8217;Associazione, infine, ha precisato che, se invece la sua richiesta cadr\u00e0 nel vuoto, si vedr\u00e0 &#8220;costretta ad adire le competenti autorit\u00e0 giudiziarie e\/o di vigilanza&#8221;.<\/p>\n<p>&nbsp;<\/p>","protected":false},"excerpt":{"rendered":"<p>Vaccino Pfizer, &#8220;ritirate quello spot&#8221;: cosa va in onda su Rai e Mediaset Libero &#8211; 02 dicembre 2023 Codacons contro Pfizer: l&#8217;associazione dei consumatori ha presentato un esposto e contestuale diffida a sospendere la messa in onda dello spot pubblicitario relativo alla campagna &#8220;Affrontiamo insieme la Nuova Normalit\u00e0&#8221; promossa dall&#8217;industria farmaceutica in Italia. La pubblicit\u00e0 &hellip;<\/p>","protected":false},"author":4,"featured_media":74437,"comment_status":"closed","ping_status":"closed","sticky":false,"template":"","format":"standard","meta":{"footnotes":""},"categories":[1],"tags":[46],"class_list":["post-74433","post","type-post","status-publish","format-standard","has-post-thumbnail","hentry","category-notizie","tag-pfizer"],"amp_enabled":true,"_links":{"self":[{"href":"https:\/\/www.fedaiisf.it\/en\/wp-json\/wp\/v2\/posts\/74433","targetHints":{"allow":["GET"]}}],"collection":[{"href":"https:\/\/www.fedaiisf.it\/en\/wp-json\/wp\/v2\/posts"}],"about":[{"href":"https:\/\/www.fedaiisf.it\/en\/wp-json\/wp\/v2\/types\/post"}],"author":[{"embeddable":true,"href":"https:\/\/www.fedaiisf.it\/en\/wp-json\/wp\/v2\/users\/4"}],"replies":[{"embeddable":true,"href":"https:\/\/www.fedaiisf.it\/en\/wp-json\/wp\/v2\/comments?post=74433"}],"version-history":[{"count":2,"href":"https:\/\/www.fedaiisf.it\/en\/wp-json\/wp\/v2\/posts\/74433\/revisions"}],"predecessor-version":[{"id":74436,"href":"https:\/\/www.fedaiisf.it\/en\/wp-json\/wp\/v2\/posts\/74433\/revisions\/74436"}],"wp:featuredmedia":[{"embeddable":true,"href":"https:\/\/www.fedaiisf.it\/en\/wp-json\/wp\/v2\/media\/74437"}],"wp:attachment":[{"href":"https:\/\/www.fedaiisf.it\/en\/wp-json\/wp\/v2\/media?parent=74433"}],"wp:term":[{"taxonomy":"category","embeddable":true,"href":"https:\/\/www.fedaiisf.it\/en\/wp-json\/wp\/v2\/categories?post=74433"},{"taxonomy":"post_tag","embeddable":true,"href":"https:\/\/www.fedaiisf.it\/en\/wp-json\/wp\/v2\/tags?post=74433"}],"curies":[{"name":"wp","href":"https:\/\/api.w.org\/{rel}","templated":true}]}}