{"id":74461,"date":"2023-12-07T05:29:44","date_gmt":"2023-12-07T04:29:44","guid":{"rendered":"https:\/\/www.fedaiisf.it\/?p=74461"},"modified":"2023-12-14T12:41:54","modified_gmt":"2023-12-14T11:41:54","slug":"tagli-alla-sanita-si-vive-di-meno","status":"publish","type":"post","link":"https:\/\/www.fedaiisf.it\/en\/tagli-alla-sanita-si-vive-di-meno\/","title":{"rendered":"Tagli alla sanit\u00e0? Si vive di meno"},"content":{"rendered":"<header class=\"article-header\">\n<p class=\"article-lead\"><span style=\"font-size: 14pt;\">L\u2019ultimo rapporto Ocse attesta per gli italiani un\u2019aspettativa di vita scesa di un anno. Le cause sono chiare: <img loading=\"lazy\" decoding=\"async\" class=\"wp-image-877 alignright\" src=\"https:\/\/www.fedaiisf.it\/wp-content\/uploads\/2014\/07\/ocse.jpg\" alt=\"\" width=\"234\" height=\"224\" srcset=\"https:\/\/www.fedaiisf.it\/wp-content\/uploads\/2014\/07\/ocse.jpg 438w, https:\/\/www.fedaiisf.it\/wp-content\/uploads\/2014\/07\/ocse-300x287.jpg 300w\" sizes=\"auto, (max-width: 234px) 100vw, 234px\" \/>poco personale, poche risorse.<\/span><\/p>\n<p><span class=\"jsx-2021593298 jsx-3641481875 jsx-572277702 jsx-514244505 byline-name\"><span class=\"jsx-2021593298 jsx-3641481875 jsx-572277702 jsx-514244505 author-name\"><span class=\"jsx-2021593298 jsx-3641481875 jsx-572277702 jsx-514244505 author-name-text\"><a href=\"https:\/\/www.collettiva.it\/author\/roberta-lisi-nvhvcrdw\" target=\"_blank\" rel=\"noopener\">ROBERTA LISI<\/a><\/span><\/span><\/span><\/p>\n<p class=\"jsx-2021593298 jsx-3641481875 jsx-572277702 jsx-514244505 byline-card byline-type-author_role\"><a href=\"https:\/\/www.collettiva.it\/copertine\/welfare\/tagli-alla-sanita-vita-ridotta-iqx7jmj4\" target=\"_blank\" rel=\"noopener\">Collettiva &#8211; 06\/12\/23\u00a0<\/a><\/p>\n<\/header>\n<p class=\"jsx-3022063723 tags-wrapper\"><a href=\"https:\/\/www.collettiva.it\/tag\/%20salute\" target=\"_top\" rel=\"noopener\">HEALTH <\/a><a href=\"https:\/\/www.collettiva.it\/tag\/sanit%C3%A0\" target=\"_top\" rel=\"noopener\">HEALTHCARE <\/a><a href=\"https:\/\/www.collettiva.it\/tag\/aspettativa%20di%20vita\" target=\"_top\" rel=\"noopener\">ASPETTATIVA DI VITA<\/a><\/p>\n<div id=\"article-body\" class=\"article-body\">\n<p>Chi l\u2019avrebbe mai detto: non solo l\u2019Italia retrocede nella classifica dei Paesi pi\u00f9 longevi passando dal terzo al nono posto, ma la retrocessione non dipende dall\u2019aumento dell\u2019<strong>life expectation<\/strong> in altri Paesi, bens\u00ec dalla diminuzione di ben 12 mesi da noi bloccandoci a 82,7 anni. A dirlo \u00e8 l<strong>\u2019Ocse<\/strong> nel <a href=\"https:\/\/www.oecd-ilibrary.org\/sites\/7a7afb35-en\/index.html?itemId=\/content\/publication\/7a7afb35-en\" target=\"_blank\" rel=\"noopener\">Rapporto Health at a Glance<\/a>, una sorta di panoramica sulla salute mondiale.<\/p>\n<\/div>\n<p><span style=\"font-size: 24px; font-weight: bold;\">LE CAUSE DEL DISASTRO<\/span><\/p>\n<div id=\"article-body\" class=\"article-body\">\n<p>A scorrere il rapporto appare abbastanza chiaro che quanto registrato era facilmente prevedibile, visto che la <strong>spesa sanitaria pro capite italiana \u00e8 4.291dollari<\/strong>,ben al di sotto della media mondiale di 4.986. Se invece volgiamo lo sguardo all\u2019Europa c\u2019\u00e8 da mettersi davvero le mani nei capelli: in Germania la spesa pro-capite \u00e8 doppia rispetto all\u2019Italia pari a 8.000\u00a0dollari e in Francia \u00e8 superiore la nostra di circa un terzo arrivando a 6.630. In futuro, se non si torna a implementare il fondo sanitario, diversamente da quanto fatto in finanziaria\u00a0e da quanto annunciato nel Def dal governo, le cose andranno peggio. Basti pensare che l\u2019<strong>Organizzazione mondiale della sanit\u00e0 <\/strong>sostiene che una spesa sanitaria sotto il 6,5% del Pil mette a rischio la salute pubblica; ma Meloni e i suoi ministri hanno scritto nero su bianco che nel 2026 quella italiana scender\u00e0 al 6,1% passando al\u00a06,2 del 2024. Altro che i millantati aumenti della premier.<\/p>\n<h2>IL PERSONALE<\/h2>\n<p><a href=\"https:\/\/www.collettiva.it\/copertine\/welfare\/infermieri-pochi-sfruttati-mal-pagati-vwbyo7v1\" target=\"_blank\" rel=\"noopener\"><img loading=\"lazy\" decoding=\"async\" class=\"wp-image-74462 alignright\" src=\"https:\/\/www.fedaiisf.it\/wp-content\/uploads\/2023\/12\/welfare.png\" alt=\"\" width=\"381\" height=\"251\" srcset=\"https:\/\/www.fedaiisf.it\/wp-content\/uploads\/2023\/12\/welfare.png 485w, https:\/\/www.fedaiisf.it\/wp-content\/uploads\/2023\/12\/welfare-300x198.png 300w, https:\/\/www.fedaiisf.it\/wp-content\/uploads\/2023\/12\/welfare-18x12.png 18w\" sizes=\"auto, (max-width: 381px) 100vw, 381px\" \/><\/a>Pochi soldi, pochi medici e infermieri. Anzi da noi <strong>sono pochi e in fuga<\/strong>, visto i recentissimi provvedimenti che tagliano le pensioni per quei sanitari che andranno in quiescenza dal 1\u00b0 gennaio 2024. Secondo l\u2019Ocse a medici, in generale, non siamo messi malissimo visto che ne abbiamo 4,1 ogni mille abitanti contro i 3,7% della media Ocse, peccato che sono tanti nelle specializzazioni pi\u00f9 remunerative per attivit\u00e0 privata e assai pochi per quelle che remunerative non lo sono, a cominciare da quelli di medicina generale o da quelli di emergenza urgenza. Ma pochi davvero troppo pochi sono <strong>gli infermiere e le infermiere<\/strong>: 6,2 ogni mille abitanti a fronte dei 9,2 della media Ocse.<\/p>\n<h2>POI I POSTI LETTO<\/h2>\n<p>Pochi medici, pochi infermieri e pochi pure i <strong>posti letti ospedalieri<\/strong>. Il gioco della perdita di salute \u00e8 fatto. Da noi i posti letto sono 3,1 ogni mille\u00a0abitanti, la media Ocse ne conta 4,3 mentre in Germania sono 7,8 e in Francia 5,7. Ecco svelato perch\u00e9 nel 2020 i malati Covid italiani finivano negli ospedali oltre confine. E per di pi\u00f9, come purtroppo ben sappiamo, scarseggiano pure ambulatori e presidi territoriali.<\/p>\n<p><a href=\"https:\/\/www.collettiva.it\/copertine\/welfare\/liste-di-attesa-malattia-gravissima-ceizagq5\" target=\"_blank\" rel=\"noopener\"><img loading=\"lazy\" decoding=\"async\" class=\"wp-image-74463 alignleft\" src=\"https:\/\/www.fedaiisf.it\/wp-content\/uploads\/2023\/12\/liste-attesa.png\" alt=\"\" width=\"427\" height=\"282\" srcset=\"https:\/\/www.fedaiisf.it\/wp-content\/uploads\/2023\/12\/liste-attesa.png 485w, https:\/\/www.fedaiisf.it\/wp-content\/uploads\/2023\/12\/liste-attesa-300x198.png 300w, https:\/\/www.fedaiisf.it\/wp-content\/uploads\/2023\/12\/liste-attesa-18x12.png 18w\" sizes=\"auto, (max-width: 427px) 100vw, 427px\" \/><\/a>Le conclusioni sono davvero amare: pochi medici, pochissimi infermieri, gli uni e gli altri mal pagati e sottoposti a stress da doppi turni e pochi riposi, oltre che da condizioni di lavoro davvero a volte estreme. Inevitabilmente poche\u00a0anche le cure e a scadere a volte \u00e8 anche la qualit\u00e0. Ecco spiegata la riduzione dell\u2019aspettativa di vita di cittadini e cittadine del Paese.<\/p>\n<\/div>\n<p>&nbsp;<\/p>\n<h2>COSA SERVIREBBE<\/h2>\n<p>La Cgil lo afferma da tempo, lo ricorda <strong>Daniela Barbaresi<\/strong>, segretaria confederale: \u201cPer raggiungere il livello della spesa media europea, al servizio sanitario nazionale italiano occorrerebbero 50 miliardi di euro in pi\u00f9 all\u2019anno e almeno 35 miliardi per raggiungere la media Ocse\u201d. Serve un piano straordinario di assunzioni, ma nella legge di bilancio non v\u2019\u00e8 traccia delle risorse necessarie ma sono stanziate solo per pagare un po\u2019 di pi\u00f9 di straordinario, quando gi\u00e0 quello che si fa \u00e8 troppo. Serve costruire davvero la sanit\u00e0 di territorio, ma non solo il ministro Fitto e il governo hanno ridotto il numero di case e ospedali di comunit\u00e0,\u00a0non hanno stanziato\u00a0le risorse per consentire il funzionamento di quelle che si costruiranno. Serve un\u2019alleanza tra cittadini cittadine, operatori e operatrici sanitari, lavoratori e lavoratrici per ridare vita a quel grande movimento che negli anni settanta del \u2018900 port\u00f2 all\u2019istituzione del servizio sanitario nazionale. Oggi dobbiamo salvarlo e rilanciarlo.<\/p>\n<p>Related news: <a href=\"https:\/\/www.istat.it\/demografiadelleuropa\/bloc-2c.html?lang=it#:~:text=Nel%202020%2C%20la%20pi\u00f9%20alta,(entrambe%2075%2C7).\" target=\"_blank\" rel=\"noopener\">ISTAT. Le donne vivono pi\u00f9 a lungo<\/a><\/p>\n<p><a href=\"https:\/\/www.fedaiisf.it\/wp-content\/uploads\/2023\/12\/Aspettativa_vita_pensionati_di_vecchiaia_ultimo_triennio.pdf\" target=\"_blank\" rel=\"noopener\">INPS. L\u2019aspettativa di vita dei pensionati di vecchiaia nell\u2019ultimo triennio<\/a><\/p>\n<p><a href=\"https:\/\/www.salute.gov.it\/imgs\/C_17_pubblicazioni_3384_allegato.pdf\" target=\"_blank\" rel=\"noopener\">Estate 2023: riduzione dell\u2019impatto sulla mortalita\u0300 delle ondate di calore, i fattori di rischio ed il ruolo degli interventi di prevenzione<\/a><\/p>\n<p>&nbsp;<\/p>\n<p>&nbsp;<\/p>","protected":false},"excerpt":{"rendered":"<p>L\u2019ultimo rapporto Ocse attesta per gli italiani un\u2019aspettativa di vita scesa di un anno. Le cause sono chiare: poco personale, poche risorse. ROBERTA LISI Collettiva &#8211; 06\/12\/23\u00a0 SALUTE SANIT\u00c0 ASPETTATIVA DI VITA Chi l\u2019avrebbe mai detto: non solo l\u2019Italia retrocede nella classifica dei Paesi pi\u00f9 longevi passando dal terzo al nono posto, ma la retrocessione &hellip;<\/p>","protected":false},"author":4,"featured_media":26573,"comment_status":"closed","ping_status":"closed","sticky":false,"template":"","format":"standard","meta":{"footnotes":""},"categories":[1],"tags":[79],"class_list":["post-74461","post","type-post","status-publish","format-standard","has-post-thumbnail","hentry","category-notizie","tag-ssn"],"amp_enabled":true,"_links":{"self":[{"href":"https:\/\/www.fedaiisf.it\/en\/wp-json\/wp\/v2\/posts\/74461","targetHints":{"allow":["GET"]}}],"collection":[{"href":"https:\/\/www.fedaiisf.it\/en\/wp-json\/wp\/v2\/posts"}],"about":[{"href":"https:\/\/www.fedaiisf.it\/en\/wp-json\/wp\/v2\/types\/post"}],"author":[{"embeddable":true,"href":"https:\/\/www.fedaiisf.it\/en\/wp-json\/wp\/v2\/users\/4"}],"replies":[{"embeddable":true,"href":"https:\/\/www.fedaiisf.it\/en\/wp-json\/wp\/v2\/comments?post=74461"}],"version-history":[{"count":11,"href":"https:\/\/www.fedaiisf.it\/en\/wp-json\/wp\/v2\/posts\/74461\/revisions"}],"predecessor-version":[{"id":74558,"href":"https:\/\/www.fedaiisf.it\/en\/wp-json\/wp\/v2\/posts\/74461\/revisions\/74558"}],"wp:featuredmedia":[{"embeddable":true,"href":"https:\/\/www.fedaiisf.it\/en\/wp-json\/wp\/v2\/media\/26573"}],"wp:attachment":[{"href":"https:\/\/www.fedaiisf.it\/en\/wp-json\/wp\/v2\/media?parent=74461"}],"wp:term":[{"taxonomy":"category","embeddable":true,"href":"https:\/\/www.fedaiisf.it\/en\/wp-json\/wp\/v2\/categories?post=74461"},{"taxonomy":"post_tag","embeddable":true,"href":"https:\/\/www.fedaiisf.it\/en\/wp-json\/wp\/v2\/tags?post=74461"}],"curies":[{"name":"wp","href":"https:\/\/api.w.org\/{rel}","templated":true}]}}