{"id":74608,"date":"2023-12-17T12:13:10","date_gmt":"2023-12-17T11:13:10","guid":{"rendered":"https:\/\/www.fedaiisf.it\/?p=74608"},"modified":"2023-12-20T12:44:26","modified_gmt":"2023-12-20T11:44:26","slug":"sez-aiisf-napoli-per-la-cooperativa-luomo-e-il-legno","status":"publish","type":"post","link":"https:\/\/www.fedaiisf.it\/en\/sez-aiisf-napoli-per-la-cooperativa-luomo-e-il-legno\/","title":{"rendered":"Sez. AIISF Napoli per la Cooperativa &#8220;L&#8217;uomo e il Legno&#8221;"},"content":{"rendered":"<p><span style=\"font-size: 14pt;\">Aiisf Napoli, Federata Fedaiisf, in occasione delle festivit\u00e0 Natalizie, ha deciso di raccogliere fondi per la <img loading=\"lazy\" decoding=\"async\" class=\"wp-image-74616 alignright\" src=\"https:\/\/www.fedaiisf.it\/wp-content\/uploads\/2023\/12\/napoli-natale.png\" alt=\"\" width=\"364\" height=\"132\" srcset=\"https:\/\/www.fedaiisf.it\/wp-content\/uploads\/2023\/12\/napoli-natale.png 482w, https:\/\/www.fedaiisf.it\/wp-content\/uploads\/2023\/12\/napoli-natale-300x109.png 300w, https:\/\/www.fedaiisf.it\/wp-content\/uploads\/2023\/12\/napoli-natale-18x7.png 18w\" sizes=\"auto, (max-width: 364px) 100vw, 364px\" \/>Cooperativa &#8221; L&#8217;uomo e il Legno&#8221; che opera sul territorio di Napoli.<\/span><\/p>\n<p><span style=\"font-size: 14pt;\">La scelta non \u00e9 casuale perch\u00e9 abbiamo voluto sostenere un&#8217;associazione che lotta ogni giorno contro il pregiudizio e si attiva per dare opportunit\u00e0 lavorative a coloro che molto spesso vivono ai margini della societ\u00e0. Operano una formazione specifica con attivit\u00e0 di laboratorio creativo che impegna e gratifica coloro che vivono un disagio sociale.<\/span><\/p>\n<p><span style=\"font-size: 14pt;\">La nostra categoria ha subito e subisce tuttora il pregiudizio di chi non conosce il ruolo e le competenze che ci appartengono. Chi pi\u00f9 di noi pu\u00f2 capire il disagio di lottare contro lo stigma.<\/span><\/p>\n<p><span style=\"font-size: 14pt;\">Ecco perch\u00e9 abbiamo deciso di dare una mano a Rita Caprio, e ai suoi amici della cooperativa. E ne siamo fieramente orgogliosi.<\/span><\/p>\n<p><span style=\"font-size: 14pt;\">Direttivo Aiisf, Sez. Napoli<\/span><\/p>\n<hr \/>\n<p>I ringraziamenti della Presidente della Cooperativa, Rita Caprio<\/p>\n<p><span style=\"font-size: 14pt;\"><em><img loading=\"lazy\" decoding=\"async\" class=\"wp-image-74617 alignleft\" src=\"https:\/\/www.fedaiisf.it\/wp-content\/uploads\/2023\/12\/luomo-e-il-legnp-napoli.png\" alt=\"\" width=\"341\" height=\"370\" srcset=\"https:\/\/www.fedaiisf.it\/wp-content\/uploads\/2023\/12\/luomo-e-il-legnp-napoli.png 802w, https:\/\/www.fedaiisf.it\/wp-content\/uploads\/2023\/12\/luomo-e-il-legnp-napoli-276x300.png 276w, https:\/\/www.fedaiisf.it\/wp-content\/uploads\/2023\/12\/luomo-e-il-legnp-napoli-768x835.png 768w, https:\/\/www.fedaiisf.it\/wp-content\/uploads\/2023\/12\/luomo-e-il-legnp-napoli-11x12.png 11w\" sizes=\"auto, (max-width: 341px) 100vw, 341px\" \/>\u00c8 con un estremo senso di gratitudine che scrivo queste righe, dopo essere venuta a conoscenza della scelta di Aiisf Napoli, di sostenere la nostra Cooperativa, che ormai da quasi trent\u2019anni cerca di mettere in campo iniziative, attivit\u00e0 e percorsi di accompagnamento all\u2019autonomia di tutti coloro che vivono una condizione di svantaggio da cui faticano a uscire. <\/em><\/span><\/p>\n<p><span style=\"font-size: 14pt;\"><em>Nel corso degli anni ci siamo sperimentati in diversi settori e con diversi target di utenti, consolidando e portando avanti l\u2019obiettivo di esaltare la centralit\u00e0 della persona. Nel nostro lavoro \u00e8 fondamentale il valore dei rapporti umani, della rete, dell\u2019incontro, proprio come quello che \u00e8 avvenuto fra la nostra realt\u00e0 e la vostra, che pu\u00f2 dare avvio a percorsi comuni. <\/em><\/span><\/p>\n<p><span style=\"font-size: 14pt;\"><em>Ringraziamo di cuore chi ha scelto di sostenere le nostre attivit\u00e0, speriamo che le nostre strade continuino ad incontrarsi in futuro a partire da questo bell\u2019incontro. In queste festivit\u00e0 tante persone hanno bisogno della vostra vicinanza Grazie di cuore\u00a0<\/em><\/span><\/p>\n<p><span style=\"font-size: 14pt;\"><em>Rita Caprio<\/em><\/span><br \/>\n<span style=\"font-size: 14pt;\"><em>Presidente Cooperativa<\/em><\/span><br \/>\n<span style=\"font-size: 14pt;\"><em>L&#8217;uomo e il Legno<\/em><\/span><\/p>\n<hr \/>\n<p><span style=\"color: #ff0000;\"><strong>\u2192<\/strong><\/span><a href=\"https:\/\/www.fedaiisf.it\/wp-content\/uploads\/2023\/12\/attivita-educative.pdf\" target=\"_blank\" rel=\"noopener\">\u00a0Attivit\u00e0 Educative<\/a><\/p>\n<hr \/>\n<p>&nbsp;<\/p>","protected":false},"excerpt":{"rendered":"<p>Aiisf Napoli, Federata Fedaiisf, in occasione delle festivit\u00e0 Natalizie, ha deciso di raccogliere fondi per la Cooperativa &#8221; L&#8217;uomo e il Legno&#8221; che opera sul territorio di Napoli. La scelta non \u00e9 casuale perch\u00e9 abbiamo voluto sostenere un&#8217;associazione che lotta ogni giorno contro il pregiudizio e si attiva per dare opportunit\u00e0 lavorative a coloro che &hellip;<\/p>","protected":false},"author":4,"featured_media":74621,"comment_status":"closed","ping_status":"closed","sticky":false,"template":"","format":"standard","meta":{"footnotes":""},"categories":[14],"tags":[45],"class_list":["post-74608","post","type-post","status-publish","format-standard","has-post-thumbnail","hentry","category-news-fedaiisf","tag-fedaiisf"],"amp_enabled":true,"_links":{"self":[{"href":"https:\/\/www.fedaiisf.it\/en\/wp-json\/wp\/v2\/posts\/74608","targetHints":{"allow":["GET"]}}],"collection":[{"href":"https:\/\/www.fedaiisf.it\/en\/wp-json\/wp\/v2\/posts"}],"about":[{"href":"https:\/\/www.fedaiisf.it\/en\/wp-json\/wp\/v2\/types\/post"}],"author":[{"embeddable":true,"href":"https:\/\/www.fedaiisf.it\/en\/wp-json\/wp\/v2\/users\/4"}],"replies":[{"embeddable":true,"href":"https:\/\/www.fedaiisf.it\/en\/wp-json\/wp\/v2\/comments?post=74608"}],"version-history":[{"count":8,"href":"https:\/\/www.fedaiisf.it\/en\/wp-json\/wp\/v2\/posts\/74608\/revisions"}],"predecessor-version":[{"id":74623,"href":"https:\/\/www.fedaiisf.it\/en\/wp-json\/wp\/v2\/posts\/74608\/revisions\/74623"}],"wp:featuredmedia":[{"embeddable":true,"href":"https:\/\/www.fedaiisf.it\/en\/wp-json\/wp\/v2\/media\/74621"}],"wp:attachment":[{"href":"https:\/\/www.fedaiisf.it\/en\/wp-json\/wp\/v2\/media?parent=74608"}],"wp:term":[{"taxonomy":"category","embeddable":true,"href":"https:\/\/www.fedaiisf.it\/en\/wp-json\/wp\/v2\/categories?post=74608"},{"taxonomy":"post_tag","embeddable":true,"href":"https:\/\/www.fedaiisf.it\/en\/wp-json\/wp\/v2\/tags?post=74608"}],"curies":[{"name":"wp","href":"https:\/\/api.w.org\/{rel}","templated":true}]}}