{"id":7464,"date":"2015-01-23T11:42:48","date_gmt":"2015-01-23T10:42:48","guid":{"rendered":"http:\/\/www.fedaiisf.it\/?p=7464"},"modified":"2015-01-23T11:49:33","modified_gmt":"2015-01-23T10:49:33","slug":"francia-manifestazione-di-isf-della-lilly-per-salvare-il-loro-posto-di-lavoro","status":"publish","type":"post","link":"https:\/\/www.fedaiisf.it\/en\/francia-manifestazione-di-isf-della-lilly-per-salvare-il-loro-posto-di-lavoro\/","title":{"rendered":"France. Lilly&#039;s ISF rally to save their jobs"},"content":{"rendered":"<h1><span style=\"color: #ff0000;\">Les visiteurs m\u00e9dicaux veulent sauver leur emploi<\/span><\/h1>\n<p><span><span><img loading=\"lazy\" decoding=\"async\" class=\"alignleft\" alt=\"\" src=\"http:\/\/assets.jobteaser.com\/video\/previews\/15270\/original.jpg?1367856321\" width=\"300\" height=\"148\" \/>Neuilly ieri.\u00a0<\/span><span>I dipendenti di Lilly France, la casa farmaceutica che produce in particolare il Prozac, antidepressivo noto, si sono riuniti davanti alla sede della societ\u00e0, sulla Ile de la Jatte.\u00a0<\/span><\/span><\/p>\n<p>Pi\u00f9 di un centinaio di dipendenti della societ\u00e0 farmaceutica Lilly France hanno dimostrato ieri davanti alla sede della societ\u00e0, Vital-Bouhot Boulevard, sull&#8217;isola di la Jatte a Neuilly.<\/p>\n<p><a href=\"http:\/\/www.leparisien.fr\/espace-premium\/hauts-de-seine-92\/les-visiteurs-medicaux-veulent-sauver-leur-emploi-23-01-2015-4470435.php\" target=\"_blank\" rel=\"noopener\">23 Gennaio 2015 &#8211; Le Parisien<\/a><\/p>\n<p><em>Related news<\/em>: <a href=\"http:\/\/www.fedaiisf.it\/en\/lilly-azienda-farmaceutica-vuole-tagliare-158-posti-di-isf-francia\/\" target=\"_blank\">Lilly pharmaceutical company wants to cut 158 posts of ISF in France<\/a><\/p>\n<p><a href=\"http:\/\/www.fedaiisf.it\/en\/francia-statuto-per-regolare-lattivita-degli-informatori-scientifici\/\" target=\"_blank\">France. A new statute to regulate the activity of Scientific Informers<\/a><\/p>\n<p><img loading=\"lazy\" decoding=\"async\" class=\"aligncenter\" alt=\"\" src=\"https:\/\/www.lilly.fr\/global\/img\/FR\/A-propos\/siege_social.jpg\" width=\"496\" height=\"331\" \/><\/p>","protected":false},"excerpt":{"rendered":"<p>Les visiteurs m\u00e9dicaux veulent sauver leur emploi Neuilly ieri.\u00a0I dipendenti di Lilly France, la casa farmaceutica che produce in particolare il Prozac, antidepressivo noto, si sono riuniti davanti alla sede della societ\u00e0, sulla Ile de la Jatte.\u00a0 Pi\u00f9 di un centinaio di dipendenti della societ\u00e0 farmaceutica Lilly France hanno dimostrato ieri davanti alla sede della &hellip;<\/p>","protected":false},"author":4,"featured_media":7468,"comment_status":"closed","ping_status":"closed","sticky":false,"template":"","format":"standard","meta":{"footnotes":""},"categories":[1],"tags":[21,27],"class_list":["post-7464","post","type-post","status-publish","format-standard","has-post-thumbnail","hentry","category-notizie","tag-informatori-scientifici","tag-licenziati"],"amp_enabled":true,"_links":{"self":[{"href":"https:\/\/www.fedaiisf.it\/en\/wp-json\/wp\/v2\/posts\/7464","targetHints":{"allow":["GET"]}}],"collection":[{"href":"https:\/\/www.fedaiisf.it\/en\/wp-json\/wp\/v2\/posts"}],"about":[{"href":"https:\/\/www.fedaiisf.it\/en\/wp-json\/wp\/v2\/types\/post"}],"author":[{"embeddable":true,"href":"https:\/\/www.fedaiisf.it\/en\/wp-json\/wp\/v2\/users\/4"}],"replies":[{"embeddable":true,"href":"https:\/\/www.fedaiisf.it\/en\/wp-json\/wp\/v2\/comments?post=7464"}],"version-history":[{"count":0,"href":"https:\/\/www.fedaiisf.it\/en\/wp-json\/wp\/v2\/posts\/7464\/revisions"}],"wp:featuredmedia":[{"embeddable":true,"href":"https:\/\/www.fedaiisf.it\/en\/wp-json\/wp\/v2\/media\/7468"}],"wp:attachment":[{"href":"https:\/\/www.fedaiisf.it\/en\/wp-json\/wp\/v2\/media?parent=7464"}],"wp:term":[{"taxonomy":"category","embeddable":true,"href":"https:\/\/www.fedaiisf.it\/en\/wp-json\/wp\/v2\/categories?post=7464"},{"taxonomy":"post_tag","embeddable":true,"href":"https:\/\/www.fedaiisf.it\/en\/wp-json\/wp\/v2\/tags?post=7464"}],"curies":[{"name":"wp","href":"https:\/\/api.w.org\/{rel}","templated":true}]}}