{"id":74733,"date":"2023-12-28T11:35:11","date_gmt":"2023-12-28T10:35:11","guid":{"rendered":"https:\/\/www.fedaiisf.it\/?p=74733"},"modified":"2023-12-28T11:46:08","modified_gmt":"2023-12-28T10:46:08","slug":"bayer-vince-una-causa-sul-glifosato-in-california-titolo-in-rialzo","status":"publish","type":"post","link":"https:\/\/www.fedaiisf.it\/en\/bayer-vince-una-causa-sul-glifosato-in-california-titolo-in-rialzo\/","title":{"rendered":"Bayer vince una causa sul Glifosato in California. Titolo in rialzo"},"content":{"rendered":"<p>Bayer ha vinto un processo in una causa intentata da un uomo californiano che ha affermato di aver sviluppato <img loading=\"lazy\" decoding=\"async\" class=\"wp-image-45228 alignright\" src=\"https:\/\/www.fedaiisf.it\/wp-content\/uploads\/2019\/07\/Bayer-glifosato-roundup.jpg\" alt=\"\" width=\"427\" height=\"233\" srcset=\"https:\/\/www.fedaiisf.it\/wp-content\/uploads\/2019\/07\/Bayer-glifosato-roundup.jpg 1193w, https:\/\/www.fedaiisf.it\/wp-content\/uploads\/2019\/07\/Bayer-glifosato-roundup-300x164.jpg 300w, https:\/\/www.fedaiisf.it\/wp-content\/uploads\/2019\/07\/Bayer-glifosato-roundup-1024x559.jpg 1024w, https:\/\/www.fedaiisf.it\/wp-content\/uploads\/2019\/07\/Bayer-glifosato-roundup-768x419.jpg 768w\" sizes=\"auto, (max-width: 427px) 100vw, 427px\" \/>il cancro a causa dell&#8217;esposizione al suo diserbante Roundup (glifosato), ponendo fine a quella che era stata una serie di cinque sconfitte consecutive per l&#8217;azienda in processi su affermazioni simili.<\/p>\n<p>Il verdetto \u00e8 stato emesso venerd\u00ec da una giuria della Corte Superiore della contea di San Benito, in California, ha annunciato la Bayer. La societ\u00e0 ha affermato in una nota che il verdetto era &#8220;coerente con le prove in questo caso che Roundup non causa il cancro e non \u00e8 responsabile della malattia del querelante&#8221;.<\/p>\n<p>Gli avvocati del querelante Bruce Jones non hanno risposto immediatamente alle richieste di commento. Come la maggior parte dei querelanti nelle cause Roundup, Jones ha affermato che il prodotto gli ha causato lo sviluppo di una forma di cancro chiamata linfoma non Hodgkin.<\/p>\n<p>Sono state avanzate circa 165.000 richieste di risarcimento contro la societ\u00e0 per lesioni personali presumibilmente causate da Roundup, che Bayer ha acquisito come parte dell&#8217;acquisto da 63 miliardi di dollari della societ\u00e0 agrochimica statunitense Monsanto nel 2018.<\/p>\n<p>Before the <a href=\"https:\/\/www.reuters.com\/business\/healthcare-pharmaceuticals\/bayer-confronts-mounting-roundup-losses-all-eyes-philadelphia-trial-2023-12-04\/\" target=\"_blank\" rel=\"noopener\">recente serie di cause perse<\/a>, che ha prodotto verdetti contro la societ\u00e0 per un totale di oltre 2 miliardi di dollari, Bayer aveva vinto nove processi consecutivi, il che significa che ora ne ha vinto 10 negli ultimi 15 processi. Si prevede che altri casi verranno processati nel prossimo anno.<\/p>\n<p>Bayer sta facendo appello contro i verdetti contro di lei, che includono ingenti risarcimenti per danni punitivi <img loading=\"lazy\" decoding=\"async\" class=\"wp-image-74088 alignleft\" src=\"https:\/\/www.fedaiisf.it\/wp-content\/uploads\/2023\/11\/bill-anderson-ceo-bayer.jpeg\" alt=\"\" width=\"316\" height=\"178\" srcset=\"https:\/\/www.fedaiisf.it\/wp-content\/uploads\/2023\/11\/bill-anderson-ceo-bayer.jpeg 1280w, https:\/\/www.fedaiisf.it\/wp-content\/uploads\/2023\/11\/bill-anderson-ceo-bayer-300x169.jpeg 300w, https:\/\/www.fedaiisf.it\/wp-content\/uploads\/2023\/11\/bill-anderson-ceo-bayer-1024x576.jpeg 1024w, https:\/\/www.fedaiisf.it\/wp-content\/uploads\/2023\/11\/bill-anderson-ceo-bayer-768x432.jpeg 768w, https:\/\/www.fedaiisf.it\/wp-content\/uploads\/2023\/11\/bill-anderson-ceo-bayer-18x10.jpeg 18w, https:\/\/www.fedaiisf.it\/wp-content\/uploads\/2023\/11\/bill-anderson-ceo-bayer-390x220.jpeg 390w\" sizes=\"auto, (max-width: 316px) 100vw, 316px\" \/>che probabilmente saranno ridotti perch\u00e9 superano le linee guida della Corte Suprema degli Stati Uniti.<\/p>\n<p>Le perdite avevano portato alcuni investitori a mettere in discussione la strategia legale della Bayer nella difesa dei casi Roundup. La societ\u00e0 ha <a href=\"https:\/\/www.reuters.com\/business\/bayer-says-it-is-keeping-strict-line-settling-glyphosate-litigation-2023-11-08\/\" target=\"_blank\" rel=\"noopener\">dichiarato il mese scorso<\/a> che avrebbe continuato a combattere i casi in tribunale e non aveva &#8220;nessuna voglia di scrivere assegni giganteschi&#8221; per risolverli.<\/p>\n<p>Nel 2020, Bayer ha risolto la maggior parte dei casi Roundup allora pendenti per un massimo di 9,6 miliardi di dollari, ma non \u00e8 riuscita a ottenere un accordo che coprisse casi futuri. Rimangono pendenti pi\u00f9 di 50.000 richieste.<\/p>\n<p>Reporting di <a href=\"https:\/\/www.reuters.com\/authors\/brendan-pierson\/\" target=\"_blank\" rel=\"noopener\">Brendan Pierson<\/a> a New York; montaggio di Diane Craft<\/p>\n<p><a href=\"https:\/\/www.reuters.com\/legal\/bayer-wins-latest-roundup-cancer-trial-ending-losing-streak-2023-12-23\/\" target=\"_blank\" rel=\"noopener\">Reuters &#8211; Dec 23<\/a><\/p>\n<p><a href=\"https:\/\/www.reuters.com\/markets\/europe\/european-shares-edge-higher-start-holiday-thinned-week-2023-12-27\/\" target=\"_blank\" rel=\"noopener\">Dec 27 (Reuters)<\/a> &#8211;\u00a0Il titolo <a href=\"https:\/\/www.reuters.com\/legal\/bayer-wins-latest-roundup-cancer-trial-ending-losing-streak-2023-12-23\/\" target=\"_blank\" rel=\"noopener\">Bayer<\/a> <a href=\"https:\/\/www.reuters.com\/markets\/companies\/BAYGn.DE\" target=\"_blank\" rel=\"noopener\">(BAYGn.DE<\/a>) a Francoforte \u00e8 salito del 2,3% dopo che il gruppo tedesco specializzato in pesticidi ha dichiarato di aver vinto una causa intentata da un uomo californiano che affermava di aver sviluppato il cancro a causa dell&#8217;esposizione al suo diserbante Roundup. Il titolo \u00e8 stato scambiato a 33,42 euro per azione, dopo aver raggiunto un massimo di 33,65 euro, quando il Dax segna +0,23%<\/p>\n<p>Related news: <a href=\"https:\/\/www.bayer.com\/en\/glyphosate\/glyphosate-roundup\" target=\"_blank\" rel=\"noopener\">Bayer. Let\u2019s Talk About Glyphosate<\/a><\/p>\n<p style=\"font-weight: 400;\"><a href=\"https:\/\/www.fedaiisf.it\/en\/in-usa-ancora-guai-per-monsanto-bayer-condanna-per-857-milioni\/\" target=\"_blank\" rel=\"noopener\">In USA ancora guai per Monsanto (Bayer). Condanna per 857 milioni<\/a><\/p>\n<p>&nbsp;<\/p>","protected":false},"excerpt":{"rendered":"<p>Bayer ha vinto un processo in una causa intentata da un uomo californiano che ha affermato di aver sviluppato il cancro a causa dell&#8217;esposizione al suo diserbante Roundup (glifosato), ponendo fine a quella che era stata una serie di cinque sconfitte consecutive per l&#8217;azienda in processi su affermazioni simili. Il verdetto \u00e8 stato emesso venerd\u00ec &hellip;<\/p>","protected":false},"author":4,"featured_media":74741,"comment_status":"closed","ping_status":"closed","sticky":false,"template":"","format":"standard","meta":{"footnotes":""},"categories":[1],"tags":[47,41],"class_list":["post-74733","post","type-post","status-publish","format-standard","has-post-thumbnail","hentry","category-notizie","tag-big-pharma","tag-leggisentenze"],"amp_enabled":true,"_links":{"self":[{"href":"https:\/\/www.fedaiisf.it\/en\/wp-json\/wp\/v2\/posts\/74733","targetHints":{"allow":["GET"]}}],"collection":[{"href":"https:\/\/www.fedaiisf.it\/en\/wp-json\/wp\/v2\/posts"}],"about":[{"href":"https:\/\/www.fedaiisf.it\/en\/wp-json\/wp\/v2\/types\/post"}],"author":[{"embeddable":true,"href":"https:\/\/www.fedaiisf.it\/en\/wp-json\/wp\/v2\/users\/4"}],"replies":[{"embeddable":true,"href":"https:\/\/www.fedaiisf.it\/en\/wp-json\/wp\/v2\/comments?post=74733"}],"version-history":[{"count":10,"href":"https:\/\/www.fedaiisf.it\/en\/wp-json\/wp\/v2\/posts\/74733\/revisions"}],"predecessor-version":[{"id":74744,"href":"https:\/\/www.fedaiisf.it\/en\/wp-json\/wp\/v2\/posts\/74733\/revisions\/74744"}],"wp:featuredmedia":[{"embeddable":true,"href":"https:\/\/www.fedaiisf.it\/en\/wp-json\/wp\/v2\/media\/74741"}],"wp:attachment":[{"href":"https:\/\/www.fedaiisf.it\/en\/wp-json\/wp\/v2\/media?parent=74733"}],"wp:term":[{"taxonomy":"category","embeddable":true,"href":"https:\/\/www.fedaiisf.it\/en\/wp-json\/wp\/v2\/categories?post=74733"},{"taxonomy":"post_tag","embeddable":true,"href":"https:\/\/www.fedaiisf.it\/en\/wp-json\/wp\/v2\/tags?post=74733"}],"curies":[{"name":"wp","href":"https:\/\/api.w.org\/{rel}","templated":true}]}}