{"id":74812,"date":"2024-01-08T05:49:10","date_gmt":"2024-01-08T04:49:10","guid":{"rendered":"https:\/\/www.fedaiisf.it\/?p=74812"},"modified":"2024-01-08T11:21:30","modified_gmt":"2024-01-08T10:21:30","slug":"legge-di-bilancio-2024-piu-risorse-per-valorizzare-gli-operatori-sanitari-ridurre-le-liste-dattesa-e-migliorare-i-servizi","status":"publish","type":"post","link":"https:\/\/www.fedaiisf.it\/en\/legge-di-bilancio-2024-piu-risorse-per-valorizzare-gli-operatori-sanitari-ridurre-le-liste-dattesa-e-migliorare-i-servizi\/","title":{"rendered":"Legge di Bilancio 2024. Pi\u00f9 risorse per valorizzare gli operatori sanitari, ridurre le liste d\u2019attesa e migliorare i servizi"},"content":{"rendered":"<p>Ministry of Health<\/p>\n<p>Il 1\u00b0 gennaio 2024 \u00e8 entrata in vigore la <a title=\"open external site\" href=\"https:\/\/www.trovanorme.salute.gov.it\/norme\/dettaglioAtto?id=98173\" target=\"_blank\" rel=\"noopener\">Legge di Bilancio 2024<\/a>. \u201cAbbiamo approvato una manovra finanziaria che interviene su due grandi urgenze: ridurre le liste d\u2019attesa e valorizzare il personale sanitario. <strong>In tre anni <img loading=\"lazy\" decoding=\"async\" class=\"wp-image-73107 alignleft\" src=\"https:\/\/www.fedaiisf.it\/wp-content\/uploads\/2023\/08\/Schermata-2023-08-23-alle-20.23.35.png\" alt=\"\" width=\"444\" height=\"191\" srcset=\"https:\/\/www.fedaiisf.it\/wp-content\/uploads\/2023\/08\/Schermata-2023-08-23-alle-20.23.35.png 925w, https:\/\/www.fedaiisf.it\/wp-content\/uploads\/2023\/08\/Schermata-2023-08-23-alle-20.23.35-300x129.png 300w, https:\/\/www.fedaiisf.it\/wp-content\/uploads\/2023\/08\/Schermata-2023-08-23-alle-20.23.35-768x330.png 768w, https:\/\/www.fedaiisf.it\/wp-content\/uploads\/2023\/08\/Schermata-2023-08-23-alle-20.23.35-18x8.png 18w\" sizes=\"auto, (max-width: 444px) 100vw, 444px\" \/>destiniamo 11,2 miliardi di euro in pi\u00f9 al fondo sanitario<\/strong>. Garantiamo risorse importanti per il <strong>rinnovo dei contratti degli operatori sanitari<\/strong>, aumentiamo la remunerazione delle prestazioni aggiuntive e si rifinanziano i piani operativi delle Regioni per <strong>ridurre le liste d\u2019attesa<\/strong>. Aumentano le risorse per il fondo dell\u2019Alzheimer, garantiamo fondi per l\u2019aggiornamento dei Lea e per rafforzare l\u2019assistenza territoriale con nuove assunzioni.<\/p>\n<p>Abbiamo salvaguardato il personale sanitario dagli effetti della norma sulle pensioni escludendo i trattamenti di vecchiaia e limitando l\u2019impatto sulle pensioni anticipate. Sono solo alcune delle misure che dimostrano come la salute sia una priorit\u00e0 di questo Governo\u201d. \u00c8 quanto dichiara il Ministro della Salute, Orazio Schillaci. \u201cNel corso del prossimo anno, contando sul proficuo coinvolgimento del Parlamento, saremo impegnati a portare a compimento i disegni di legge collegati alla manovra per la riorganizzazione della rete ospedaliera e il riordino delle professioni sanitarie. Abbiamo posto le basi per modernizzare e rendere ancora pi\u00f9 efficiente il nostro servizio sanitario nazionale che \u00e8, e resta, pubblico e universalistico\u201d.<\/p>\n<p><strong>LE PRINCIPALI MISURE<\/strong><\/p>\n<p><strong>Incremento risorse Fondo Sanitario Nazionale<\/strong><\/p>\n<ul>\n<li>2024: 3 miliardi di euro in pi\u00f9 che si aggiungono ai 2,3 gi\u00e0 stanziati con la legge di bilancio 2023. In tutto 5,3 miliardi per il solo 2024<\/li>\n<li>2025: 4 miliardi di euro in pi\u00f9 che si aggiungono ai 2,6 miliardi gi\u00e0 stanziati<\/li>\n<li>2026: 4,2 miliardi di euro in pi\u00f9 che si aggiungono ai 2,6 miliardi gi\u00e0 stanziati<\/li>\n<\/ul>\n<p><strong>Rinnovo contrattuale Personale sanitario<\/strong><\/p>\n<p>2,4 miliardi di euro per il rinnovo contrattuale del personale del Servizio sanitario nazionale.<\/p>\n<p><strong>Pensioni<\/strong><\/p>\n<p><em>Misura contenuta nel titolo V Lavoro, famiglia pari opportunit\u00e0 e politiche sociali &#8211; Capo I Lavoro e politiche sociali.<\/em><\/p>\n<p>Vengono salvaguardate le pensioni di vecchiaia dei medici mentre per le pensioni anticipate la decurtazione sar\u00e0 ridotta per ogni mese di posticipo del pensionamento fino all\u2019annullamento totale se si resta al lavoro per 36 mesi. Inoltre, anche al fine di evitare ogni possibile penalizzazione, per i dirigenti medici e sanitari e gli infermieri del Servizio sanitario nazionale viene prevista la possibilit\u00e0 di presentare domanda di autorizzazione per il trattenimento in servizio anche oltre il limite del quarantesimo anno di servizio effettivo e comunque non oltre il settantesimo anno di et\u00e0.<\/p>\n<p><strong><img loading=\"lazy\" decoding=\"async\" class=\"wp-image-74818 alignright\" src=\"https:\/\/www.fedaiisf.it\/wp-content\/uploads\/2024\/01\/liste-di-attesa.jpeg\" alt=\"\" width=\"376\" height=\"191\" srcset=\"https:\/\/www.fedaiisf.it\/wp-content\/uploads\/2024\/01\/liste-di-attesa.jpeg 788w, https:\/\/www.fedaiisf.it\/wp-content\/uploads\/2024\/01\/liste-di-attesa-300x152.jpeg 300w, https:\/\/www.fedaiisf.it\/wp-content\/uploads\/2024\/01\/liste-di-attesa-768x390.jpeg 768w, https:\/\/www.fedaiisf.it\/wp-content\/uploads\/2024\/01\/liste-di-attesa-18x9.jpeg 18w\" sizes=\"auto, (max-width: 376px) 100vw, 376px\" \/>Riduzione liste attesa<\/strong><\/p>\n<ul>\n<li>Aumento della tariffa oraria per le prestazioni aggiuntive di medici e infermieri: 100 euro per i medici; 60 euro per infermieri (raddoppia rispetto ai 30 attuali). Spesa complessiva di 280 milioni di euro<\/li>\n<li>Rifinanziamento dei piani operativi per l\u2019abbattimento delle liste d\u2019attesa: le Regioni possono utilizzare una quota non superiore allo 0,4% del livello di finanziamento indistinto del fabbisogno sanitario nazionale standard cui concorre lo Stato per l\u2019anno 2024 (valore 520 milioni di euro).<\/li>\n<li>Aggiornamento del tetto di spesa per gli acquisti di prestazioni sanitarie da privati accreditati per l&#8217;assistenza specialistica ambulatoriale e per l&#8217;assistenza ospedaliera: il limite di spesa \u00e8 incrementato dell\u20191% per l\u2019anno 2024, del 3% il 2025 e del 4% a decorrere dall\u2019anno 2026, fermo restando il rispetto dell&#8217;equilibrio economico e finanziario del servizio sanitario regionale.<\/li>\n<\/ul>\n<p><strong>Potenziamento dell\u2019assistenza territoriale<\/strong><\/p>\n<ul>\n<li>Reclutamento personale: 250 milioni di euro per l&#8217;anno 2025 e di 350 milioni di euro a decorrere dall&#8217;anno 2026 per il potenziamento dell\u2019assistenza territoriale, con riferimento ai maggiori oneri per la spesa di personale da reclutare, dipendente e convenzionato.<\/li>\n<li>A decorrere dal 2024, aumenta di 10 milioni di euro annui il Fondo vincolato per le cure palliative per la realizzazione delle finalit\u00e0 della legge 38\/2010 in tema di cure palliative e terapia del dolore.;<\/li>\n<\/ul>\n<p><strong>Aggiornamento dei Lea<\/strong><\/p>\n<p>50 milioni di euro per l\u2019anno 2024 e 200 milioni di euro a decorrere dall\u2019anno 2025.<\/p>\n<p><strong>Medicines<\/strong><\/p>\n<ul>\n<li>Si consente alle farmacie convenzionate con il Servizio sanitario nazionale di dispensare farmaci fino ad oggi reperibili solo presso le farmacie ospedaliere. \u00c8 una misura che ha lo scopo di favorire la distribuzione capillare del farmaco a favore della collettivit\u00e0 e di incrementare i livelli di assistenza di prossimit\u00e0 assicurando su tutto il territorio nazionale un\u2019assistenza farmaceutica omogenea.<\/li>\n<li>Nuovo modello di remunerazione a favore delle farmacie per la dispensazione di prossimit\u00e0 del farmaco, in regime di SSN, a vantaggio della cittadinanza.<\/li>\n<\/ul>\n<p><strong>Fondo per l\u2019Alzheimer e le demenze<\/strong><\/p>\n<p>Il Fondo per l\u2019Alzheimer e le demenze viene incrementato di 4,9 milioni di euro per il 2024 e di 15 milioni per ciascuno degli anni 2025 e 2026.<\/p>\n<p><strong>Fondo per i test di Next-Generation Sequencing per la diagnosi delle malattie rare<\/strong><\/p>\n<p><img loading=\"lazy\" decoding=\"async\" class=\"wp-image-74820 alignleft\" src=\"https:\/\/www.fedaiisf.it\/wp-content\/uploads\/2024\/01\/ngs.png\" alt=\"\" width=\"410\" height=\"288\" srcset=\"https:\/\/www.fedaiisf.it\/wp-content\/uploads\/2024\/01\/ngs.png 628w, https:\/\/www.fedaiisf.it\/wp-content\/uploads\/2024\/01\/ngs-300x211.png 300w, https:\/\/www.fedaiisf.it\/wp-content\/uploads\/2024\/01\/ngs-18x12.png 18w\" sizes=\"auto, (max-width: 410px) 100vw, 410px\" \/>Viene istituito presso il Ministero della Salute un Fondo per i test Next-Generation Sequencing con una dotazione di 1 milione di euro per il 2024 per il potenziamento dei test di profilazione genomica come indagine di prima scelta o approfondimento diagnostico nelle malattie rare per le quali sono riconosciute evidenza e appropriatezza, o nei casi sospetti di malattia rara non identificata. Nelle more dell\u2019aggiornamento dei Lea, per consentire il potenziamento e l\u2019accesso ai test Next-Generation Sequencing di profilazione genomica dei tumori per i quali sono disponibili farmaci prescrivibili con significativi livelli di evidenza e appropriatezza, il Fondo istituito con la manovra 2022 viene rifinanziato con 1 milione di euro per l\u2019anno 2024.<\/p>\n<p><strong>Lavoratori frontalieri e contributo al Servizio sanitario nazionale<\/strong><\/p>\n<p>Si introduce una forma di compartecipazione alla spesa sanitaria a carico dei residenti in Italia che lavorano e soggiornano in Svizzera e che utilizzano il Servizio sanitario nazionale; di alcune categorie di lavoratori frontalieri operanti in Svizzera; dei familiari a carico delle due tipologie di soggetti. La norma inoltre adegua gli importi dovuti da alcune categorie di stranieri residenti, stranieri soggiornanti con permesso di soggiorno per motivi di studio e collocati alla pari \u2013 per i quali non \u00e8 prevista l\u2019iscrizione obbligatoria al SSN \u2013 che decidano di avvalersi della facolt\u00e0 di iscrizione al SSN in luogo della stipula di polizza assicurativa.<\/p>\n<p><strong>Investimenti dell\u2019Inail in edilizia sanitaria<\/strong><\/p>\n<p>Si prevede una specifica procedura semplificata per consentire gli investimenti immobiliari dell\u2019Inail destinati all\u2019ammodernamento delle strutture sanitarie e all\u2019ampliamento della rete sanitaria territoriale.<\/p>\n<p><strong>Contributo in favore dell\u2019Istituto nazionale per la promozione della salute in favore delle popolazioni migranti<\/strong><\/p>\n<p>Contributo di 1 milione di euro, a decorrere dall\u2019anno 2024, in favore dell\u2019Istituto nazionale per la promozione della salute delle popolazioni migranti e per il contrasto delle malattie della povert\u00e0 (Inmp), a valere sul Fondo sanitario nazionale, per potenziare l\u2019attivit\u00e0 di prevenzione e assistenza sanitaria e sociosanitaria in favore dei soggetti che versano in condizioni di vulnerabilit\u00e0 sociale ed economica<\/p>\n<div>\n<p><strong>Consult the <a tabindex=\"54\" title=\"Link to the news of the health planning thematic area\" href=\"https:\/\/www.salute.gov.it\/portale\/news\/p3_2_1.jsp?lingua=italiano&amp;menu=notizie&amp;area=programmazioneSanitariaLea&amp;btnCerca=\" target=\"_blank\" rel=\"noopener\">health planning news <\/a>, the <a tabindex=\"54\" title=\"Link to the news of the Pharmaceutical Service thematic area\" href=\"https:\/\/www.salute.gov.it\/portale\/news\/p3_2_1.jsp?lingua=italiano&amp;menu=notizie&amp;area=farmaci&amp;btnCerca=\" target=\"_blank\" rel=\"noopener\">Pharmaceutical service news<\/a>, the <a tabindex=\"54\" title=\"Link to the news of the National Health Service thematic area: the LEAs\" href=\"https:\/\/www.salute.gov.it\/portale\/news\/p3_2_1.jsp?lingua=italiano&amp;menu=notizie&amp;area=Lea&amp;btnCerca=\" target=\"_blank\" rel=\"noopener\">news from the National Health Service: the LEAs<\/a>, the <a tabindex=\"54\" title=\"Collegamento alle notizie dell&#039;area tematica Assistenza sanitaria Paesi extra UE\" href=\"https:\/\/www.salute.gov.it\/portale\/news\/p3_2_1.jsp?lingua=italiano&amp;menu=notizie&amp;area=Assistenza%20sanitaria&amp;btnCerca=\" target=\"_blank\" rel=\"noopener\">notizie di Assistenza sanitaria Paesi extra UE<\/a>, the <a tabindex=\"54\" title=\"Collegamento alle notizie dell&#039;area tematica Cure palliative e terapia del dolore\" href=\"https:\/\/www.salute.gov.it\/portale\/news\/p3_2_1.jsp?lingua=italiano&amp;menu=notizie&amp;area=curePalliativeTerapiaDolore&amp;btnCerca=\" target=\"_blank\" rel=\"noopener\">notizie di Cure palliative e terapia del dolore<\/a>, the <a tabindex=\"54\" title=\"Collegamento alle notizie dell&#039;area tematica Demenze\" href=\"https:\/\/www.salute.gov.it\/portale\/news\/p3_2_1.jsp?lingua=italiano&amp;menu=notizie&amp;area=demenze&amp;btnCerca=\" target=\"_blank\" rel=\"noopener\">notizie di Demenze<\/a>, the <a tabindex=\"54\" title=\"Collegamento alle notizie dell&#039;area tematica Liste di attesa\" href=\"https:\/\/www.salute.gov.it\/portale\/news\/p3_2_1.jsp?lingua=italiano&amp;menu=notizie&amp;area=listeAttesa&amp;btnCerca=\" target=\"_blank\" rel=\"noopener\">notizie di Liste di attesa<\/a>, the <a tabindex=\"54\" title=\"Collegamento alle notizie dell&#039;area tematica Malattie rare\" href=\"https:\/\/www.salute.gov.it\/portale\/news\/p3_2_1.jsp?lingua=italiano&amp;menu=notizie&amp;area=Malattie%20rare&amp;btnCerca=\" target=\"_blank\" rel=\"noopener\">notizie di Malattie rare<\/a>, the <a tabindex=\"54\" title=\"Collegamento alle notizie dell&#039;area tematica Professioni sanitarie\" href=\"https:\/\/www.salute.gov.it\/portale\/news\/p3_2_1.jsp?lingua=italiano&amp;menu=notizie&amp;area=professioni-sanitarie&amp;btnCerca=\" target=\"_blank\" rel=\"noopener\">notizie di Professioni sanitarie<\/a><br \/>\n<\/strong><\/p>\n<p><a href=\"https:\/\/www.salute.gov.it\/portale\/news\/p3_2_1_1_1.jsp?lingua=italiano&amp;menu=notizie&amp;p=dalministero&amp;id=6449\" target=\"_blank\" rel=\"noopener\">Ministero della Salute &#8211; 2 gennaio 2024<\/a><\/p>\n<p>Related news: <a href=\"https:\/\/www.cittadinanzattiva.it\/faq\/2327-liste-di-attesa.html\" target=\"_blank\" rel=\"noopener\">Liste di attesa: cosa sapere e come agire<\/a><\/p>\n<\/div>\n<p><a href=\"https:\/\/www.drugtargetreview.com\/article\/32972\/versatile-applications-of-next-generation-sequencing-in-pharmaceutics\/\" target=\"_blank\" rel=\"noopener\">Versatile applications of next-generation sequencing in pharmaceutics<\/a><\/p>\n<p style=\"font-weight: 400;\"><a href=\"https:\/\/www.fedaiisf.it\/en\/disastro-ssn-conferenza-gimbela-sanita-pubblica-si-sta-sgretolando-la-partecipazione-di-fedaiisf\/\" target=\"_blank\" rel=\"noopener\"><strong>Disastro SSN. Conferenza Gimbe:\u2019La sanit\u00e0 pubblica si sta sgretolando\u2019<\/strong><\/a><\/p>\n<p style=\"font-weight: 400;\"><a href=\"https:\/\/www.fedaiisf.it\/en\/rapporto-annuale-censis\/\" target=\"_blank\" rel=\"noopener\"><strong>CENSIS annual report. The fears of the Italians. The health disaster<\/strong><\/a><\/p>\n<p class=\"article-title\"><a href=\"https:\/\/www.collettiva.it\/copertine\/economia\/scuola-sanita-welfare-il-governo-taglia-tutto-qlz6rzm0\" target=\"_blank\" rel=\"noopener\"><strong>Scuola, sanit\u00e0, welfare: il governo taglia tutto<\/strong><\/a><\/p>\n<p>&nbsp;<\/p>","protected":false},"excerpt":{"rendered":"<p>Ministero della Salute Il 1\u00b0 gennaio 2024 \u00e8 entrata in vigore la Legge di Bilancio 2024. \u201cAbbiamo approvato una manovra finanziaria che interviene su due grandi urgenze: ridurre le liste d\u2019attesa e valorizzare il personale sanitario. In tre anni destiniamo 11,2 miliardi di euro in pi\u00f9 al fondo sanitario. Garantiamo risorse importanti per il rinnovo &hellip;<\/p>","protected":false},"author":4,"featured_media":74815,"comment_status":"closed","ping_status":"closed","sticky":false,"template":"","format":"standard","meta":{"footnotes":""},"categories":[1],"tags":[41,26,79],"class_list":["post-74812","post","type-post","status-publish","format-standard","has-post-thumbnail","hentry","category-notizie","tag-leggisentenze","tag-spesa-farmaceutica","tag-ssn"],"amp_enabled":true,"_links":{"self":[{"href":"https:\/\/www.fedaiisf.it\/en\/wp-json\/wp\/v2\/posts\/74812","targetHints":{"allow":["GET"]}}],"collection":[{"href":"https:\/\/www.fedaiisf.it\/en\/wp-json\/wp\/v2\/posts"}],"about":[{"href":"https:\/\/www.fedaiisf.it\/en\/wp-json\/wp\/v2\/types\/post"}],"author":[{"embeddable":true,"href":"https:\/\/www.fedaiisf.it\/en\/wp-json\/wp\/v2\/users\/4"}],"replies":[{"embeddable":true,"href":"https:\/\/www.fedaiisf.it\/en\/wp-json\/wp\/v2\/comments?post=74812"}],"version-history":[{"count":11,"href":"https:\/\/www.fedaiisf.it\/en\/wp-json\/wp\/v2\/posts\/74812\/revisions"}],"predecessor-version":[{"id":74827,"href":"https:\/\/www.fedaiisf.it\/en\/wp-json\/wp\/v2\/posts\/74812\/revisions\/74827"}],"wp:featuredmedia":[{"embeddable":true,"href":"https:\/\/www.fedaiisf.it\/en\/wp-json\/wp\/v2\/media\/74815"}],"wp:attachment":[{"href":"https:\/\/www.fedaiisf.it\/en\/wp-json\/wp\/v2\/media?parent=74812"}],"wp:term":[{"taxonomy":"category","embeddable":true,"href":"https:\/\/www.fedaiisf.it\/en\/wp-json\/wp\/v2\/categories?post=74812"},{"taxonomy":"post_tag","embeddable":true,"href":"https:\/\/www.fedaiisf.it\/en\/wp-json\/wp\/v2\/tags?post=74812"}],"curies":[{"name":"wp","href":"https:\/\/api.w.org\/{rel}","templated":true}]}}