{"id":74933,"date":"2024-01-16T12:37:40","date_gmt":"2024-01-16T11:37:40","guid":{"rendered":"https:\/\/www.fedaiisf.it\/?p=74933"},"modified":"2024-01-16T12:41:19","modified_gmt":"2024-01-16T11:41:19","slug":"erede-basf-donera-25-milioni-di-euro-a-50-sconosciuti-selezionati-a-caso","status":"publish","type":"post","link":"https:\/\/www.fedaiisf.it\/en\/erede-basf-donera-25-milioni-di-euro-a-50-sconosciuti-selezionati-a-caso\/","title":{"rendered":"Erede Basf distribuir\u00e0 25 milioni di euro a 50 sconosciuti selezionati a caso che dovranno decidere come spenderli"},"content":{"rendered":"<h2>Ereditiera austriaca doner\u00e0 milioni di euro a sconosciuti: la sua battaglia contro le disuguaglianze<\/h2>\n<p><span style=\"font-size: 14pt;\">La giovane Marlene Engelhorn ha ereditato il tesoro della Basf, azienda chimico-farmaceutica di famiglia: &#8220;La ricchezza deve essere distribuita e avvantaggiare tutti, non solo i ricchi&#8221;<\/span><\/p>\n<p><a href=\"https:\/\/www.ilpost.it\/2024\/01\/15\/marlene-engelhorn-ridistribuzione-eredita\/\" target=\"_blank\" rel=\"noopener\">il Post &#8211; 15 gennaio 2024<\/a><\/p>\n<p data-qr-debug=\"false\" data-qr-index=\"0\" data-qr-reading-time=\"14.18\" data-qr-user-elem-full-visible=\"1\" data-qr-elem-last-start=\"1705402655555\" data-qr-elem-last-intersection-time=\"1705402655672\" data-qr-elem-total-expose-time=\"8611\"><img loading=\"lazy\" decoding=\"async\" class=\"wp-image-74938 alignright\" src=\"https:\/\/www.fedaiisf.it\/wp-content\/uploads\/2024\/01\/25-millionen-euro-Marlene-Engelhorn.png\" alt=\"\" width=\"400\" height=\"225\" srcset=\"https:\/\/www.fedaiisf.it\/wp-content\/uploads\/2024\/01\/25-millionen-euro-Marlene-Engelhorn.png 980w, https:\/\/www.fedaiisf.it\/wp-content\/uploads\/2024\/01\/25-millionen-euro-Marlene-Engelhorn-300x169.png 300w, https:\/\/www.fedaiisf.it\/wp-content\/uploads\/2024\/01\/25-millionen-euro-Marlene-Engelhorn-768x432.png 768w, https:\/\/www.fedaiisf.it\/wp-content\/uploads\/2024\/01\/25-millionen-euro-Marlene-Engelhorn-18x10.png 18w, https:\/\/www.fedaiisf.it\/wp-content\/uploads\/2024\/01\/25-millionen-euro-Marlene-Engelhorn-390x220.png 390w\" sizes=\"auto, (max-width: 400px) 100vw, 400px\" \/>Marted\u00ec scorso la milionaria e filantropa austriaca Marlene Engelhorn ha annunciato l\u2019inizio di \u201cGuter Rat\u201d (\u201cBuon consiglio\u201d), un <a href=\"https:\/\/guterrat.info\/en\/\" target=\"_blank\" rel=\"noopener\">project<\/a> che prevede la creazione di un gruppo di 50 persone che, nei prossimi mesi, dovr\u00e0 aiutarla a decidere come spendere una buona parte dei 25 milioni di euro che aveva ereditato nel 2022 dopo la morte di sua nonna. Engelhorn \u00e8 infatti una delle discendenti di Friedrich Engelhorn, fondatore della BASF, una delle pi\u00f9 grandi aziende chimiche al mondo.<\/p>\n<p data-qr-debug=\"false\" data-qr-index=\"1\" data-qr-reading-time=\"13.09\" data-qr-user-elem-full-visible=\"1\" data-qr-elem-last-start=\"1705402655506\" data-qr-elem-last-intersection-time=\"1705402656657\" data-qr-elem-total-expose-time=\"8136\">I membri del \u201cBuon consiglio\u201d discuteranno nel corso di diversi incontri di quali siano i modi migliori per ridistribuire il patrimonio di Engelhorn, che non vuole ricorrere alle tradizionali forme di filantropia, come la creazione di fondazioni benefiche private, che a suo avviso sono strumenti che danno ai ricchi che vogliono fare beneficenza un potere che non dovrebbero avere. \u00abLa redistribuzione \u00e8 un processo che non dovrebbe coinvolgere solo me\u00bb, ha detto.<\/p>\n<p data-qr-debug=\"false\" data-qr-index=\"2\" data-qr-reading-time=\"10\" data-qr-user-elem-full-visible=\"1\" data-qr-elem-last-start=\"0\" data-qr-elem-last-intersection-time=\"0\" data-qr-elem-total-expose-time=\"9277\">I 50 membri del \u201cBuon consiglio\u201d saranno selezionati a partire da un campione iniziale di 10mila persone estratte a sorte, e nelle prossime settimane riceveranno degli inviti nelle loro cassette postali. I partecipanti devono avere almeno 16 anni, ma non devono necessariamente essere cittadini austriaci o parlare tedesco: \u00e8 sufficiente che siano domiciliati in Austria.<\/p>\n<p data-qr-debug=\"false\" data-qr-index=\"3\" data-qr-reading-time=\"8.18\" data-qr-user-elem-full-visible=\"1\" data-qr-elem-last-start=\"0\" data-qr-elem-last-intersection-time=\"0\" data-qr-elem-total-expose-time=\"10527\">All\u2019interno delle lettere troveranno dei questionari da compilare, che saranno poi esaminati da un\u2019apposita commissione: alla fine del processo il gruppo sar\u00e0 ridotto a 50 persone, che dovranno rappresentare la popolazione del paese in base a variabili come sesso, et\u00e0, reddito e zona di provenienza.<\/p>\n<p data-qr-debug=\"false\" data-qr-index=\"4\" data-qr-reading-time=\"13.27\" data-qr-user-elem-full-visible=\"1\" data-qr-elem-last-start=\"0\" data-qr-elem-last-intersection-time=\"0\" data-qr-elem-total-expose-time=\"11260\">Il gruppo si riunir\u00e0 da marzo a giugno per partecipare a una serie di riunioni relative a questioni come la distribuzione della ricchezza e le modalit\u00e0 di finanziamento delle organizzazioni non governative: tutti i membri avranno la possibilit\u00e0 di rimanere anonimi, a meno che non scelgano di divulgare pubblicamente la propria identit\u00e0. Tutti gli incontri saranno moderati da esperti, e saranno selezionati 15 membri sostitutivi nel caso in cui qualcuno non possa partecipare.<\/p>\n<p data-qr-debug=\"false\" data-qr-index=\"5\" data-qr-reading-time=\"6.73\" data-qr-user-elem-full-visible=\"1\" data-qr-elem-last-start=\"0\" data-qr-elem-last-intersection-time=\"0\" data-qr-elem-total-expose-time=\"10088\">Per avere una maggiore indipendenza economica e potere dedicarsi a tempo pieno al progetto, i componenti del \u201cGuter Rat\u201d riceveranno 1.200 euro a settimana. Inoltre, lo staff di Engelhorn coprir\u00e0 le spese di vitto, alloggio e viaggio.<\/p>\n<p data-qr-debug=\"false\" data-qr-index=\"6\" data-qr-reading-time=\"13.45\" data-qr-user-elem-full-visible=\"1\" data-qr-elem-last-start=\"1705402689869\" data-qr-elem-last-intersection-time=\"1705402697892\" data-qr-elem-total-expose-time=\"2503\">The <a href=\"https:\/\/guterrat.info\/en\/faqs\/\" target=\"_blank\" rel=\"noopener\">site<\/a> del progetto prevede una serie di limitazioni per la destinazione dei fondi, che non potranno andare a individui o organizzazioni \u00abincostituzionali, ostili o disumane\u00bb e non potranno essere investiti in attivit\u00e0 a scopo di lucro. Inoltre, il denaro non potr\u00e0 essere ridistribuito ai membri del gruppo o a persone \u00aba loro collegate\u00bb. Nel caso in cui il gruppo non dovesse riuscire a trovare un accordo condiviso, il denaro verr\u00e0 restituito a Engelhorn.<\/p>\n<p data-qr-debug=\"false\" data-qr-index=\"7\" data-qr-reading-time=\"21.45\" data-qr-user-elem-full-visible=\"1\" data-qr-elem-last-start=\"1705402696709\" data-qr-elem-last-intersection-time=\"1705402697526\" data-qr-elem-total-expose-time=\"2151\">Il progetto \u201cGuter Rat\u201d riflette idee di giustizia sociale che Engelhorn porta avanti da anni: chiede da tempo che il governo austriaco adotti delle misure di redistribuzione della ricchezza pi\u00f9 efficaci, tra cui la reintroduzione della tassa di successione (l\u2019imposta che si applica ai beni ricevuti in eredit\u00e0 da una persona), che era stata abolita nel 2008. Inoltre, Engelhorn fa parte di <a href=\"https:\/\/www.ilpost.it\/2022\/05\/23\/davos-milionari-tasse-patriotic-millionaires\/\" target=\"_blank\" rel=\"noopener\">Patriotic Millionaires,<\/a>un gruppo di persone milionarie americane ed europee che chiede che i governi del mondo impongano tasse pi\u00f9 alte a chi \u00e8 ricco come loro. Hanno aderito al gruppo anche l\u2019attore Mark Ruffalo, l\u2019ereditiera Abigail Disney (<a href=\"https:\/\/www.ilpost.it\/2023\/10\/16\/walt-disney-storia\/\" target=\"_blank\" rel=\"noopener\">nipote<\/a> di Walt Disney) e Nick Hanauer, imprenditore statunitense che fu tra i primi a investire in Amazon.<\/p>\n<p>Non \u00e8 stata specificata la parte effettiva di eredit\u00e0 che Engelhorn ha destinato al progetto, ma secondo Bernhard Madlener, uno dei portavoce di \u201cGuter Rat\u201d, si tratta di una \u00abgran parte\u00bb.<\/p>\n<p>Note:<\/p>\n<p>There <b>BASF SE<\/b>\u00a0\u00e8 una societ\u00e0 europea con sede a Ludwigshafen, nella regione della Renania Palatinato, in <img loading=\"lazy\" decoding=\"async\" class=\"wp-image-74940 alignleft\" src=\"https:\/\/www.fedaiisf.it\/wp-content\/uploads\/2024\/01\/Basf-243164.png\" alt=\"\" width=\"309\" height=\"230\" srcset=\"https:\/\/www.fedaiisf.it\/wp-content\/uploads\/2024\/01\/Basf-243164.png 656w, https:\/\/www.fedaiisf.it\/wp-content\/uploads\/2024\/01\/Basf-243164-300x224.png 300w, https:\/\/www.fedaiisf.it\/wp-content\/uploads\/2024\/01\/Basf-243164-16x12.png 16w\" sizes=\"auto, (max-width: 309px) 100vw, 309px\" \/>Germania. Il nome <i>BASF<\/i> \u00e8 l&#8217;acronimo di <i><b>b<\/b>adische <b>TO<\/b>nilin- und <b>St<\/b>oda <b>f<\/b>abrik<\/i> (<i>Fabbrica di Anilina e Soda del Baden<\/i>).<\/p>\n<p>Il Gruppo BASF conta pi\u00f9 di 200 tra filiali e <i>joint venture<\/i> e possiede siti produttivi in 50 paesi in Europa, Asia, Nord e Sud America. Alla fine del 2022, la societ\u00e0 impiegava pi\u00f9 di 111.481 persone, di cui pi\u00f9 di 50.000 solo in Germania. BASF ha clienti in pi\u00f9 di 170 paesi e fornisce circa 8.000 diversi prodotti in molti settori dell&#8217;industria.<\/p>\n<p>BASF \u00e8 una delle pi\u00f9 grandi compagnie chimiche al mondo e ha portato sul mercato prodotti famosi: dal colorante indaco, che \u00e8 stato uno dei primi coloranti sintetizzati su scala industriale, all&#8217;invenzione della tecnologia necessaria alla funzionalit\u00e0 dei nastri magnetici (musicassette e videocassette).<\/p>\n<p>Il 21 novembre 1925, la <strong>Hoechst<\/strong>, the <strong>Bayer<\/strong>, l&#8217;AGFA e altre industrie pi\u00f9 piccole spostano i loro capitali nella BASF, la quale il 2 dicembre 1925 cambia nome in IG Farben AG (abbreviazione di <i>Interessen-Gemeinschaft Farbenindustrie AG<\/i>, chiamata anche <i>I.G. Farbenfabriken<\/i>) e sposta la sede a Francoforte. A capo del nuovo consiglio di amministrazione di 83 persone viene nominato Carl Bosch.<\/p>\n<p>Dopo la guerra, la compagnia fu divisa nelle componenti originali. Le quattro pi\u00f9 grosse comprarono rapidamente quelle pi\u00f9 piccole e oggi restano solo Agfa, BASF e Bayer, mentre la Hoechst si \u00e8 fusa con la francese Rh\u00f4ne-Poulenc, dando vita alla Sanofi Aventis, con sede a Strasburgo, in Francia.<\/p>\n<p><a href=\"https:\/\/pharma.basf.com\" target=\"_blank\" rel=\"noopener\">BASF Pharma Solutions<\/a> produce eccipienti e principi attivi innovativi di qualit\u00e0. Con un team globale di esperti del settore e soluzioni digitali, come i Virtual Pharma Assistants, BASF supporta i propri clienti nello sviluppo di formulazioni efficienti, convenienti e affidabili.<\/p>\n<p>Dotata di una conoscenza approfondita di molteplici tecnologie e applicazioni, BASF dispone delle conoscenze e delle risorse per rendere la distribuzione dei farmaci e la produzione di farmaci e prodotti biologici pi\u00f9 sicure e sostenibili. Basf Pharma crea soluzioni focalizzate su diverse piattaforme: prodotti orali, topici, parenterali, solubilizzanti e ingredienti biofarmaceutici. \u00c8 il produttore leader a livello mondiale di ingredienti farmaceutici attivi (API) come l&#8217;ibuprofene e gli acidi grassi omega-3. (<em>fonte: sito Basf<\/em>)<\/p>\n<p>Related news: <a href=\"https:\/\/www.ots.at\/presseaussendung\/OTS_20240109_OTS0062\/guter-rat-fuer-rueckverteilung-marlene-engelhorn-startet-buergerinnenrat-und-laesst-25-millionen-euro-rueckverteilen-bild\" target=\"_blank\" rel=\"noopener\">Guter Rat f\u00fcr R\u00fcckverteilung: Marlene Engelhorn startet B\u00fcrger:innenrat und l\u00e4sst 25 Millionen Euro r\u00fcckverteilen<\/a><\/p>","protected":false},"excerpt":{"rendered":"<p>Ereditiera austriaca doner\u00e0 milioni di euro a sconosciuti: la sua battaglia contro le disuguaglianze La giovane Marlene Engelhorn ha ereditato il tesoro della Basf, azienda chimico-farmaceutica di famiglia: &#8220;La ricchezza deve essere distribuita e avvantaggiare tutti, non solo i ricchi&#8221; il Post &#8211; 15 gennaio 2024 Marted\u00ec scorso la milionaria e filantropa austriaca Marlene Engelhorn &hellip;<\/p>","protected":false},"author":4,"featured_media":74941,"comment_status":"closed","ping_status":"closed","sticky":false,"template":"","format":"standard","meta":{"footnotes":""},"categories":[1],"tags":[47],"class_list":["post-74933","post","type-post","status-publish","format-standard","has-post-thumbnail","hentry","category-notizie","tag-big-pharma"],"amp_enabled":true,"_links":{"self":[{"href":"https:\/\/www.fedaiisf.it\/en\/wp-json\/wp\/v2\/posts\/74933","targetHints":{"allow":["GET"]}}],"collection":[{"href":"https:\/\/www.fedaiisf.it\/en\/wp-json\/wp\/v2\/posts"}],"about":[{"href":"https:\/\/www.fedaiisf.it\/en\/wp-json\/wp\/v2\/types\/post"}],"author":[{"embeddable":true,"href":"https:\/\/www.fedaiisf.it\/en\/wp-json\/wp\/v2\/users\/4"}],"replies":[{"embeddable":true,"href":"https:\/\/www.fedaiisf.it\/en\/wp-json\/wp\/v2\/comments?post=74933"}],"version-history":[{"count":7,"href":"https:\/\/www.fedaiisf.it\/en\/wp-json\/wp\/v2\/posts\/74933\/revisions"}],"predecessor-version":[{"id":74944,"href":"https:\/\/www.fedaiisf.it\/en\/wp-json\/wp\/v2\/posts\/74933\/revisions\/74944"}],"wp:featuredmedia":[{"embeddable":true,"href":"https:\/\/www.fedaiisf.it\/en\/wp-json\/wp\/v2\/media\/74941"}],"wp:attachment":[{"href":"https:\/\/www.fedaiisf.it\/en\/wp-json\/wp\/v2\/media?parent=74933"}],"wp:term":[{"taxonomy":"category","embeddable":true,"href":"https:\/\/www.fedaiisf.it\/en\/wp-json\/wp\/v2\/categories?post=74933"},{"taxonomy":"post_tag","embeddable":true,"href":"https:\/\/www.fedaiisf.it\/en\/wp-json\/wp\/v2\/tags?post=74933"}],"curies":[{"name":"wp","href":"https:\/\/api.w.org\/{rel}","templated":true}]}}