{"id":74956,"date":"2024-01-17T17:56:24","date_gmt":"2024-01-17T16:56:24","guid":{"rendered":"https:\/\/www.fedaiisf.it\/?p=74956"},"modified":"2024-01-18T19:45:10","modified_gmt":"2024-01-18T18:45:10","slug":"pubblicato-in-g-u-il-decreto-di-riforma-aifa-in-vigore-dal-30-gennaio-2024","status":"publish","type":"post","link":"https:\/\/www.fedaiisf.it\/en\/pubblicato-in-g-u-il-decreto-di-riforma-aifa-in-vigore-dal-30-gennaio-2024\/","title":{"rendered":"Pubblicato in G.U. il Decreto di Riforma AIFA. In vigore dal 30 gennaio 2024"},"content":{"rendered":"<p>Pubblicato in<a href=\"https:\/\/www.gazzettaufficiale.it\/eli\/id\/2024\/01\/15\/24G00012\/sg\" target=\"_blank\" rel=\"noopener\"> Gazzetta ufficiale del 15 gennaio 2024<\/a><\/p>\n<p><a href=\"https:\/\/www.gazzettaufficiale.it\/eli\/gu\/2024\/01\/15\/11\/sg\/pdf\" target=\"_blank\" rel=\"noopener\"><img loading=\"lazy\" decoding=\"async\" class=\"wp-image-74962 alignright\" src=\"https:\/\/www.fedaiisf.it\/wp-content\/uploads\/2024\/01\/Schermata-2024-01-17-alle-12.40.11.png\" alt=\"\" width=\"329\" height=\"303\" srcset=\"https:\/\/www.fedaiisf.it\/wp-content\/uploads\/2024\/01\/Schermata-2024-01-17-alle-12.40.11.png 579w, https:\/\/www.fedaiisf.it\/wp-content\/uploads\/2024\/01\/Schermata-2024-01-17-alle-12.40.11-300x276.png 300w, https:\/\/www.fedaiisf.it\/wp-content\/uploads\/2024\/01\/Schermata-2024-01-17-alle-12.40.11-13x12.png 13w\" sizes=\"auto, (max-width: 329px) 100vw, 329px\" \/><\/a>Come preannunciato il decreto abolisce la figura del direttore generale, mantiene per\u00f2 il <b>president<\/b> quale organo e rappresentante legale dell&#8217;Agenzia. lo scopo \u00e8 quello di semplificare la struttura decisionale, conferendo al presidente un ruolo di maggiore centralit\u00e0.<\/p>\n<p>Vengono inoltre istituite nuove figure dirigenziali di livello generale: il <b>direttore amministrativo<\/b>\u00a0and the\u00a0<b>direttore tecnico-scientifico<\/b>. Il primo sar\u00e0 responsabile della gestione amministrativa dell&#8217;Aifa, mentre il secondo si occuper\u00e0 degli aspetti tecnico-scientifici, apportando competenze specialistiche nel settore farmaceutico.<\/p>\n<p>Vengono soppresse<b> la Commissione consultiva tecnico-scientifica<\/b> and the <b>Pricing and Reimbursement Committee<\/b>, entrambi operanti presso l&#8217;Aifa. Al loro posto, viene istituita la\u00a0<b>Commissione scientifica ed economica del farmaco<\/b>, a cui sono attribuite le relative funzioni e che sar\u00e0 composta da dieci membri, di cui fanno parte il direttore tecnico-scientifico dell&#8217;Agenzia e il Presidente dell&#8217;Istituto Superiore di Sanit\u00e0 o un suo delegato, entrambi membri di diritto.<\/p>\n<p>La nuova Commissione avr\u00e0 un ruolo cruciale nella valutazione e determinazione delle politiche farmaceutiche. I suoi dieci membri, con mandato di tre anni rinnovabili una sola volta, saranno selezionati con attenzione da diverse istituzioni e organizzazioni, garantendo una vasta competenza tecnico-scientifica nel settore:\u00a0quattro membri sono designati dal Ministro della salute, tre membri sono designati dalla Conferenza permanente per i <img loading=\"lazy\" decoding=\"async\" class=\"wp-image-4850 alignleft\" src=\"https:\/\/www.fedaiisf.it\/wp-content\/uploads\/2014\/11\/aifa.farmaci.jpg\" alt=\"\" width=\"380\" height=\"146\" srcset=\"https:\/\/www.fedaiisf.it\/wp-content\/uploads\/2014\/11\/aifa.farmaci.jpg 650w, https:\/\/www.fedaiisf.it\/wp-content\/uploads\/2014\/11\/aifa.farmaci-300x115.jpg 300w\" sizes=\"auto, (max-width: 380px) 100vw, 380px\" \/>rapporti tra lo Stato, le regioni e le province autonome di Trento e di Bolzano, un membro \u00e8 designato dal Ministro dell&#8217;economia e delle finanze. Componenti di diritto il direttore tecnico-scientifico dell&#8217;Agenzia e il Presidente dell&#8217;Istituto Superiore di Sanit\u00e0 o un suo delegato.<\/p>\n<p>The\u00a0<b>president<\/b>\u00a0dell&#8217;Aifa sar\u00e0 nominato con decreto del Ministro della Salute, d&#8217;intesa con la Conferenza permanente per i rapporti tra lo Stato, le regioni e le province autonome di Trento e di Bolzano, previo parere del Ministro dell&#8217;Economia e delle Finanze. Un punto chiave sottolineato dal Consiglio di Stato \u00e8 che l&#8217;incarico di presidente \u00e8 esclusivo e comporta il divieto di svolgere altre attivit\u00e0 professionali pubbliche e private, anche occasionali.<\/p>\n<p>\u00c8 probabile che alla guida di AIFA rimanga <strong>Giorgio Pal\u00f9<\/strong>. L\u2019ex ordinario di microbiologia e virologia dell\u2019Universit\u00e0 di Padova, 75 anni compiuti da qualche giorno, \u00e8 gi\u00e0 da un anno il presidente del consiglio di amministrazione.<\/p>\n<p><a href=\"https:\/\/www.gazzettaufficiale.it\/eli\/id\/2024\/01\/15\/24G00012\/sg\" target=\"_blank\" rel=\"noopener\">Gazzetta Ufficiale DECRETO 8 gennaio 2024, n. 3\u00a0<\/a><\/p>\n<p>Related news: <a href=\"https:\/\/www.fedaiisf.it\/en\/conferenza-delle-regioni-approva-la-riforma-aifa-con-condizioni\/\" target=\"_blank\" rel=\"noopener\">Conferenza delle Regioni approva la riforma AIFA con condizioni<\/a><\/p>\n<p class=\"span11\"><a href=\"https:\/\/www.salute.gov.it\/portale\/news\/p3_2_1_1_1.jsp?lingua=italiano&amp;menu=notizie&amp;p=dalministero&amp;id=6457\" target=\"_blank\" rel=\"noopener\">Rocco Bellantone nominato presidente dell\u2019Istituto Superiore di Sanit\u00e0<\/a><\/p>\n<p>&nbsp;<\/p>","protected":false},"excerpt":{"rendered":"<p>Pubblicato in Gazzetta ufficiale del 15 gennaio 2024 Come preannunciato il decreto abolisce la figura del direttore generale, mantiene per\u00f2 il presidente quale organo e rappresentante legale dell&#8217;Agenzia. lo scopo \u00e8 quello di semplificare la struttura decisionale, conferendo al presidente un ruolo di maggiore centralit\u00e0. Vengono inoltre istituite nuove figure dirigenziali di livello generale: il &hellip;<\/p>","protected":false},"author":4,"featured_media":66455,"comment_status":"closed","ping_status":"closed","sticky":false,"template":"","format":"standard","meta":{"footnotes":""},"categories":[1],"tags":[49,41],"class_list":["post-74956","post","type-post","status-publish","format-standard","has-post-thumbnail","hentry","category-notizie","tag-aifa","tag-leggisentenze"],"amp_enabled":true,"_links":{"self":[{"href":"https:\/\/www.fedaiisf.it\/en\/wp-json\/wp\/v2\/posts\/74956","targetHints":{"allow":["GET"]}}],"collection":[{"href":"https:\/\/www.fedaiisf.it\/en\/wp-json\/wp\/v2\/posts"}],"about":[{"href":"https:\/\/www.fedaiisf.it\/en\/wp-json\/wp\/v2\/types\/post"}],"author":[{"embeddable":true,"href":"https:\/\/www.fedaiisf.it\/en\/wp-json\/wp\/v2\/users\/4"}],"replies":[{"embeddable":true,"href":"https:\/\/www.fedaiisf.it\/en\/wp-json\/wp\/v2\/comments?post=74956"}],"version-history":[{"count":9,"href":"https:\/\/www.fedaiisf.it\/en\/wp-json\/wp\/v2\/posts\/74956\/revisions"}],"predecessor-version":[{"id":75000,"href":"https:\/\/www.fedaiisf.it\/en\/wp-json\/wp\/v2\/posts\/74956\/revisions\/75000"}],"wp:featuredmedia":[{"embeddable":true,"href":"https:\/\/www.fedaiisf.it\/en\/wp-json\/wp\/v2\/media\/66455"}],"wp:attachment":[{"href":"https:\/\/www.fedaiisf.it\/en\/wp-json\/wp\/v2\/media?parent=74956"}],"wp:term":[{"taxonomy":"category","embeddable":true,"href":"https:\/\/www.fedaiisf.it\/en\/wp-json\/wp\/v2\/categories?post=74956"},{"taxonomy":"post_tag","embeddable":true,"href":"https:\/\/www.fedaiisf.it\/en\/wp-json\/wp\/v2\/tags?post=74956"}],"curies":[{"name":"wp","href":"https:\/\/api.w.org\/{rel}","templated":true}]}}