{"id":75179,"date":"2024-02-05T06:09:51","date_gmt":"2024-02-05T05:09:51","guid":{"rendered":"https:\/\/www.fedaiisf.it\/?p=75179"},"modified":"2024-02-09T19:22:28","modified_gmt":"2024-02-09T18:22:28","slug":"le-regioni-nominano-in-cda-e-commissione-unica-aifa-gli-esperti-di-loro-spettanza","status":"publish","type":"post","link":"https:\/\/www.fedaiisf.it\/en\/le-regioni-nominano-in-cda-e-commissione-unica-aifa-gli-esperti-di-loro-spettanza\/","title":{"rendered":"Le Regioni nominano in CdA e Commissione Unica AIFA gli esperti di loro spettanza. La nuova Commissione. Pal\u00f9 confermato presidente"},"content":{"rendered":"<p><a href=\"http:\/\/www.regioni.it\/conferenze\/2024\/01\/30\/report-657682\/\" target=\"_blank\" rel=\"noopener\">Conferenza Stato-Regioni &#8211; marted\u00ec 30 gennaio 2024<\/a><\/p>\n<p><img loading=\"lazy\" decoding=\"async\" class=\"wp-image-903 alignright\" src=\"https:\/\/www.fedaiisf.it\/wp-content\/uploads\/2014\/07\/conferenza_stato_regioni.jpg\" alt=\"\" width=\"254\" height=\"172\" srcset=\"https:\/\/www.fedaiisf.it\/wp-content\/uploads\/2014\/07\/conferenza_stato_regioni.jpg 460w, https:\/\/www.fedaiisf.it\/wp-content\/uploads\/2014\/07\/conferenza_stato_regioni-300x203.jpg 300w, https:\/\/www.fedaiisf.it\/wp-content\/uploads\/2014\/07\/conferenza_stato_regioni-220x150.jpg 220w, https:\/\/www.fedaiisf.it\/wp-content\/uploads\/2014\/07\/conferenza_stato_regioni-364x245.jpg 364w, https:\/\/www.fedaiisf.it\/wp-content\/uploads\/2014\/07\/conferenza_stato_regioni-80x54.jpg 80w, https:\/\/www.fedaiisf.it\/wp-content\/uploads\/2014\/07\/conferenza_stato_regioni-130x87.jpg 130w, https:\/\/www.fedaiisf.it\/wp-content\/uploads\/2014\/07\/conferenza_stato_regioni-85x57.jpg 85w, https:\/\/www.fedaiisf.it\/wp-content\/uploads\/2014\/07\/conferenza_stato_regioni-266x179.jpg 266w, https:\/\/www.fedaiisf.it\/wp-content\/uploads\/2014\/07\/conferenza_stato_regioni-347x233.jpg 347w, https:\/\/www.fedaiisf.it\/wp-content\/uploads\/2014\/07\/conferenza_stato_regioni-112x75.jpg 112w, https:\/\/www.fedaiisf.it\/wp-content\/uploads\/2014\/07\/conferenza_stato_regioni-179x120.jpg 179w, https:\/\/www.fedaiisf.it\/wp-content\/uploads\/2014\/07\/conferenza_stato_regioni-576x392.jpg 576w, https:\/\/www.fedaiisf.it\/wp-content\/uploads\/2014\/07\/conferenza_stato_regioni-333x227.jpg 333w, https:\/\/www.fedaiisf.it\/wp-content\/uploads\/2014\/07\/conferenza_stato_regioni-81x55.jpg 81w\" sizes=\"auto, (max-width: 254px) 100vw, 254px\" \/>La Conferenza Stato-Regioni, presieduta dal Ministro per gli affari regionali e le autonomie, Calderoli, ha esaminato il seguente ordine del giorno, con gli esiti indicati:<\/p>\n<p>1. Designazione, ai sensi dell\u2019articolo 19, comma 4, del decreto del Ministro della salute 20 settembre 2004, n. 245, e successive modificazioni, di <strong>tre rappresentanti<\/strong> della Conferenza permanente per i rapporti tra lo Stato, le Regioni e le Province autonome di Trento e di Bolzano in seno <strong>alla Commissione scientifica ed economica del farmaco.<\/strong><\/p>\n<p>DESIGNAZIONI ACQUISITE<\/p>\n<p>2. Designazione, ai sensi dell\u2019articolo 6, comma 1, del decreto del Ministro della salute 20 settembre 2004, n. 245, e successive modificazioni, di <strong>due rappresentanti<\/strong> della Conferenza permanente per i rapporti tra lo Stato, le Regioni e le Province autonome di Trento e di Bolzano in seno al <strong>Consiglio di amministrazione dell\u2019AIFA.<\/strong><\/p>\n<p>DESIGNAZIONI ACQUISITE<\/p>\n<hr \/>\n<div><span style=\"font-size: 24px; font-weight: bold;\">Aifa, Regioni nominano esperti in CdA e Commissione unica<\/span><\/div>\n<div><\/div>\n<div><a href=\"https:\/\/www.federfarma.it\/Edicola\/Filodiretto\/VediNotizia.aspx?id=25662\" target=\"_blank\" rel=\"noopener\">Federfarma &#8211; 1 febbraio 2024<\/a><\/div>\n<div><\/div>\n<p><span style=\"font-size: 12pt;\">Inizia a prendere corpo, con le prime nomine, la nuova Agenzia italiana del farmaco (Aifa), dopo il via libera alla riforma. Le Regioni, con la ratifica del 30 gennaio in Conferenza Stato-Regioni, hanno ufficialmente designato <img loading=\"lazy\" decoding=\"async\" class=\"size-full wp-image-75185 alignleft\" src=\"https:\/\/www.fedaiisf.it\/wp-content\/uploads\/2024\/02\/Elisa-Sangiorgi.png\" alt=\"\" width=\"143\" height=\"158\" srcset=\"https:\/\/www.fedaiisf.it\/wp-content\/uploads\/2024\/02\/Elisa-Sangiorgi.png 143w, https:\/\/www.fedaiisf.it\/wp-content\/uploads\/2024\/02\/Elisa-Sangiorgi-11x12.png 11w\" sizes=\"auto, (max-width: 143px) 100vw, 143px\" \/>gli esperti che faranno parte del Consiglio di amministrazione (CdA): si tratta di <strong>Angelo Gratarola, assessore alla Sanit\u00e0 della Regione Liguria, e Vito Montanaro, direttore del Dipartimento della promozione della salute e del benessere animale della Regione Puglia.<\/strong><br \/>\n<\/span><\/p>\n<p><span style=\"font-size: 12pt;\">Le Regioni, inoltre, hanno nominato i tre esperti che le rappresentano nella Commissione scientifica ed economica del farmaco, che ingloba il Comitato prezzi e rimborsi e la Commissione tecnico-scientifica della \u2018vecchia\u2019 Aifa. Si tratta di <strong>Elisa Sangiorgi, dirigente area governo del farmaco della Regione Emilia Romagna, Giuseppe Toffoli, direttore struttura operativa complessa di Farmacologia sperimentale e clinica del Cro di Aviano (Friuli-Venezia Giulia) e Giovanna Scroccaro, direttrice Farmaceutica della Regione Veneto<\/strong>.<\/span><\/p>\n<div><\/div>\n<div><\/div>\n<div><a href=\"https:\/\/www.quotidianosanita.it\/allegati\/create_pdf.php?all=1706605601.pdf\" target=\"_blank\" rel=\"noopener\">Documento di Nomina<\/a><\/div>\n<div><\/div>\n<div><\/div>\n<div>Related news:<\/div>\n<p><span style=\"font-size: 14pt; font-weight: bold;\">MINISTRY OF HEALTH<\/span><\/p>\n<div>\n<div id=\"testo_657540\">\n<p><strong><a href=\"https:\/\/www.gazzettaufficiale.it\/atto\/serie_generale\/caricaDettaglioAtto\/originario?atto.dataPubblicazioneGazzetta=2024-01-15&amp;atto.codiceRedazionale=24G00012&amp;elenco30giorni=false\" target=\"_blank\" rel=\"noopener\">DECRETO 8 gennaio 2024, n. 3\u00a0<\/a><\/strong><\/p>\n<p>Regolamento recante modifiche al regolamento sull&#8217;organizzazione e sul funzionamento dell&#8217;Agenzia italiana del farmaco (AIFA).<\/p>\n<p><strong><a href=\"https:\/\/www.gazzettaufficiale.it\/eli\/gu\/2024\/01\/15\/11\/sg\/pdf\" target=\"_blank\" rel=\"noopener\">(GU Serie Generale n.11 del 15-01-2024)<\/a><\/strong><\/p>\n<p>15.11.2023: espressa l\u2019Intesa condizionata all\u2019accoglimento di richieste di modifica (accolte <a href=\"https:\/\/www.regioni.it\/download\/conferenze\/656886\/\" target=\"_blank\" rel=\"noopener\">document<\/a> approvato), Conferenza Stato-Regioni, <a href=\"https:\/\/www.regioni.it\/download\/conferenze\/656891\/\" target=\"_blank\" rel=\"noopener\">Rep. Atti n. 273\/CSR<\/a><\/p>\n<\/div>\n<p><a class=\"w3-left\" href=\"http:\/\/www.regioni.it\/download\/news\/657540\/\" target=\"_blank\" rel=\"noopener\"><img decoding=\"async\" title=\"\" src=\"https:\/\/www.regioni.it\/cms\/images\/file_type\/img_pdf.gif\" alt=\"\" \/> Reg_mod_organiz_funz_AIFA_Decr_8_1_24_n_3_GU_20240115_011.pdf<\/a><\/p>\n<hr \/>\n<\/div>\n<p><a href=\"https:\/\/www.aifa.gov.it\/documents\/20142\/1814735\/Determina_DG%20299-2023_ref_anticorruzione_2023.pdf\" target=\"_blank\" rel=\"noopener\">Nuova composizione gruppo dei referenti anticorruzione AIFA<\/a><\/p>\n<p><a href=\"https:\/\/www.fimmg.org\/index.php?action=pages&amp;m=view&amp;p=32646&amp;lang=it\" target=\"_blank\" rel=\"noopener\">Fimmg. Riforma Aifa, Schillaci nomina Walter Marrocco<\/a><\/p>\n<p><a href=\"https:\/\/www.fofi.it\/inside_f.php?id=12920&amp;grp=2\" target=\"_blank\" rel=\"noopener\">FOFI. Buon lavoro ai componenti della nuova Commissione scientifica ed economica dell&#8217;Aifa. Importante contributo della Professione all&#8217;attivit\u00e0 dell&#8217;Agenzia<\/a><\/p>\n<h3 class=\"title\"><a href=\"https:\/\/www.ilbollettino.eu\/2024\/02\/06\/riforma-aifa-ecco-chi-sono-gli-esperti-che-decidono-sui-farmaci\/\" target=\"_blank\" rel=\"noopener\">Riforma Aifa, ecco chi sono gli esperti che decidono sui farmaci<\/a><\/h3>\n<p>There<strong> Commissione scientifica ed economica del farmaco<\/strong> dell\u2019Aifa sar\u00e0 cos\u00ec composta:<strong> Lara Nicoletta Angela Gitto<\/strong>, designata dal ministro della Salute, con funzioni di presidente; <strong>Giancarlo Agnelli<\/strong>, designato dal ministro della Salute; <strong>Walter Marrocco<\/strong>, designato dal ministro della Salute; <strong>Vincenzo Danilo Lozupone<\/strong>, designato dal ministro della Salute; <strong>Ida Fortino<\/strong>, designata dal ministro dell\u2019Economia e delle Finanze; <strong>Elisa Sangiorg<\/strong>the<strong>,<\/strong> Regione Emilia-Romagna, designata dalla Conferenza permanente per i rapporti tra lo Stato, le regioni e le province autonome di Trento e di Bolzano; <strong>Giuseppe Toffol<\/strong>i, Regione autonoma Friuli-Venezia Giulia, designato dalla Conferenza permanente per i rapporti tra lo Stato, le regioni e le province autonome di Trento e di Bolzano; <strong>Giovanna Scroccaro<\/strong>, Regione Veneto, designata dalla Conferenza permanente per i rapporti tra lo Stato, le regioni e le province autonome di Trento e di Bolzano. \u00a0&#8220;Sono <strong>componenti di diritto<\/strong> della Commissione il direttore tecnico-scientifico dell\u2019Aifa e il presidente dell\u2019Istituto superiore di sanit\u00e0 (<strong>Rocco Bellantone<\/strong>) o un suo delegato \u2013 precisa il decreto \u2013 I componenti non di diritto della Commissione scientifica ed economica del farmaco dell\u2019Aifa durano in carica tre anni e sono rinnovabili consecutivamente per una sola volta. A ciascun componente non di diritto spetta un\u2019indennit\u00e0 annua lorda di euro 25.000 euro&#8221;.<\/p>\n<p>Commissione scientifica ed economica del farmaco dell\u2019Aifa:<\/p>\n<p><strong>Lara Nicoletta Angela Gitto<\/strong>, designata dal ministro della Salute, con funzioni di <strong>president<\/strong>. La Gitto (50 anni), laurea in Giurisprudenza all&#8217;Universit\u00e0 degli Studi di Messina e master in Economia sanitaria, \u00e8 professore associato del Dipartimento di Economia dell&#8217;Universit\u00e0 di Messina.<\/p>\n<p><strong>Giancarlo Agnelli<\/strong> (72 anni), designato dal ministro della Salute, \u00e8 professore ordinario di Medicina interna all&#8217;Universit\u00e0 di Perugia, ha all&#8217;attivo studi clinici sulla prevenzione e il trattamento delle malattie cardiovascolari.<\/p>\n<p><strong>Walter Marrocco<\/strong> (68 anni), designato dal ministro della Salute, gi\u00e0 componente (dal 2007 al 2012 e 2013 al 2015) della Cts di Aifa, \u00e8 esperto di farmaci della Federazione italiana dei medici di famiglia.<\/p>\n<p><strong>Vincenzo Danilo Lozupone<\/strong>, designato dal ministro della Salute, titolare di farmacia a Bari\u00a0in via Crispi 99,<\/p>\n<p><strong>Ida Fortino<\/strong> (52 anni), designata dal ministro dell\u2019Economia e delle Finanze, gi\u00e0 dirigente Area strategia ed economia del farmaco dell&#8217;Aifa, \u00e8 dirigente dell&#8217;Unit\u00e0 organizzativa farmaceutica e dispositivi medici della Regione Lombardia.<\/p>\n<p><strong>Elisa Sangiorgi<\/strong> (49 anni) \u2013 Regione Emilia-Romagna \u2013 designata dalla Conferenza Stato-Regioni, \u00e8 dirigente Area governo del farmaco e dei dispositivi medici settore assistenza ospedaliera della Direzione generale cura della persona, salute e welfare della Regione Emilia-Romagna.<\/p>\n<p><strong>Giuseppe Toffoli<\/strong> \u2013 Regione Friuli-Venezia Giulia \u2013 designato dalla Conferenza Stato-Regioni, gi\u00e0 direttore della Farmacologia sperimentale e clinica del Centro di Riferimento Oncologico di Aviano. Toffoli, laureato in Medicina e chirurgia e specializzato in Oncologia medica e Farmacologia clinica all&#8217;Universit\u00e0 degli studi di Padova, \u00e8 responsabile di numerosi progetti di ricerca che sono stati premiati e finanziati da organismi pubblici nazionali, enti europei e associazioni no profit.<\/p>\n<p><strong>Giovanna Scroccaro<\/strong> (65 anni) \u2013 Regione Veneto \u2013 designata dalla Conferenza Stato-Regioni, gi\u00e0 responsabile della direzione Farmaceutico, protesica, dispositivi medici della Regione Veneto. Ha gi\u00e0 avuto un&#8217;esperienza in Aifa, nel 2019 \u00e8 stata nominata presidente del Comitato prezzi e rimborso dell\u2019Agenzia.<\/p>\n<p>Nella carica di direttore scientifico della nuova Aifa, dovrebbe essere confermato <strong>Pierluigi Russo,<\/strong>\u00a0mentre come direttore amministrativo \u00a0potrebbe arrivare dalla Lombardia\u00a0<strong>Francesco Maria Pavese. <\/strong>L\u2019incarico di Direttore Tecnico-Scientifico sar\u00e0 conferito tramite decreto ministeriale, previo consulto con il Ministro dell\u2019Economia e delle Finanze e la Conferenza Stato-Regioni. Il Direttore Tecnico-Scientifico dovr\u00e0 essere laureato in discipline sanitarie o titoli equipollenti, con esperienza tecnico-scientifica nel settore farmaceutico<\/p>\n<p><strong><img loading=\"lazy\" decoding=\"async\" class=\"wp-image-54684 alignright\" src=\"https:\/\/www.fedaiisf.it\/wp-content\/uploads\/2020\/11\/Giorgio-Pal\u00f9-Pres.-AIFA.jpg\" alt=\"\" width=\"92\" height=\"179\" srcset=\"https:\/\/www.fedaiisf.it\/wp-content\/uploads\/2020\/11\/Giorgio-Pal\u00f9-Pres.-AIFA.jpg 740w, https:\/\/www.fedaiisf.it\/wp-content\/uploads\/2020\/11\/Giorgio-Pal\u00f9-Pres.-AIFA-154x300.jpg 154w, https:\/\/www.fedaiisf.it\/wp-content\/uploads\/2020\/11\/Giorgio-Pal\u00f9-Pres.-AIFA-526x1024.jpg 526w\" sizes=\"auto, (max-width: 92px) 100vw, 92px\" \/>Giorgio Pal\u00f9<\/strong> \u00e8 stato confermato alla presidenza. Con l\u2019abolizione della figura del direttore generale, il presidente dell\u2019Aifa assumer\u00e0 la responsabilit\u00e0 legale dell\u2019Agenzia e presieder\u00e0 il Consiglio di Amministrazione. Giorgio Pal\u00f9 \u00e8 nato a Oderzo (Treviso) il 5 gennaio del 1949 ha compiuto <strong>75 anni<\/strong>, motivo per il quale la sua nomina ha incontrato degli ostacoli sulla strada<\/p>\n<p>Related news: <a href=\"https:\/\/ilmanifesto.it\/aifa-stop-a-donne-e-scienziati\" target=\"_blank\" rel=\"noopener\">Aifa, stop a donne e scienziati<\/a><\/p>","protected":false},"excerpt":{"rendered":"<p>Conferenza Stato-Regioni &#8211; marted\u00ec 30 gennaio 2024 La Conferenza Stato-Regioni, presieduta dal Ministro per gli affari regionali e le autonomie, Calderoli, ha esaminato il seguente ordine del giorno, con gli esiti indicati: 1. Designazione, ai sensi dell\u2019articolo 19, comma 4, del decreto del Ministro della salute 20 settembre 2004, n. 245, e successive modificazioni, di &hellip;<\/p>","protected":false},"author":4,"featured_media":75187,"comment_status":"closed","ping_status":"closed","sticky":false,"template":"","format":"standard","meta":{"footnotes":""},"categories":[1],"tags":[49],"class_list":["post-75179","post","type-post","status-publish","format-standard","has-post-thumbnail","hentry","category-notizie","tag-aifa"],"amp_enabled":true,"_links":{"self":[{"href":"https:\/\/www.fedaiisf.it\/en\/wp-json\/wp\/v2\/posts\/75179","targetHints":{"allow":["GET"]}}],"collection":[{"href":"https:\/\/www.fedaiisf.it\/en\/wp-json\/wp\/v2\/posts"}],"about":[{"href":"https:\/\/www.fedaiisf.it\/en\/wp-json\/wp\/v2\/types\/post"}],"author":[{"embeddable":true,"href":"https:\/\/www.fedaiisf.it\/en\/wp-json\/wp\/v2\/users\/4"}],"replies":[{"embeddable":true,"href":"https:\/\/www.fedaiisf.it\/en\/wp-json\/wp\/v2\/comments?post=75179"}],"version-history":[{"count":32,"href":"https:\/\/www.fedaiisf.it\/en\/wp-json\/wp\/v2\/posts\/75179\/revisions"}],"predecessor-version":[{"id":75274,"href":"https:\/\/www.fedaiisf.it\/en\/wp-json\/wp\/v2\/posts\/75179\/revisions\/75274"}],"wp:featuredmedia":[{"embeddable":true,"href":"https:\/\/www.fedaiisf.it\/en\/wp-json\/wp\/v2\/media\/75187"}],"wp:attachment":[{"href":"https:\/\/www.fedaiisf.it\/en\/wp-json\/wp\/v2\/media?parent=75179"}],"wp:term":[{"taxonomy":"category","embeddable":true,"href":"https:\/\/www.fedaiisf.it\/en\/wp-json\/wp\/v2\/categories?post=75179"},{"taxonomy":"post_tag","embeddable":true,"href":"https:\/\/www.fedaiisf.it\/en\/wp-json\/wp\/v2\/tags?post=75179"}],"curies":[{"name":"wp","href":"https:\/\/api.w.org\/{rel}","templated":true}]}}