{"id":75433,"date":"2024-02-22T05:56:50","date_gmt":"2024-02-22T04:56:50","guid":{"rendered":"https:\/\/www.fedaiisf.it\/?p=75433"},"modified":"2024-02-21T18:47:41","modified_gmt":"2024-02-21T17:47:41","slug":"convegno-investing-for-life-la-salute-conta-sondaggio-ipsos-la-salute-e-una-priorita","status":"publish","type":"post","link":"https:\/\/www.fedaiisf.it\/en\/convegno-investing-for-life-la-salute-conta-sondaggio-ipsos-la-salute-e-una-priorita\/","title":{"rendered":"Convegno: \u201cInvesting for Life: la Salute conta!\u201d. Sondaggio IPSOS: La salute \u00e8 una priorit\u00e0"},"content":{"rendered":"<h1>La salute conta pi\u00f9 di energia e lavoro<\/h1>\n<p class=\"is-sottotitolo\">La salute \u00e8 una priorit\u00e0 per gli italiani che la indicano al governo come area di intervento e di investimenti prima ancora di settori come lavoro ed energia. La prevenzione \u00e8 motore di salute e sostenibilit\u00e0. Lo mostra l&#8217;indagine Ipsos presentata a Roma alla sesta edizione di \u201cInventing for Life Health Summit\u201d dedicato alle scienze della vita e alle politiche della salute<\/p>\n<p><a href=\"https:\/\/www.vita.it\/la-salute-conta-piu-di-energia-e-lavoro\/\" target=\"_blank\" rel=\"noopener\">Vita &#8211; 21 febbraio &#8211; 2024<\/a> di Nicla Panciera<\/p>\n<p><img loading=\"lazy\" decoding=\"async\" class=\"wp-image-75435 alignright\" src=\"https:\/\/www.fedaiisf.it\/wp-content\/uploads\/2024\/02\/Schermata-2024-02-21-alle-18.04.21.png\" alt=\"\" width=\"510\" height=\"314\" srcset=\"https:\/\/www.fedaiisf.it\/wp-content\/uploads\/2024\/02\/Schermata-2024-02-21-alle-18.04.21.png 901w, https:\/\/www.fedaiisf.it\/wp-content\/uploads\/2024\/02\/Schermata-2024-02-21-alle-18.04.21-300x184.png 300w, https:\/\/www.fedaiisf.it\/wp-content\/uploads\/2024\/02\/Schermata-2024-02-21-alle-18.04.21-768x472.png 768w, https:\/\/www.fedaiisf.it\/wp-content\/uploads\/2024\/02\/Schermata-2024-02-21-alle-18.04.21-18x12.png 18w\" sizes=\"auto, (max-width: 510px) 100vw, 510px\" \/>La salute \u00e8 una priorit\u00e0 per gli italiani: il 69% dei cittadini mette gli investimenti in salute al primo posto, davanti a lavoro e costi per l\u2019energia; un dato in crescita rispetto agli ultimi due anni, anche in conseguenza del Covid e del costante aumento della prospettiva di vita. Pronto Soccorso, assistenza ospedaliera e prevenzione sono le tre aree prioritarie su cui intervenire con maggiore urgenza. Lo mostra il sondaggio d\u2019opinione \u201c<strong>Priorit\u00e0 e aspettative degli italiani per un nuovo Ssn<\/strong>\u201d presentato oggi a Roma in occasione della sesta edizione di \u201c<strong><em>Inventing for Life Health Summit<\/em><\/strong>\u201d organizzato da Msd Italia e dedicato al tema \u201cInvesting for Life: la Salute conta!\u201d sui temi dell\u2019innovazione e della ricerca, del rapporto pubblico-privato, delle criticit\u00e0 pi\u00f9 urgenti e delle trasformazioni del sistema sanitario del paese.<\/p>\n<p>La previsione demografica legata all\u2019invecchiamento della popolazione e le emergenze sociali ed epidemiologiche sono state tra le principali preoccupazioni emerse durante i lavori della giornata, oltre alla poca integrazione tra servizi sanitari e servizi sociali, alle differenze regionali e alla necessit\u00e0 di maggiori efficienza e finanziamenti per la sanit\u00e0.<\/p>\n<h3 class=\"wp-block-heading\">Difendere il sistema universalistico<\/h3>\n<p>Il sondaggio Ipsos monitora il rapporto e la percezione della sanit\u00e0 da parte della popolazione italiana che promuove il sistema sanitario nazionale, valutato positivamente da sei italiani su 10, ma per nove italiani su 10 deve essere finanziato di pi\u00f9; il 38% ritiene che la spesa pubblica per la sanit\u00e0 sia inferiore a quella degli altri paesi e, in effetti, investiamo in salute rispetto al Pil la met\u00e0 di quanto fa la Germania. \u00abPaesi come gli Usa investono in salute il 20% del Pil, con esiti di salute inferiore. Il nostro sistema universalistico \u00e8 pi\u00f9 efficiente\u00bb ha commentato <strong>Amerigo Cicchetti, direttore generale della programmazione sanitaria del Ministero della salute<\/strong>.<\/p>\n<h3 class=\"wp-block-heading\">Con la cronicit\u00e0, aumenta la richiesta<\/h3>\n<p>Dal 2019 a oggi, la spesa sanitaria \u00e8 passata dal 114 a 134 miliardi di euro. Non basta. Un invito a non limitarsi <img loading=\"lazy\" decoding=\"async\" class=\"wp-image-75436 alignleft\" src=\"https:\/\/www.fedaiisf.it\/wp-content\/uploads\/2024\/02\/presentazione-ipsos.jpeg\" alt=\"\" width=\"459\" height=\"306\" srcset=\"https:\/\/www.fedaiisf.it\/wp-content\/uploads\/2024\/02\/presentazione-ipsos.jpeg 1620w, https:\/\/www.fedaiisf.it\/wp-content\/uploads\/2024\/02\/presentazione-ipsos-300x200.jpeg 300w, https:\/\/www.fedaiisf.it\/wp-content\/uploads\/2024\/02\/presentazione-ipsos-1024x683.jpeg 1024w, https:\/\/www.fedaiisf.it\/wp-content\/uploads\/2024\/02\/presentazione-ipsos-768x512.jpeg 768w, https:\/\/www.fedaiisf.it\/wp-content\/uploads\/2024\/02\/presentazione-ipsos-1536x1024.jpeg 1536w, https:\/\/www.fedaiisf.it\/wp-content\/uploads\/2024\/02\/presentazione-ipsos-18x12.jpeg 18w\" sizes=\"auto, (max-width: 459px) 100vw, 459px\" \/>alle cifre assolute ma guardare alla realt\u00e0 dei bisogni \u00e8 venuto dal <strong>presidente dell\u2019associazione italiana di oncologia medica Aiom<\/strong>, <strong>Francesco Perrone<\/strong>: \u00abAssistiamo a un aumento dell\u2019incidenza ma anche della prevalenza, proprio per l\u2019invecchiamento della popolazione e le accresciute capacit\u00e0 delle cure che portano alla cronicizzazione. Ne consegue un maggior numero di pazienti che, quindi, porta a un aumento della domanda di risorse e professionisti\u00bb. Quanto all\u2019oncologia, \u00ab\u00e8 vero che siamo la pi\u00f9 alta voce di spesa, ma qui prevalgono gi\u00e0 da tempo principi come la appropriatezza e l\u2019organizzazione multidisciplinare.<strong> Oggi i pi\u00f9 rilevanti problemi del sistema sono rappresentati delle diseguaglianze inique di vario tipo<\/strong>: tempi di attesa, accesso alle cure, accesso agli screening. Infine, serve una miglior comunicazione tra societ\u00e0 scientifiche e istituzioni e penso alla nuova Aifa con un po\u2019 di ansia\u00bb.<\/p>\n<h3 class=\"wp-block-heading\">Salute e sanit\u00e0 siano priorit\u00e0 governative<\/h3>\n<p>Per un rispondente su tre dovrebbe aumentare il ruolo dello stato, il 42% invoca un maggior ruolo delle Regioni. \u00ab<strong>Nelle attese dell\u2019opinione pubblica italiana, salute e sanit\u00e0 restano la prima priorit\u00e0 per il Governo<\/strong>\u00bb <strong>ha osservato Nando Pagnoncelli, presidente di Ipsos.<\/strong> \u00abLe razionalizzazioni che investono la sanit\u00e0 pubblica, amplificate dalle notizie di cronaca sulla pressione cui sono sottoposti gli operatori sanitari, rinforzano l\u2019urgenza di azione attesa sui servizi e l\u2019assistenza ospedaliera, soprattutto di primo soccorso\u00bb<strong>.<\/strong><\/p>\n<p>..<em>. continua su <a href=\"https:\/\/www.vita.it\/la-salute-conta-piu-di-energia-e-lavoro\/\" target=\"_blank\" rel=\"noopener\">Vita<\/a><\/em><\/p>\n<p>Note: <em>la ricerca IPSOS \u00e8 stata presentata alla sesta edizione di \u201cInventing for Life Health Summit\u201d organizzato da Msd e dedicato al tema \u201cInvesting for Life: la salute conta!\u201d<\/em><\/p>\n<p>The <a href=\"https:\/\/www.fimmg.org\/index.php?action=pages&amp;m=view&amp;p=32239&amp;lang=it\" target=\"_blank\" rel=\"noopener\">SONDAGGIO\u00a0<\/a><\/p>\n<p><img loading=\"lazy\" decoding=\"async\" class=\"size-full wp-image-75434 aligncenter\" src=\"https:\/\/www.fedaiisf.it\/wp-content\/uploads\/2024\/02\/Schermata-2024-02-21-alle-18.07.41.png\" alt=\"\" width=\"1395\" height=\"697\" srcset=\"https:\/\/www.fedaiisf.it\/wp-content\/uploads\/2024\/02\/Schermata-2024-02-21-alle-18.07.41.png 1395w, https:\/\/www.fedaiisf.it\/wp-content\/uploads\/2024\/02\/Schermata-2024-02-21-alle-18.07.41-300x150.png 300w, https:\/\/www.fedaiisf.it\/wp-content\/uploads\/2024\/02\/Schermata-2024-02-21-alle-18.07.41-1024x512.png 1024w, https:\/\/www.fedaiisf.it\/wp-content\/uploads\/2024\/02\/Schermata-2024-02-21-alle-18.07.41-768x384.png 768w, https:\/\/www.fedaiisf.it\/wp-content\/uploads\/2024\/02\/Schermata-2024-02-21-alle-18.07.41-18x9.png 18w\" sizes=\"auto, (max-width: 1395px) 100vw, 1395px\" \/><\/p>\n<p>Related news: <a href=\"https:\/\/youtu.be\/JnQeysQo_G0?si=IYoe6N4PebLOLvDz\" target=\"_blank\" rel=\"noopener\">Pagnoncelli (Ipsos): &#8220;Sono cambiate le percezioni dei cittadini, salute e sanit\u00e0 sempre pi\u00f9 al centro&#8221;<\/a><\/p>\n<p><a href=\"https:\/\/youtu.be\/LsKbmVofCXc?si=CzhLKjzELgdSDiLw\" target=\"_blank\" rel=\"noopener\">Luppi (MSD): &#8220;Innovazione, un cavallo di battaglia distintivo per il nostro Paese&#8221;<\/a><\/p>\n<p><a href=\"https:\/\/www.fortuneita.com\/2024\/02\/21\/urso-mimit-unalleanza-per-il-farmaco-in-europa\/\" target=\"_blank\" rel=\"noopener\">Urso:Tavolo dedicato al farmaceutico e al biomedicale<strong>,<\/strong> in collaborazione con il ministero della Salute<\/a><\/p>\n<p>Urso: Nella Ue focus su tutela brevetti e un\u2019alleanza per il farmaco. Rispetto alle politiche comunitarie, \u00abstiamo vigilando sul processo che potrebbe portare all\u2019indebolimento della propriet\u00e0 intellettuale che avrebbe impatti sull\u2019attrazione degli investimenti esteri in un mercato globale fortemente competitivo: se si indebolisce la tutela dei brevetti gli investitori si rivolgeranno altrove ma &#8211; ha proseguito Urso &#8211; credo che ormai la Commissione abbia compreso come anche in questo campo cos\u00ec come per la politica agricola sia necessario guardare anche a rendere competitivo il sistema industriale. In questa direzione va la creazione di un\u2019alleanza per il farmaco &#8211; ha annunciato &#8211; sulla falsariga di quanto gi\u00e0 fatto per le materie prime critiche, che dovrebbe essere operativa dal 2024, composta dalle autorit\u00e0 nazionali tra cui il Mimit, dall\u2019industria e dalle organizzazioni della societ\u00e0 civile, dalla Commissione e da altri organismi Ue. (<a href=\"https:\/\/www.sanita24.ilsole24ore.com\/art\/imprese-e-mercato\/2024-02-21\/farmaceutica-urso-comparto-strategico-disegno-politica-industriale-made-italy-contesto-ue-vigilare-tutela-brevettuale-un-alleanza-il-farmaco-101315.php?uuid=AFtwGUnC\" target=\"_blank\" rel=\"noopener\">Sanit\u00e0 24 &#8211; Il Sole 24 Ore<\/a>)<\/p>\n<p>&nbsp;<\/p>","protected":false},"excerpt":{"rendered":"<p>La salute conta pi\u00f9 di energia e lavoro La salute \u00e8 una priorit\u00e0 per gli italiani che la indicano al governo come area di intervento e di investimenti prima ancora di settori come lavoro ed energia. La prevenzione \u00e8 motore di salute e sostenibilit\u00e0. Lo mostra l&#8217;indagine Ipsos presentata a Roma alla sesta edizione di &hellip;<\/p>","protected":false},"author":4,"featured_media":75439,"comment_status":"closed","ping_status":"closed","sticky":false,"template":"","format":"standard","meta":{"footnotes":""},"categories":[1],"tags":[79],"class_list":["post-75433","post","type-post","status-publish","format-standard","has-post-thumbnail","hentry","category-notizie","tag-ssn"],"amp_enabled":true,"_links":{"self":[{"href":"https:\/\/www.fedaiisf.it\/en\/wp-json\/wp\/v2\/posts\/75433","targetHints":{"allow":["GET"]}}],"collection":[{"href":"https:\/\/www.fedaiisf.it\/en\/wp-json\/wp\/v2\/posts"}],"about":[{"href":"https:\/\/www.fedaiisf.it\/en\/wp-json\/wp\/v2\/types\/post"}],"author":[{"embeddable":true,"href":"https:\/\/www.fedaiisf.it\/en\/wp-json\/wp\/v2\/users\/4"}],"replies":[{"embeddable":true,"href":"https:\/\/www.fedaiisf.it\/en\/wp-json\/wp\/v2\/comments?post=75433"}],"version-history":[{"count":6,"href":"https:\/\/www.fedaiisf.it\/en\/wp-json\/wp\/v2\/posts\/75433\/revisions"}],"predecessor-version":[{"id":75444,"href":"https:\/\/www.fedaiisf.it\/en\/wp-json\/wp\/v2\/posts\/75433\/revisions\/75444"}],"wp:featuredmedia":[{"embeddable":true,"href":"https:\/\/www.fedaiisf.it\/en\/wp-json\/wp\/v2\/media\/75439"}],"wp:attachment":[{"href":"https:\/\/www.fedaiisf.it\/en\/wp-json\/wp\/v2\/media?parent=75433"}],"wp:term":[{"taxonomy":"category","embeddable":true,"href":"https:\/\/www.fedaiisf.it\/en\/wp-json\/wp\/v2\/categories?post=75433"},{"taxonomy":"post_tag","embeddable":true,"href":"https:\/\/www.fedaiisf.it\/en\/wp-json\/wp\/v2\/tags?post=75433"}],"curies":[{"name":"wp","href":"https:\/\/api.w.org\/{rel}","templated":true}]}}