{"id":75494,"date":"2024-02-26T05:56:25","date_gmt":"2024-02-26T04:56:25","guid":{"rendered":"https:\/\/www.fedaiisf.it\/?p=75494"},"modified":"2024-03-01T12:34:00","modified_gmt":"2024-03-01T11:34:00","slug":"revisione-dei-codici-ateco","status":"publish","type":"post","link":"https:\/\/www.fedaiisf.it\/en\/revisione-dei-codici-ateco\/","title":{"rendered":"Revisione dei Codici ATECO"},"content":{"rendered":"<p style=\"font-weight: 400;\">\u00c8 in corso una revisione dei codici ATECO. In Italia l\u2019ISTAT ha costituito una apposita Commissione incaricata di armonizzare i Codici Ateco italiani con quelli europei.<\/p>\n<p style=\"font-weight: 400;\"><img loading=\"lazy\" decoding=\"async\" class=\"size-full wp-image-62922 alignright\" src=\"https:\/\/www.fedaiisf.it\/wp-content\/uploads\/2022\/03\/codice-iateco-stat-aggiornamento.jpg\" alt=\"\" width=\"208\" height=\"216\" \/>ATECO 2025, cos\u00ec viene chiamata la revisione, entrer\u00e0 in vigore a partire dal 1\u00b0 gennaio 2025, ed \u00e8 in linea con quanto stabilito nel Regolamento delegato (Ue) 2023\/137 della Commissione che modifica il Regolamento (CE) n. 1893\/2006 del Parlamento europeo e del Consiglio. Essa dovr\u00e0 risultare coerente con la classificazione europea di riferimento NACE nella struttura e nei contenuti, e sar\u00e0 compito della Commissione europea verificare la conformit\u00e0 tra le due classificazioni, previa approvazione da parte del Comitato ATECO recentemente rinnovato.<\/p>\n<p style=\"font-weight: 400;\">Ricordiamo che il codice At.Eco. (attivit\u00e0 economiche) riguardante la classificazione delle attivit\u00e0 economiche \u00e8 una tipologia di classificazione adottata dall&#8217;Istituto nazionale di statistica italiano (ISTAT) per le rilevazioni statistiche nazionali di carattere economico.<\/p>\n<p style=\"font-weight: 400;\">Tale classificazione \u00e8 valida a partire dal 2008 anche per le comunicazioni e le dichiarazioni all&#8217;Agenzia delle Entrate in sostituzione della precedente ATECOFIN 2004. Il codice ATECO \u00e8 inoltre necessario per l\u2019apertura di una nuova partita IVA. In questo caso, infatti, occorre comunicare all\u2019Agenzia delle Entrate la tipologia dell\u2019attivit\u00e0 che si intende svolgere sulla base della classificazione ATECO 2007, comunicazione necessaria affinch\u00e9 ciascuna attivit\u00e0 sia classificata in modo standardizzato ai fini fiscali, contributivi e statistici.<\/p>\n<p>Durante il lockdown per la pandemia da Covid, il DPCM 22 marzo 2020 indicava col codice ATECO le <a href=\"https:\/\/www.confindustriafirenze.it\/wp-content\/plugins\/download-attachments\/includes\/download.php?id=302757\" target=\"_blank\" rel=\"noopener\">attivit\u00e0<\/a> non sospese<\/p>\n<p style=\"font-weight: 400;\">Il codice ATECO \u00e8 una combinazione alfanumerica nella quale le lettere individuano il macrosettore economico mentre i numeri (da 2 fino a sei 6) rappresentano, in modo dettagliato, le specifiche articolazioni e sottocategorie dei settori stessi.<\/p>\n<p style=\"font-weight: 400;\"><img loading=\"lazy\" decoding=\"async\" class=\"alignnone size-full wp-image-75495 aligncenter\" src=\"https:\/\/www.fedaiisf.it\/wp-content\/uploads\/2024\/02\/Ateco-codice.png\" alt=\"\" width=\"269\" height=\"30\" srcset=\"https:\/\/www.fedaiisf.it\/wp-content\/uploads\/2024\/02\/Ateco-codice.png 269w, https:\/\/www.fedaiisf.it\/wp-content\/uploads\/2024\/02\/Ateco-codice-18x2.png 18w\" sizes=\"auto, (max-width: 269px) 100vw, 269px\" \/><\/p>\n<p style=\"text-align: center;\"><img loading=\"lazy\" decoding=\"async\" class=\"alignnone size-full wp-image-75496\" src=\"https:\/\/www.fedaiisf.it\/wp-content\/uploads\/2024\/02\/Ateco-ISF.png\" alt=\"\" width=\"272\" height=\"60\" srcset=\"https:\/\/www.fedaiisf.it\/wp-content\/uploads\/2024\/02\/Ateco-ISF.png 272w, https:\/\/www.fedaiisf.it\/wp-content\/uploads\/2024\/02\/Ateco-ISF-18x4.png 18w\" sizes=\"auto, (max-width: 272px) 100vw, 272px\" \/><\/p>\n<p style=\"font-weight: 400;\">La classificazione \u00e8 standardizzata a livello europeo fino alla quarta cifra, mentre le categorie e le sottocategorie (rispettivamente livello 5 e 6) possono differire tra i singoli paesi, per meglio cogliere le specificit\u00e0 nazionali.<\/p>\n<p style=\"font-weight: 400;\">NACE \u00e8 la traduzione italiana della nomenclatura delle attivit\u00e0 economiche (NACE, <em>dal francese Nomenclature statistique des activit\u00e9s \u00e9conomiques dans la Communaut\u00e9 europ\u00e9enne<\/em>) creata dall&#8217;Eurostat, adattata dall&#8217;ISTAT alle caratteristiche specifiche del sistema economico italiano. La versione ATECO 2007, con un aggiornamento 2022, era entrata in vigore dal 1\u00ba gennaio 2008, e sostituiva la precedente ATECO 2002, adottata nel 2002 ad aggiornamento della ATECO 1991.<\/p>\n<p style=\"font-weight: 400;\"><img loading=\"lazy\" decoding=\"async\" class=\"wp-image-49503 alignleft\" src=\"https:\/\/www.fedaiisf.it\/wp-content\/uploads\/2020\/04\/CODICE-ATECO-E-ISF.jpg\" alt=\"\" width=\"358\" height=\"158\" srcset=\"https:\/\/www.fedaiisf.it\/wp-content\/uploads\/2020\/04\/CODICE-ATECO-E-ISF.jpg 1200w, https:\/\/www.fedaiisf.it\/wp-content\/uploads\/2020\/04\/CODICE-ATECO-E-ISF-300x133.jpg 300w, https:\/\/www.fedaiisf.it\/wp-content\/uploads\/2020\/04\/CODICE-ATECO-E-ISF-1024x452.jpg 1024w, https:\/\/www.fedaiisf.it\/wp-content\/uploads\/2020\/04\/CODICE-ATECO-E-ISF-768x339.jpg 768w\" sizes=\"auto, (max-width: 358px) 100vw, 358px\" \/>Fedaiisf \u00e8 intervenuta per spiegare al Comitato cos\u2019\u00e8 l\u2019attivit\u00e0 degli informatori scientifici del farmaco e degli altri tipi di informazione scientifica cos\u00ec come regolamentati dalle normative europee e italiane affinch\u00e9 fossero attribuite alle categorie degli informatori le classificazioni corrette. Non \u00e8 stata una cosa semplice perch\u00e9 come tutti colore che non fanno parte del settore avevano una visione dell\u2019ISF corrispondente a quella dell\u2019immaginario collettivo, cio\u00e8 del tutto fuorviante. Sembra che la cosa sia stata compresa, ora il difficile \u00e8 che venga compresa anche in Europa dall\u2019Eurostat. A questo livello, se esiste ancora, dovrebbe attivarsi l&#8217;Uni\u00f3n Internacional de Asociaciones de Delegados M\u00e9dicos (<a href=\"https:\/\/www.visitamedica.com\/es\/uiadm\" target=\"_blank\" rel=\"noopener\">UIADM<\/a>)<\/p>\n<p style=\"font-weight: 400;\">Data la natura complessa del processo di revisione, nel corso del 2024 la classificazione cos\u00ec come \u00e8 ora potr\u00e0 subire delle modifiche a livello di struttura, di contenuti esplicitati e di traduzione (dalla lingua inglese a quella italiana e, per le note nazionali, dalla lingua italiana a quella inglese), in quanto \u00e8 necessario garantire coerenza strutturale e armonizzazione linguistica.<\/p>\n<p>Related news: <a href=\"https:\/\/www.fedaiisf.it\/en\/aggiornamento-codici-ateco-inserimento-di-una-nuova-nota-di-inclusione-nel-codice-di-sottocategoria-ateco-74-90-99-dedicato-allattivita-di-informazione-scientifica-di-prodotti-farmaceutici\/\" target=\"_blank\" rel=\"noopener\">Update of ATECO codes. Insertion of a new inclusion note in the ATECO 74.90.99 sub-category code dedicated to the scientific information activity of pharmaceutical products<\/a><\/p>","protected":false},"excerpt":{"rendered":"<p>\u00c8 in corso una revisione dei codici ATECO. In Italia l\u2019ISTAT ha costituito una apposita Commissione incaricata di armonizzare i Codici Ateco italiani con quelli europei. ATECO 2025, cos\u00ec viene chiamata la revisione, entrer\u00e0 in vigore a partire dal 1\u00b0 gennaio 2025, ed \u00e8 in linea con quanto stabilito nel Regolamento delegato (Ue) 2023\/137 della &hellip;<\/p>","protected":false},"author":4,"featured_media":75501,"comment_status":"closed","ping_status":"closed","sticky":false,"template":"","format":"standard","meta":{"footnotes":""},"categories":[16],"tags":[21,42,41],"class_list":["post-75494","post","type-post","status-publish","format-standard","has-post-thumbnail","hentry","category-primo-piano","tag-informatori-scientifici","tag-istat","tag-leggisentenze"],"amp_enabled":true,"_links":{"self":[{"href":"https:\/\/www.fedaiisf.it\/en\/wp-json\/wp\/v2\/posts\/75494","targetHints":{"allow":["GET"]}}],"collection":[{"href":"https:\/\/www.fedaiisf.it\/en\/wp-json\/wp\/v2\/posts"}],"about":[{"href":"https:\/\/www.fedaiisf.it\/en\/wp-json\/wp\/v2\/types\/post"}],"author":[{"embeddable":true,"href":"https:\/\/www.fedaiisf.it\/en\/wp-json\/wp\/v2\/users\/4"}],"replies":[{"embeddable":true,"href":"https:\/\/www.fedaiisf.it\/en\/wp-json\/wp\/v2\/comments?post=75494"}],"version-history":[{"count":6,"href":"https:\/\/www.fedaiisf.it\/en\/wp-json\/wp\/v2\/posts\/75494\/revisions"}],"predecessor-version":[{"id":75504,"href":"https:\/\/www.fedaiisf.it\/en\/wp-json\/wp\/v2\/posts\/75494\/revisions\/75504"}],"wp:featuredmedia":[{"embeddable":true,"href":"https:\/\/www.fedaiisf.it\/en\/wp-json\/wp\/v2\/media\/75501"}],"wp:attachment":[{"href":"https:\/\/www.fedaiisf.it\/en\/wp-json\/wp\/v2\/media?parent=75494"}],"wp:term":[{"taxonomy":"category","embeddable":true,"href":"https:\/\/www.fedaiisf.it\/en\/wp-json\/wp\/v2\/categories?post=75494"},{"taxonomy":"post_tag","embeddable":true,"href":"https:\/\/www.fedaiisf.it\/en\/wp-json\/wp\/v2\/tags?post=75494"}],"curies":[{"name":"wp","href":"https:\/\/api.w.org\/{rel}","templated":true}]}}