{"id":75653,"date":"2024-03-04T19:49:44","date_gmt":"2024-03-04T18:49:44","guid":{"rendered":"https:\/\/www.fedaiisf.it\/?p=75653"},"modified":"2024-03-04T19:56:47","modified_gmt":"2024-03-04T18:56:47","slug":"cosenza-martedi-5-marzo-presentazione-prevenire-per-vivere-fedaiisf-fra-i-partner","status":"publish","type":"post","link":"https:\/\/www.fedaiisf.it\/en\/cosenza-martedi-5-marzo-presentazione-prevenire-per-vivere-fedaiisf-fra-i-partner\/","title":{"rendered":"Cosenza, marted\u00ec 5 marzo presentazione &#8220;Prevenire per vivere&#8221;. Fedaiisf fra i partner"},"content":{"rendered":"<p>Sar\u00e0 presentato domani, marted\u00ec 5 marzo, alle ore 11.30 nel Salone di Rappresentanza di Palazzo dei Bruzi, a Cosenza, nell&#8217;ambito di un&#8217;apposita conferenza, il progetto &#8221; Prevenire per vivere&#8221;<\/p>\n<p><img loading=\"lazy\" decoding=\"async\" class=\"wp-image-75658 alignright\" src=\"https:\/\/www.fedaiisf.it\/wp-content\/uploads\/2024\/03\/caruso-de-marco-cosenza.png\" alt=\"\" width=\"270\" height=\"209\" srcset=\"https:\/\/www.fedaiisf.it\/wp-content\/uploads\/2024\/03\/caruso-de-marco-cosenza.png 551w, https:\/\/www.fedaiisf.it\/wp-content\/uploads\/2024\/03\/caruso-de-marco-cosenza-300x232.png 300w, https:\/\/www.fedaiisf.it\/wp-content\/uploads\/2024\/03\/caruso-de-marco-cosenza-16x12.png 16w\" sizes=\"auto, (max-width: 270px) 100vw, 270px\" \/>All&#8217;appuntamento con i giornalisti saranno presenti il sindaco, <strong>Franz Caruso<\/strong>, l&#8217;assessore alla salute, <strong>Maria Teresa De Marco<\/strong>, ed rappresentanti del partenariato diffuso che ha sostenuto il progetto: il Club Rotary Settecolli, l&#8217;azienda Sanitaria Provinciale di Cosenza, il laboratorio di analisi cliniche Perugini, il Comune di Cosenza &#8211; Palazzo dei Bruzi Centro Diagnostico Ginecos, L&#8217;AFT Kos le farmacie Aiello Giuseppe, Lourdes e Stumpo, la <strong>FEDAIISF (Federazione Associazioni Italiane Informatori Scientifici del Farmaco)<\/strong> e l&#8217;APMARR (Associazione Nazionale Persone con Malattie Reumatologiche e Rare).<\/p>\n<p>Con il progetto <em>Prevenire per vivere<\/em>, Cosenza \u00e8 il primo Comune in Calabria a patrocinare uno screening gratuito per la prevenzione del cancro al colon retto in una popolazione compresa tra i 40 ed i 45 anni di et\u00e0.<\/p>\n<p>Un progetto, dunque, che permette di anticipare la prevenzione convenzionale che viene effettuata nei range 50\/69 anni, sar\u00e0 presentato marted\u00ec 5 marzo alle 11.30 nel Salone di Rappresentanza di Palazzo dei Bruzi e rientra nell\u2019ambito delle azioni di politiche per il benessere e la prevenzione portate avanti dall\u2019Amministrazione Comunale guidata dal sindaco <strong>Franz Caruso<\/strong>.<\/p>\n<p>Source: <a href=\"https:\/\/www.comune.cosenza.it\/archivio10_notizie-e-comunicati_0_21463.html\" target=\"_blank\" rel=\"noopener\">Comune di Cosenza<\/a><\/p>","protected":false},"excerpt":{"rendered":"<p>Sar\u00e0 presentato domani, marted\u00ec 5 marzo, alle ore 11.30 nel Salone di Rappresentanza di Palazzo dei Bruzi, a Cosenza, nell&#8217;ambito di un&#8217;apposita conferenza, il progetto &#8221; Prevenire per vivere&#8221; All&#8217;appuntamento con i giornalisti saranno presenti il sindaco, Franz Caruso, l&#8217;assessore alla salute, Maria Teresa De Marco, ed rappresentanti del partenariato diffuso che ha sostenuto il &hellip;<\/p>","protected":false},"author":4,"featured_media":75654,"comment_status":"closed","ping_status":"closed","sticky":false,"template":"","format":"standard","meta":{"footnotes":""},"categories":[1],"tags":[45],"class_list":["post-75653","post","type-post","status-publish","format-standard","has-post-thumbnail","hentry","category-notizie","tag-fedaiisf"],"amp_enabled":true,"_links":{"self":[{"href":"https:\/\/www.fedaiisf.it\/en\/wp-json\/wp\/v2\/posts\/75653","targetHints":{"allow":["GET"]}}],"collection":[{"href":"https:\/\/www.fedaiisf.it\/en\/wp-json\/wp\/v2\/posts"}],"about":[{"href":"https:\/\/www.fedaiisf.it\/en\/wp-json\/wp\/v2\/types\/post"}],"author":[{"embeddable":true,"href":"https:\/\/www.fedaiisf.it\/en\/wp-json\/wp\/v2\/users\/4"}],"replies":[{"embeddable":true,"href":"https:\/\/www.fedaiisf.it\/en\/wp-json\/wp\/v2\/comments?post=75653"}],"version-history":[{"count":6,"href":"https:\/\/www.fedaiisf.it\/en\/wp-json\/wp\/v2\/posts\/75653\/revisions"}],"predecessor-version":[{"id":75661,"href":"https:\/\/www.fedaiisf.it\/en\/wp-json\/wp\/v2\/posts\/75653\/revisions\/75661"}],"wp:featuredmedia":[{"embeddable":true,"href":"https:\/\/www.fedaiisf.it\/en\/wp-json\/wp\/v2\/media\/75654"}],"wp:attachment":[{"href":"https:\/\/www.fedaiisf.it\/en\/wp-json\/wp\/v2\/media?parent=75653"}],"wp:term":[{"taxonomy":"category","embeddable":true,"href":"https:\/\/www.fedaiisf.it\/en\/wp-json\/wp\/v2\/categories?post=75653"},{"taxonomy":"post_tag","embeddable":true,"href":"https:\/\/www.fedaiisf.it\/en\/wp-json\/wp\/v2\/tags?post=75653"}],"curies":[{"name":"wp","href":"https:\/\/api.w.org\/{rel}","templated":true}]}}