{"id":75790,"date":"2024-03-13T09:45:00","date_gmt":"2024-03-13T08:45:00","guid":{"rendered":"https:\/\/www.fedaiisf.it\/?p=75790"},"modified":"2024-03-13T09:48:20","modified_gmt":"2024-03-13T08:48:20","slug":"basilicata-intervento-di-elio-di-chicco-registro-degli-isf-promosso-da-inforbasilicata-federata-fedaiisf","status":"publish","type":"post","link":"https:\/\/www.fedaiisf.it\/en\/basilicata-intervento-di-elio-di-chicco-registro-degli-isf-promosso-da-inforbasilicata-federata-fedaiisf\/","title":{"rendered":"Basilicata. Intervento di Elio Di Chicco, registro degli ISF promosso da Inforbasilicata, federata Fedaiisf"},"content":{"rendered":"<p><span style=\"font-size: 18pt;\"><a title=\"Permalink to Registro degli informatori scientifici del farmaco e del parafarmaco, intervento di\u00a0 Elio Di Chicco (Inforbasilicata)\" href=\"https:\/\/www.sassilive.it\/salute-e-sociale\/notizie-mediche\/registro-degli-informatori-scientifici-del-farmaco-e-del-parafarmaco-intervento-di-elio-di-chicco-inforbasilicata\/\" target=\"_blank\" rel=\"noopener\">Registro degli informatori scientifici del farmaco e del parafarmaco, intervento di\u00a0 Elio Di Chicco (Inforbasilicata)<\/a><\/span><\/p>\n<p><a href=\"https:\/\/www.sassilive.it\/salute-e-sociale\/notizie-mediche\/registro-degli-informatori-scientifici-del-farmaco-e-del-parafarmaco-intervento-di-elio-di-chicco-inforbasilicata\/\" target=\"_blank\" rel=\"noopener\">Sassi live &#8211; 13 marzo 2024<\/a><\/p>\n<p><img loading=\"lazy\" decoding=\"async\" class=\"wp-image-60670 alignright\" src=\"https:\/\/www.fedaiisf.it\/wp-content\/uploads\/2021\/10\/Inforbasilicata.png\" alt=\"\" width=\"183\" height=\"174\" srcset=\"https:\/\/www.fedaiisf.it\/wp-content\/uploads\/2021\/10\/Inforbasilicata.png 503w, https:\/\/www.fedaiisf.it\/wp-content\/uploads\/2021\/10\/Inforbasilicata-300x285.png 300w\" sizes=\"auto, (max-width: 183px) 100vw, 183px\" \/>Inforbasilicata, federata Fedaiisf, \u00e8 l\u2019associazione di categoria degli informatori scientifici lucani e la nostra funzione \u00e8 quella di fare da tramite tra i colleghi, enti pubblici e rappresentanze sindacali.<\/p>\n<p>Innanzitutto, ringrazio i consiglieri Vincenzo Baldassarre, Giovanni Vizziello, Carlo Trerotola, Marcello Pittella e lo staff tecnico amministrativo per aver preso in carico la nostra richiesta d\u2019istituzione del Registro Regionale degli informatori scientifici del farmaco e parafarmaco e ringrazio anche l\u2019assessore regionale Francesco Fanelli per aver ascoltato la nostra richiesta in merito al ripristino del nostro accesso univoco presso gli ospedali lucani.<\/p>\n<p>Compiacendomi per la disponibilit\u00e0 dei membri sopracitati e della celerit\u00e0 con cui \u00e8 stata presa in carico la questione, ringrazio i miei colleghi di cui in modo particolare Giuseppe De Carlo, Francesco Grossi e Innocenzo Masiello per avermi sostenuto in questa proposta.<\/p>\n<p>Inforbasilicata fa parte di una federazione nazionale che si chiama Fedaiisf che da tre anni dal mio incarico, ha sempre fornito gli elementi e gli stimoli giusti per riprendere la visibilit\u00e0 del nostro ruolo di informatori scientifici.<\/p>\n<p><img loading=\"lazy\" decoding=\"async\" class=\"wp-image-75793 alignleft\" src=\"https:\/\/www.fedaiisf.it\/wp-content\/uploads\/2024\/03\/collage-3.png\" alt=\"\" width=\"358\" height=\"358\" srcset=\"https:\/\/www.fedaiisf.it\/wp-content\/uploads\/2024\/03\/collage-3.png 800w, https:\/\/www.fedaiisf.it\/wp-content\/uploads\/2024\/03\/collage-3-300x300.png 300w, https:\/\/www.fedaiisf.it\/wp-content\/uploads\/2024\/03\/collage-3-150x150.png 150w, https:\/\/www.fedaiisf.it\/wp-content\/uploads\/2024\/03\/collage-3-768x768.png 768w, https:\/\/www.fedaiisf.it\/wp-content\/uploads\/2024\/03\/collage-3-12x12.png 12w\" sizes=\"auto, (max-width: 358px) 100vw, 358px\" \/>La mission di questa nuova legge regionale \u00e8 rappresentata dall\u2019istituzione di un registro regionale di informatori, che include anche i colleghi del parafarmaco. Nasce dall\u2019esigenza di dare un giusto peso a questi ultimi poich\u00e9 la nutraceutica negli anni ha visto un percorso di approfondimento passando dai comuni integratori, ossia composti di sostanze di cui necessita il nostro organismo per compensarne le carenze, a principi attivi inclusi in formulazioni, e quindi parafarmaci mirati al mantenimento di condizioni di salute ottimali e a contrastare gli effetti tangibili di alcune patologie; inoltre, l\u2019inclusione degli informatori scientifici del parafarmaco significa identificare gli informatori scientifici tutti allo stesso livello lavorativo e nelle stesse condizioni lavorative; in altre parole un ruolo unico, che con gli anni \u00e8 stato sminuito a causa della variabilit\u00e0 delle tipologie contrattuali e purtroppo anche per il comportamento di alcuni colleghi fuori dalle condizioni etiche che ci governano.<\/p>\n<p>Tutti noi informatori siamo l\u2019anello di congiunzione tra ci\u00f2 che \u00e8 un farmaco e parafarmaco con le rispettive autorizzazioni all\u2019immissione in commercio e la scelta terapeutica dei medici, affinch\u00e9 quest\u2019ultima avvenga in totale sicurezza e garantisca la giusta efficacia e l\u2019appropriatezza terapeutica; quest\u2019ultimo resta il nostro obiettivo principale, al di fuori di qualsiasi logica d\u2019interesse.<\/p>\n<p>Molti di noi sono impegnati nel sociale, basta pensare ai colleghi che hanno dato una mano durante le vaccinazioni contro il Covid19 o ai colleghi che organizzano corsi sull\u2019uso dei defibrillatori. Tutto ci\u00f2 dovrebbe rappresentare un ottimo \u201cbiglietto da visita\u201d soprattutto nei confronti dei pazienti.<\/p>\n<p>Ringrazio tutti i membri della Regione Basilicata per l\u2019inclusione nella legge regionale dell\u2019istituzione del tavolo tecnico permanente che ci dar\u00e0 la possibilit\u00e0 di confrontarci in materia di farmaci e parafarmaci e sulle criticit\u00e0 legate al nostro lavoro sul territorio.<\/p>\n<p style=\"padding-left: 80px;\">Elio Di Chicco<\/p>\n<p>Presidente InforBasilicata, federata Fedaiisf<\/p>\n<p>13 marzo 2024<\/p>\n<p><img loading=\"lazy\" decoding=\"async\" class=\"size-full wp-image-75777 aligncenter\" src=\"https:\/\/www.fedaiisf.it\/wp-content\/uploads\/2024\/03\/1-basilicata-commissione-4.png\" alt=\"\" width=\"756\" height=\"105\" srcset=\"https:\/\/www.fedaiisf.it\/wp-content\/uploads\/2024\/03\/1-basilicata-commissione-4.png 756w, https:\/\/www.fedaiisf.it\/wp-content\/uploads\/2024\/03\/1-basilicata-commissione-4-300x42.png 300w, https:\/\/www.fedaiisf.it\/wp-content\/uploads\/2024\/03\/1-basilicata-commissione-4-18x3.png 18w\" sizes=\"auto, (max-width: 756px) 100vw, 756px\" \/><\/p>\n<hr \/>\n<p>Related news: <a href=\"https:\/\/www.fedaiisf.it\/en\/intervista-a-elio-di-chicco-inforbasilicata-su-il-ruolo-dellinformatore-scientifico-del-farmaco\/\" target=\"_blank\" rel=\"noopener\">Intervista a Elio Di Chicco (Inforbasilicata) su \u201cIl Ruolo dell\u2019Informatore Scientifico del farmaco\u201d<\/a><\/p>\n<p><a href=\"https:\/\/www.fedaiisf.it\/wp-content\/uploads\/2014\/05\/Regione.basilicata.Reg_.ISF_.pdf\" target=\"_blank\" rel=\"noopener\">Regione.Basilicata.Regolamento ISF 2006<\/a><\/p>","protected":false},"excerpt":{"rendered":"<p>Registro degli informatori scientifici del farmaco e del parafarmaco, intervento di\u00a0 Elio Di Chicco (Inforbasilicata) Sassi live &#8211; 13 marzo 2024 Inforbasilicata, federata Fedaiisf, \u00e8 l\u2019associazione di categoria degli informatori scientifici lucani e la nostra funzione \u00e8 quella di fare da tramite tra i colleghi, enti pubblici e rappresentanze sindacali. Innanzitutto, ringrazio i consiglieri Vincenzo &hellip;<\/p>","protected":false},"author":4,"featured_media":75796,"comment_status":"closed","ping_status":"closed","sticky":false,"template":"","format":"standard","meta":{"footnotes":""},"categories":[1,14],"tags":[],"class_list":["post-75790","post","type-post","status-publish","format-standard","has-post-thumbnail","hentry","category-notizie","category-news-fedaiisf"],"amp_enabled":true,"_links":{"self":[{"href":"https:\/\/www.fedaiisf.it\/en\/wp-json\/wp\/v2\/posts\/75790","targetHints":{"allow":["GET"]}}],"collection":[{"href":"https:\/\/www.fedaiisf.it\/en\/wp-json\/wp\/v2\/posts"}],"about":[{"href":"https:\/\/www.fedaiisf.it\/en\/wp-json\/wp\/v2\/types\/post"}],"author":[{"embeddable":true,"href":"https:\/\/www.fedaiisf.it\/en\/wp-json\/wp\/v2\/users\/4"}],"replies":[{"embeddable":true,"href":"https:\/\/www.fedaiisf.it\/en\/wp-json\/wp\/v2\/comments?post=75790"}],"version-history":[{"count":8,"href":"https:\/\/www.fedaiisf.it\/en\/wp-json\/wp\/v2\/posts\/75790\/revisions"}],"predecessor-version":[{"id":75800,"href":"https:\/\/www.fedaiisf.it\/en\/wp-json\/wp\/v2\/posts\/75790\/revisions\/75800"}],"wp:featuredmedia":[{"embeddable":true,"href":"https:\/\/www.fedaiisf.it\/en\/wp-json\/wp\/v2\/media\/75796"}],"wp:attachment":[{"href":"https:\/\/www.fedaiisf.it\/en\/wp-json\/wp\/v2\/media?parent=75790"}],"wp:term":[{"taxonomy":"category","embeddable":true,"href":"https:\/\/www.fedaiisf.it\/en\/wp-json\/wp\/v2\/categories?post=75790"},{"taxonomy":"post_tag","embeddable":true,"href":"https:\/\/www.fedaiisf.it\/en\/wp-json\/wp\/v2\/tags?post=75790"}],"curies":[{"name":"wp","href":"https:\/\/api.w.org\/{rel}","templated":true}]}}