{"id":7587,"date":"2015-01-27T20:24:41","date_gmt":"2015-01-27T19:24:41","guid":{"rendered":"http:\/\/www.fedaiisf.it\/?p=7587"},"modified":"2015-01-27T20:33:49","modified_gmt":"2015-01-27T19:33:49","slug":"il-silenzioso-successo-della-farmaceutica-italiana","status":"publish","type":"post","link":"https:\/\/www.fedaiisf.it\/en\/il-silenzioso-successo-della-farmaceutica-italiana\/","title":{"rendered":"Il silenzioso successo della farmaceutica italiana"},"content":{"rendered":"<p><em>Sembra incredibile ma negli anni della Grande Crisi \u00e8 nato una sorta di made in Italy farmaceutico che ha avuto i suoi punti di forza nella competizione tra stranieri e italiani, nelle risorse umane, nella qualit\u00e0 dell\u2019indotto e nelle fabbriche.\u00a0\u00c8 il settore che a livello mondiale \u00e8 cresciuto di pi\u00f9 sul fronte delle esportazioni. Ecco i suoi punti di forza<\/em><\/p>\n<p><a href=\"http:\/\/www.corriere.it\/economia\/finanza_e_risparmio\/notizie\/silenzioso-successo-farmaceutica-italiana-5111244e-a617-11e4-96ea-4beaab57491a.shtml\" target=\"_blank\" rel=\"noopener\">di\u00a0Dario Di Vico &#8211; 27 gennaio 2015 &#8211;<em> CORRIERE DELLA SERA<\/em> FINANZA E RISPARMIO<\/a><\/p>\n<p><img decoding=\"async\" class=\"aligncenter\" alt=\"\" src=\"http:\/\/www.corriere.it\/methode_image\/2015\/01\/27\/Speciali\/Foto%20Speciali\/farmaceutica-italiana_libera.jpg?v=201501271841\" \/><\/p>\n<div>\n<p>La farmaceutica italiana viene da anni straordinari nei quali, senza che nessuno lo avesse previsto fino in fondo, sono avvenute almeno tre cose importanti. La prima: le multinazionali hanno scelto di investire sull\u2019Italia e di considerare i nostri stabilimenti come approdo degli aumenti di produzione decisi a livello-mondo.<\/p>\n<\/div>\n<div>\n<p>La seconda: le principali aziende italiane, molte di cui a propriet\u00e0 familiare, sono cresciute significativamente all\u2019estero.<\/p>\n<\/div>\n<div>\n<p>La terza: oltre il 70% della produzione complessiva si \u00e8 diretta all\u2019estero e l\u2019Italia \u00e8 stato il Paese al mondo che negli ultimi anni ha fatto registrare la maggiore crescita delle esportazioni.<\/p>\n<\/div>\n<div>\n<p>Sembra incredibile ma negli anni della Grande Crisi \u00e8 nato una sorta di made in Italy farmaceutico che ha avuto i suoi punti di forza nella competizione tra stranieri e italiani, nelle risorse umane, nella qualit\u00e0 dell\u2019indotto e nelle fabbriche capaci di standard molto elevati di sicurezza. Il tasso di utilizzo degli impianti in questi ultimi 5 anni (di recessione) \u00e8 cresciuto dal 70 al 78%. La distribuzione sul territorio nazionale di queste insediamenti produttivi \u00e8 singolare e differente da quella dei settori trainanti del made in Italy, infatti Milano vince per numero di addetti ma non per valore delle esportazioni dove primeggia Latina e possono vantare una presenza rilevante province come Frosinone e Ascoli Piceno.<\/p>\n<p>( &#8230; <a href=\"http:\/\/www.corriere.it\/economia\/finanza_e_risparmio\/notizie\/silenzioso-successo-farmaceutica-italiana-5111244e-a617-11e4-96ea-4beaab57491a.shtml\" target=\"_blank\" rel=\"noopener\">continues<\/a>)<\/p>\n<p><i>Related news<\/i>: <a href=\"http:\/\/www.fedaiisf.it\/en\/big-pharma-le-grandi-sfide-tra-etica-e-profitto\/\" target=\"_blank\"><strong>Big Pharma. The great challenges between \u201cethics and profit\u201d<\/strong>.<\/a> L<strong>\u2018occupazione del settore ha avuto un<\/strong><b>\u00a0<\/b><strong><a href=\"http:\/\/www.fedaiisf.it\/en\/scaccabarozzi-farmindustria-svolta-nellindustria-farmaceutica-loccupazione-e-tornata-crescere\/\" target=\"_blank\">balzo in avanti di 3.000 unit\u00e0<\/a><\/strong>. Erano anni che, nonostante un aumento costante del valore della produzione, passato da 23,769 a 27,611 miliardi di euro tra il 2008 e il 2013, il numero dei lavoratori diminuiva.<\/p>\n<p>L\u2019aumento del 2014 riporta le lancette indietro di tre anni (65.000), ma ben lontano dai numeri precedenti e soprattutto dal 2006 quando il numero di personale occupato nel settore farmaceutico sfiorava le 75.000 unit\u00e0. Ma per le imprese del farmaco questi sono stati anni d\u2019oro anche in borsa.<\/p>\n<p><strong><a href=\"http:\/\/www.fedaiisf.it\/en\/persi-13400-posti-di-lavoro-in-sette-anni-il-sindacato-tra-incudine-e-martello\/\" target=\"_blank\">13,400 jobs lost in seven years. The union between a rock and a hard place<\/a><\/strong><\/p>\n<\/div>","protected":false},"excerpt":{"rendered":"<p>Sembra incredibile ma negli anni della Grande Crisi \u00e8 nato una sorta di made in Italy farmaceutico che ha avuto i suoi punti di forza nella competizione tra stranieri e italiani, nelle risorse umane, nella qualit\u00e0 dell\u2019indotto e nelle fabbriche.\u00a0\u00c8 il settore che a livello mondiale \u00e8 cresciuto di pi\u00f9 sul fronte delle esportazioni. Ecco &hellip;<\/p>","protected":false},"author":4,"featured_media":3339,"comment_status":"closed","ping_status":"closed","sticky":false,"template":"","format":"standard","meta":{"footnotes":""},"categories":[1],"tags":[47,50],"class_list":["post-7587","post","type-post","status-publish","format-standard","has-post-thumbnail","hentry","category-notizie","tag-big-pharma","tag-farmindustria"],"amp_enabled":true,"_links":{"self":[{"href":"https:\/\/www.fedaiisf.it\/en\/wp-json\/wp\/v2\/posts\/7587","targetHints":{"allow":["GET"]}}],"collection":[{"href":"https:\/\/www.fedaiisf.it\/en\/wp-json\/wp\/v2\/posts"}],"about":[{"href":"https:\/\/www.fedaiisf.it\/en\/wp-json\/wp\/v2\/types\/post"}],"author":[{"embeddable":true,"href":"https:\/\/www.fedaiisf.it\/en\/wp-json\/wp\/v2\/users\/4"}],"replies":[{"embeddable":true,"href":"https:\/\/www.fedaiisf.it\/en\/wp-json\/wp\/v2\/comments?post=7587"}],"version-history":[{"count":0,"href":"https:\/\/www.fedaiisf.it\/en\/wp-json\/wp\/v2\/posts\/7587\/revisions"}],"wp:featuredmedia":[{"embeddable":true,"href":"https:\/\/www.fedaiisf.it\/en\/wp-json\/wp\/v2\/media\/3339"}],"wp:attachment":[{"href":"https:\/\/www.fedaiisf.it\/en\/wp-json\/wp\/v2\/media?parent=7587"}],"wp:term":[{"taxonomy":"category","embeddable":true,"href":"https:\/\/www.fedaiisf.it\/en\/wp-json\/wp\/v2\/categories?post=7587"},{"taxonomy":"post_tag","embeddable":true,"href":"https:\/\/www.fedaiisf.it\/en\/wp-json\/wp\/v2\/tags?post=7587"}],"curies":[{"name":"wp","href":"https:\/\/api.w.org\/{rel}","templated":true}]}}