{"id":75975,"date":"2024-04-03T17:42:07","date_gmt":"2024-04-03T15:42:07","guid":{"rendered":"https:\/\/www.fedaiisf.it\/?p=75975"},"modified":"2024-04-09T19:06:15","modified_gmt":"2024-04-09T17:06:15","slug":"comunicato-rsu-angelini-riaperto-lo-stato-di-agitazione-a-causa-della-riproposizione-del-progetto-stem","status":"publish","type":"post","link":"https:\/\/www.fedaiisf.it\/en\/comunicato-rsu-angelini-riaperto-lo-stato-di-agitazione-a-causa-della-riproposizione-del-progetto-stem\/","title":{"rendered":"Comunicato RSU Angelini. Riaperto lo stato di agitazione a causa della riproposizione del progetto STEM"},"content":{"rendered":"<p style=\"font-weight: 400;\"><span style=\"color: #000000; font-size: 14pt;\">La RSU Angelini Pharma, congiuntamente alle Segreterie Territoriali di Roma e del Lazio FILCTEM CGIL, FEMCA CISL, UILTEC UIL, comunica che a distanza di un anno si trova costretta a riaprire lo stato di agitazione per la riproposizione aziendale del progetto STEM che contempla l\u2019affiancamento degli ISF.<\/span><\/p>\n<p style=\"font-weight: 400;\"><span style=\"color: #000000; font-size: 14pt;\">\u00a0Ribadendo la propria disponibilit\u00e0 ad ulteriori confronti, la \u00a0delegazione sindacale precisa che, pur non opponendosi a tale progetto, ha sempre contestato l\u2019affiancamento all\u2019ISF durante l\u2019informazione scientifica portata al medico. Ad un anno di distanza dall\u2019attuazione del progetto STEM, non sono emersi benefici significativi tali da giustificarne un\u2019ulteriore riproposizione.<\/span><\/p>\n<p style=\"font-weight: 400;\"><span style=\"color: #000000; font-size: 14pt;\">Ribadiamo, inoltre, il netto dissenso all\u2019inserimento, anche se in forma indiretta, dell\u2019analisi dei dati vendita in forma scritta nei criteri di valutazione, in quanto palesemente non attribuibili alle mansioni dell\u2019ISF.<\/span><\/p>\n<p style=\"font-weight: 400;\"><span style=\"color: #000000; font-size: 14pt;\">Pertanto, questa delegazione sindacale conferma la \u00a0disponibilit\u00e0 a perseguire strategie che diano benefici all\u2019Azienda e ai colleghi, \u00a0sempre nel quadro delle normative contemplate nel Dgls 219\/2006, nelle Linee Guida dei Regolamenti Regionali dell\u2019Informazione Scientifica \u00a0(Conferenza delle Regioni e delle Province Autonome, art.5) e nel CCNL Chimico Farmaceutico.<\/span><\/p>\n<p style=\"font-weight: 400;\"><span style=\"color: #000000; font-size: 14pt;\">Confidando in una matura evoluzione delle Relazioni Industriali, come da tradizione Angelini, auspichiamo una rapida riapertura del tavolo sindacale.<\/span><\/p>\n<p style=\"font-weight: 400;\"><span style=\"color: #000000; font-size: 14pt;\"><strong>Segreterie Territoriali di Roma e del Lazio\u00a0\u00a0\u00a0\u00a0\u00a0\u00a0\u00a0\u00a0\u00a0\u00a0\u00a0\u00a0\u00a0\u00a0\u00a0\u00a0\u00a0\u00a0\u00a0\u00a0\u00a0\u00a0\u00a0\u00a0\u00a0\u00a0\u00a0\u00a0\u00a0\u00a0 \u00a0\u00a0 <\/strong><\/span><\/p>\n<p style=\"font-weight: 400;\"><span style=\"color: #000000; font-size: 14pt;\">\u00a0FILCTEM CGIL\u00a0 \u00a0\u00a0\u00a0\u00a0FEMCA CISL\u00a0\u00a0 UILTEC UIL<\/span><\/p>\n<ol>\n<li style=\"font-weight: 400;\"><span style=\"color: #000000; font-size: 14pt;\">Attimonelli P. Galli R. Heyden<\/span><\/li>\n<li style=\"font-weight: 400;\"><span style=\"color: #000000; font-size: 14pt;\">MoltoniC. Sergianni<\/span><\/li>\n<\/ol>\n<p style=\"font-weight: 400;\"><span style=\"color: #000000; font-size: 14pt;\"><strong>Rsu del Personale Esterno di Angelini Pharma<\/strong><\/span><\/p>\n<hr \/>\n<p><em>Comunicato giunto in Redazione il 3 aprile 2024<\/em><\/p>\n<hr \/>\n<p>Nota della Redazione:<\/p>\n<p>Dal sito STEM<\/p>\n<p><a href=\"https:\/\/www.stemhealthcare.com\/what-we-do\/\" target=\"_blank\" rel=\"noopener\">STEM. Cosa facciamo.<\/a><br \/>\n<em>Ti aiutiamo a migliorare le prestazioni, scoprire un vantaggio competitivo e ottenere una crescita delle vendite a due cifre con una profonda conoscenza del settore, benchmarking e una metodologia comprovata per il successo.<\/em><\/p>\n<p><em>Eccelliamo nello scomporre i punti di contatto critici lungo tutto il ciclo di vita per identificare le cause profonde e consigliare azioni ad alto impatto per favorire un maggiore coinvolgimento dei clienti, un ritorno sull&#8217;investimento e garantire che i farmaci di livello mondiale raggiungano i pazienti giusti.<\/em><\/p>\n<p><em>Le nostre soluzioni massimizzano la strategia e l&#8217;esecuzione in ogni fase del ciclo di vita del prodotto.<\/em><br \/>\n<em>Analizziamo i punti di contatto critici nel ciclo di vendita per identificare le cause profonde. Ti forniremo raccomandazioni attuabili e di grande impatto in modo che tu possa aumentare il coinvolgimento dei clienti, il ritorno sull&#8217;investimento e garantire che i farmaci giusti raggiungano i pazienti giusti.<\/em><\/p>\n<p><em>STEM ti aiuta a capire il \u201cperch\u00e9\u201d dietro la variazione delle prestazioni nella tua organizzazione.<\/em><br \/>\n<em>Grazie al punto di vista di un esperto e a solidi dati di benchmarking, possiamo fornirti analisi delle cause profonde, approfondimenti sulla concorrenza e metodi esperti del settore per vincere. I nostri esperti del settore aiutano tutti nella tua organizzazione, dai dirigenti e stakeholder ai singoli team sul campo, a fare di pi\u00f9 di ci\u00f2 che funziona per raggiungere il loro massimo potenziale.<\/em><\/p>\n<p><em>Source <a href=\"https:\/\/www.stemhealthcare.com\/what-we-do\/\" target=\"_blank\" rel=\"noopener\">STEM<\/a><\/em><\/p>\n<p style=\"text-align: center;\">____________________________<\/p>\n<p>Dalla <a href=\"https:\/\/www.fedaiisf.it\/wp-content\/uploads\/2021\/03\/AIFA-Lettra-Dr.-Magrini-su-affiancamento-ISF_signed.pdf\" target=\"_blank\" rel=\"noopener\">dichiarazione del Dr. Magrini<\/a><\/p>\n<p>&#8211; la figura professionale legittimata dalla norma a fornire al medico l&#8217;informazione sui medicinali \u00e8 esclusivamente quella dell\u2019informatore scientifico;<\/p>\n<div>\n<p>&#8211; l\u2019art. 122 rubricato \u201cRequisiti e attivit\u00e0 degli informatori scientifici\u201d non prevede, per l\u2019espletamento di tale attivit\u00e0, nessuna ulteriore figura professionale con funzione di supporto;<br \/>\n&#8211; l\u2019attivit\u00e0 professionale di informatore scientifico richiede il possesso di determinati requisiti;<br \/>\n&#8211; tale attivit\u00e0 scientifica \u00e8 svolta sulla base di un rapporto di lavoro instaurato con un&#8217;unica impresa farmaceutica (diversamente i consulenti in questione parrebbero dipendere da non meglio precisate \u201csociet\u00e0 esterne\u201d o \u201cagenzie\u201d).<\/p>\n<\/div>\n<div>\n<p>Giova al riguardo richiamare altres\u00ec l\u2019art. 5 della \u201cLinee guida di regolamento regionale dell&#8217;informazione scientifica sul farmaco\u201d emanate dalla Conferenza Stato \u2013 Regioni in data 20\/04\/2006 ove afferma che<span class=\"apple-converted-space\">\u00a0<\/span><strong><u>\u201cGli ISF devono svolgere la loro attivit\u00e0 presso i medici da soli; la presenza del capoarea o di altre figure professionali non correlate all&#8217;attivit\u00e0 di informazione scientifica, \u00e8 ammessa solo per funzioni diverse dalla informazione scientifica\u201d.<\/u><\/strong><\/p>\n<\/div>\n<div>\n<p>Pertanto, obiettivo di tali disposizioni \u00e8 senz\u2019altro quello di tutelare la salute, garantendo la libert\u00e0 dei contenuti della informazione scientifica, di cui costituisce un corollario insopprimibile il rapporto diretto tra l&#8217;informatore scientifico ed il medico, rapporto che deve sempre svolgersi in piena libert\u00e0 ed autonomia.<\/p>\n<\/div>\n<div>\n<p>Dr Nicola Magrini<\/p>\n<p>Source: <a href=\"https:\/\/www.fedaiisf.it\/wp-content\/uploads\/2021\/03\/AIFA-Lettra-Dr.-Magrini-su-affiancamento-ISF_signed.pdf\" target=\"_blank\" rel=\"noopener\">Lettera Dr. Magrini, ex DG AIFA<\/a><\/p>\n<\/div>\n<p>&nbsp;<\/p>","protected":false},"excerpt":{"rendered":"<p>La RSU Angelini Pharma, congiuntamente alle Segreterie Territoriali di Roma e del Lazio FILCTEM CGIL, FEMCA CISL, UILTEC UIL, comunica che a distanza di un anno si trova costretta a riaprire lo stato di agitazione per la riproposizione aziendale del progetto STEM che contempla l\u2019affiancamento degli ISF. \u00a0Ribadendo la propria disponibilit\u00e0 ad ulteriori confronti, la &hellip;<\/p>","protected":false},"author":4,"featured_media":75982,"comment_status":"closed","ping_status":"closed","sticky":false,"template":"","format":"standard","meta":{"footnotes":""},"categories":[16],"tags":[227,21,44],"class_list":["post-75975","post","type-post","status-publish","format-standard","has-post-thumbnail","hentry","category-primo-piano","tag-comunicato","tag-informatori-scientifici","tag-sindacati"],"amp_enabled":true,"_links":{"self":[{"href":"https:\/\/www.fedaiisf.it\/en\/wp-json\/wp\/v2\/posts\/75975","targetHints":{"allow":["GET"]}}],"collection":[{"href":"https:\/\/www.fedaiisf.it\/en\/wp-json\/wp\/v2\/posts"}],"about":[{"href":"https:\/\/www.fedaiisf.it\/en\/wp-json\/wp\/v2\/types\/post"}],"author":[{"embeddable":true,"href":"https:\/\/www.fedaiisf.it\/en\/wp-json\/wp\/v2\/users\/4"}],"replies":[{"embeddable":true,"href":"https:\/\/www.fedaiisf.it\/en\/wp-json\/wp\/v2\/comments?post=75975"}],"version-history":[{"count":10,"href":"https:\/\/www.fedaiisf.it\/en\/wp-json\/wp\/v2\/posts\/75975\/revisions"}],"predecessor-version":[{"id":75989,"href":"https:\/\/www.fedaiisf.it\/en\/wp-json\/wp\/v2\/posts\/75975\/revisions\/75989"}],"wp:featuredmedia":[{"embeddable":true,"href":"https:\/\/www.fedaiisf.it\/en\/wp-json\/wp\/v2\/media\/75982"}],"wp:attachment":[{"href":"https:\/\/www.fedaiisf.it\/en\/wp-json\/wp\/v2\/media?parent=75975"}],"wp:term":[{"taxonomy":"category","embeddable":true,"href":"https:\/\/www.fedaiisf.it\/en\/wp-json\/wp\/v2\/categories?post=75975"},{"taxonomy":"post_tag","embeddable":true,"href":"https:\/\/www.fedaiisf.it\/en\/wp-json\/wp\/v2\/tags?post=75975"}],"curies":[{"name":"wp","href":"https:\/\/api.w.org\/{rel}","templated":true}]}}