{"id":76050,"date":"2024-04-10T05:58:43","date_gmt":"2024-04-10T03:58:43","guid":{"rendered":"https:\/\/www.fedaiisf.it\/?p=76050"},"modified":"2024-04-21T17:04:13","modified_gmt":"2024-04-21T15:04:13","slug":"novartis-tagliera-almeno-400-posti-di-lavoro-in-svizzera","status":"publish","type":"post","link":"https:\/\/www.fedaiisf.it\/en\/novartis-tagliera-almeno-400-posti-di-lavoro-in-svizzera\/","title":{"rendered":"Novartis taglier\u00e0 almeno 400 posti di lavoro in Svizzera"},"content":{"rendered":"<p class=\"text-neutral-700 font-light leading-normal text-xl xl:text-2xl\">Le attivit\u00e0 di ricerca non saranno influenzate, garantisce la multinazionale farmaceutica<\/p>\n<p><a href=\"https:\/\/www.rsi.ch\/info\/svizzera\/Novartis-taglier\u00e0-almeno-400-posti-di-lavoro-in-Svizzera--2118509.html\" target=\"_blank\" rel=\"noopener\">RSI Radio televisione svizzera \u00a0&#8211; 9 aprile 2024<\/a><\/p>\n<p>Novartis ha annunciato una significativa ristrutturazione delle sue attivit\u00e0 di sviluppo, che porter\u00e0 alla perdita di 400-440 posti di lavoro in Svizzera e 240 negli Stati Uniti nel corso dei prossimi due o tre anni. Attualmente i dipendenti della multinazionale nel nostro Paese (ndr: <em>Swiss<\/em>) sono 10\u2019400 &#8211; di cui 3\u2019000 attivi nello sviluppo &#8211; e oltre 76\u2019000 a livello globale.<\/p>\n<div id=\"20872d06-b299-4f56-8ab2-f7dc7e9d3959\" class=\"c-article-paragraph u-article-paragraph c-article-body_item\">\n<div>\n<p>Questa mossa dovrebbe ridurre la forza lavoro elvetica del gruppo a meno del 13%, rispetto alla media del 10-11% registrata negli ultimi anni. La riorganizzazione dell\u2019azienda renana mira a ottimizzare l\u2019operativit\u00e0 concentrando le risorse in siti strategici e rafforzando i centri d\u2019innovazione, soprattutto a Basilea, dove il gigante farmaceutico prevede di assumere una quarantina di persone. Nel comunicato stampa di oggi (marted\u00ec), il laboratorio specifica che le attivit\u00e0 di ricerca non saranno interessate da queste misure.<\/p>\n<\/div>\n<\/div>\n<hr \/>\n<p><span style=\"font-size: 22px; font-weight: bold;\">IL MOTIVO DEI TAGLI<\/span><\/p>\n<div>\n<div class=\"row-comps\">\n<div class=\"paragraph comps\">\n<p>Dopo aver gi\u00e0 concentrato le sue attivit\u00e0 esclusivamente sui farmaci originali (con lo scorporo di Sandoz), la multinazionale renana spiega che con questa ristrutturazione vuole ora ottimizzare la sua struttura operativa, in particolare riallocando le risorse. L&#8217;operazione sar\u00e0 accompagnata da una concentrazione delle attivit\u00e0 nelle unit\u00e0 in cui Novartis ha gi\u00e0 una sufficiente massa critica, come Slovenia, Austria e India, e da un rafforzamento dei centri di innovazione, in particolare a Basilea. (Fonte: <a href=\"https:\/\/www.ticinonews.ch\/svizzera\/novartis-tagliera-almeno-400-impieghi-in-svizzera-entro-il-2027-393002\" target=\"_blank\" rel=\"noopener\">Ticino News<\/a>)<\/p>\n<\/div>\n<\/div>\n<\/div>\n<p>&nbsp;<\/p>\n<p>&nbsp;<\/p>\n<p>&nbsp;<\/p>","protected":false},"excerpt":{"rendered":"<p>Le attivit\u00e0 di ricerca non saranno influenzate, garantisce la multinazionale farmaceutica RSI Radio televisione svizzera \u00a0&#8211; 9 aprile 2024 Novartis ha annunciato una significativa ristrutturazione delle sue attivit\u00e0 di sviluppo, che porter\u00e0 alla perdita di 400-440 posti di lavoro in Svizzera e 240 negli Stati Uniti nel corso dei prossimi due o tre anni. Attualmente &hellip;<\/p>","protected":false},"author":4,"featured_media":76054,"comment_status":"closed","ping_status":"closed","sticky":false,"template":"","format":"standard","meta":{"footnotes":""},"categories":[16],"tags":[27,117],"class_list":["post-76050","post","type-post","status-publish","format-standard","has-post-thumbnail","hentry","category-primo-piano","tag-licenziati","tag-svizzera"],"amp_enabled":true,"_links":{"self":[{"href":"https:\/\/www.fedaiisf.it\/en\/wp-json\/wp\/v2\/posts\/76050","targetHints":{"allow":["GET"]}}],"collection":[{"href":"https:\/\/www.fedaiisf.it\/en\/wp-json\/wp\/v2\/posts"}],"about":[{"href":"https:\/\/www.fedaiisf.it\/en\/wp-json\/wp\/v2\/types\/post"}],"author":[{"embeddable":true,"href":"https:\/\/www.fedaiisf.it\/en\/wp-json\/wp\/v2\/users\/4"}],"replies":[{"embeddable":true,"href":"https:\/\/www.fedaiisf.it\/en\/wp-json\/wp\/v2\/comments?post=76050"}],"version-history":[{"count":3,"href":"https:\/\/www.fedaiisf.it\/en\/wp-json\/wp\/v2\/posts\/76050\/revisions"}],"predecessor-version":[{"id":76053,"href":"https:\/\/www.fedaiisf.it\/en\/wp-json\/wp\/v2\/posts\/76050\/revisions\/76053"}],"wp:featuredmedia":[{"embeddable":true,"href":"https:\/\/www.fedaiisf.it\/en\/wp-json\/wp\/v2\/media\/76054"}],"wp:attachment":[{"href":"https:\/\/www.fedaiisf.it\/en\/wp-json\/wp\/v2\/media?parent=76050"}],"wp:term":[{"taxonomy":"category","embeddable":true,"href":"https:\/\/www.fedaiisf.it\/en\/wp-json\/wp\/v2\/categories?post=76050"},{"taxonomy":"post_tag","embeddable":true,"href":"https:\/\/www.fedaiisf.it\/en\/wp-json\/wp\/v2\/tags?post=76050"}],"curies":[{"name":"wp","href":"https:\/\/api.w.org\/{rel}","templated":true}]}}