{"id":76165,"date":"2024-04-21T12:44:49","date_gmt":"2024-04-21T10:44:49","guid":{"rendered":"https:\/\/www.fedaiisf.it\/?p=76165"},"modified":"2024-04-21T12:46:49","modified_gmt":"2024-04-21T10:46:49","slug":"napoli-la-solidarieta-corre-con-le-gambe-aiisf","status":"publish","type":"post","link":"https:\/\/www.fedaiisf.it\/en\/napoli-la-solidarieta-corre-con-le-gambe-aiisf\/","title":{"rendered":"Napoli. La solidariet\u00e0 corre con le gambe AIISF"},"content":{"rendered":"<p style=\"font-weight: 400;\"><span style=\"font-size: 14pt; color: #000000;\">Oggi la solidariet\u00e0 ha corso con le nostre gambe. Un gruppo di amici della sezione AIISF di <img loading=\"lazy\" decoding=\"async\" class=\"size-full wp-image-76170 alignright\" src=\"https:\/\/www.fedaiisf.it\/wp-content\/uploads\/2024\/04\/Senza-titolo.png\" alt=\"\" width=\"482\" height=\"360\" srcset=\"https:\/\/www.fedaiisf.it\/wp-content\/uploads\/2024\/04\/Senza-titolo.png 482w, https:\/\/www.fedaiisf.it\/wp-content\/uploads\/2024\/04\/Senza-titolo-300x224.png 300w, https:\/\/www.fedaiisf.it\/wp-content\/uploads\/2024\/04\/Senza-titolo-16x12.png 16w\" sizes=\"auto, (max-width: 482px) 100vw, 482px\" \/>Napoli, Federata Fedaiisf, ha partecipato alla \u201dWALK OF LIFE\u201d la gara Telethon, che quest&#8217;anno\u00a0 lancia\u00a0 il motto &#8220;<em>La solidariet\u00e0 corre veloce!<\/em>&#8220;.<\/span><\/p>\n<p style=\"font-weight: 400;\"><span style=\"font-size: 14pt; color: #000000;\">Ogni passo fatto insieme \u00e8 un contributo prezioso per sostenere la ricerca scientifica e migliorare la vita di chi combatte contro malattie genetiche rare. E insieme si pu\u00f2 fare la differenza! AIISF Napoli \u00e8 orgogliosa di essere solidale attraverso la sua presenza che contribuisce a\u00a0 donare speranza, supporto e risorse a chi ne ha pi\u00f9 bisogno per superare ogni forma di barriera e raggiungere, passo dopo passo, traguardi che cambieranno\u00a0vite.<\/span><\/p>\n<p style=\"font-weight: 400;\"><span style=\"font-size: 14pt; color: #000000;\">Un ringraziamento agli amici che hanno partecipato e uno speciale ai podisti\u00a0 della squadra &#8220;Amatori Vesuvio&#8221; di cui fa parte la nostra Pamela, che hanno indossato ben volentieri gli adesivi <img loading=\"lazy\" decoding=\"async\" class=\"size-full wp-image-76171 alignleft\" src=\"https:\/\/www.fedaiisf.it\/wp-content\/uploads\/2024\/04\/Schermata-2024-04-21-alle-12.39.34.png\" alt=\"\" width=\"407\" height=\"155\" srcset=\"https:\/\/www.fedaiisf.it\/wp-content\/uploads\/2024\/04\/Schermata-2024-04-21-alle-12.39.34.png 407w, https:\/\/www.fedaiisf.it\/wp-content\/uploads\/2024\/04\/Schermata-2024-04-21-alle-12.39.34-300x114.png 300w, https:\/\/www.fedaiisf.it\/wp-content\/uploads\/2024\/04\/Schermata-2024-04-21-alle-12.39.34-18x7.png 18w\" sizes=\"auto, (max-width: 407px) 100vw, 407px\" \/>della nostra sezione e che si sono ben posizionati nella gara competitiva\u00a0 dei 10km. <\/span><\/p>\n<p style=\"font-weight: 400;\"><span style=\"font-size: 14pt; color: #000000;\">Un applauso di incoraggiamento ai &#8220;passeggiatori&#8221; che hanno concluso con un buon tempo i loro 3 km di gara non competitiva. Ma quello che conta \u00e8 la vittoria della ricerca che oggi segna un tempo straordinario. In una Napoli solare e che sa rispondere sempre con entusiasmo quando la solidariet\u00e0 chiama a gran voce.<\/span><\/p>\n<p style=\"font-weight: 400;\"><span style=\"font-size: 14pt; color: #000000;\">Comunicato Direttivo AIISF Napoli<\/span><br \/>\n<span style=\"font-size: 14pt; color: #000000;\">\u00a0 \u00a0 \u00a0 \u00a0 \u00a0&#8211; \u00a0Federata Fedaiisf &#8211;<\/span><\/p>\n<hr \/>\n<p>Note.<\/p>\n<p><em>L<strong>a Walk of Life \u00e8 una corsa di solidariet\u00e0 nata nel 2012<\/strong> e subito entrata nel cuore di tutti noi. Ogni anno a Napoli in tanti si mettono in gioco per portare un messaggio di speranza alle persone che non si arrendono a una malattia genetica rara. Quanti pi\u00f9 sono a partecipare, tanto pi\u00f9 la ricerca pu\u00f2 arrivare velocemente al traguardo della cura! Quella di quest&#8217;anno \u00e8 la XI edizione. Tutti i partecipanti si sono riuniti nella bellissima location di Rotonda Diaz sul lungomare, per partire alle 9:00 seguendo il percorso scelto: una passeggiata non competitiva di 3 km o una corsa competitiva di 10 km.<\/em><\/p>\n<p>&nbsp;<\/p>","protected":false},"excerpt":{"rendered":"<p>Oggi la solidariet\u00e0 ha corso con le nostre gambe. Un gruppo di amici della sezione AIISF di Napoli, Federata Fedaiisf, ha partecipato alla \u201dWALK OF LIFE\u201d la gara Telethon, che quest&#8217;anno\u00a0 lancia\u00a0 il motto &#8220;La solidariet\u00e0 corre veloce!&#8220;. Ogni passo fatto insieme \u00e8 un contributo prezioso per sostenere la ricerca scientifica e migliorare la vita &hellip;<\/p>","protected":false},"author":4,"featured_media":76172,"comment_status":"closed","ping_status":"closed","sticky":false,"template":"","format":"standard","meta":{"footnotes":""},"categories":[1],"tags":[45],"class_list":["post-76165","post","type-post","status-publish","format-standard","has-post-thumbnail","hentry","category-notizie","tag-fedaiisf"],"amp_enabled":true,"_links":{"self":[{"href":"https:\/\/www.fedaiisf.it\/en\/wp-json\/wp\/v2\/posts\/76165","targetHints":{"allow":["GET"]}}],"collection":[{"href":"https:\/\/www.fedaiisf.it\/en\/wp-json\/wp\/v2\/posts"}],"about":[{"href":"https:\/\/www.fedaiisf.it\/en\/wp-json\/wp\/v2\/types\/post"}],"author":[{"embeddable":true,"href":"https:\/\/www.fedaiisf.it\/en\/wp-json\/wp\/v2\/users\/4"}],"replies":[{"embeddable":true,"href":"https:\/\/www.fedaiisf.it\/en\/wp-json\/wp\/v2\/comments?post=76165"}],"version-history":[{"count":6,"href":"https:\/\/www.fedaiisf.it\/en\/wp-json\/wp\/v2\/posts\/76165\/revisions"}],"predecessor-version":[{"id":76174,"href":"https:\/\/www.fedaiisf.it\/en\/wp-json\/wp\/v2\/posts\/76165\/revisions\/76174"}],"wp:featuredmedia":[{"embeddable":true,"href":"https:\/\/www.fedaiisf.it\/en\/wp-json\/wp\/v2\/media\/76172"}],"wp:attachment":[{"href":"https:\/\/www.fedaiisf.it\/en\/wp-json\/wp\/v2\/media?parent=76165"}],"wp:term":[{"taxonomy":"category","embeddable":true,"href":"https:\/\/www.fedaiisf.it\/en\/wp-json\/wp\/v2\/categories?post=76165"},{"taxonomy":"post_tag","embeddable":true,"href":"https:\/\/www.fedaiisf.it\/en\/wp-json\/wp\/v2\/tags?post=76165"}],"curies":[{"name":"wp","href":"https:\/\/api.w.org\/{rel}","templated":true}]}}